{"id":11123,"date":"2025-08-20T11:28:06","date_gmt":"2025-08-20T11:28:06","guid":{"rendered":"https:\/\/www.europesays.com\/fi\/11123\/"},"modified":"2025-08-20T11:28:06","modified_gmt":"2025-08-20T11:28:06","slug":"peter-franzen-esittaa-paaosaa-aku-louhimiehen-sotaelokuvassa-mukana-myos-saksalainen-nayttelijatahti","status":"publish","type":"post","link":"https:\/\/www.europesays.com\/fi\/11123\/","title":{"rendered":"Peter Franz\u00e9n esitt\u00e4\u00e4 p\u00e4\u00e4osaa Aku Louhimiehen sotaelokuvassa \u2013 Mukana my\u00f6s saksalainen n\u00e4yttelij\u00e4t\u00e4hti"},"content":{"rendered":"<p><strong>Aku Louhimiehen <\/strong>ohjaaman Lapin sota -elokuvan kuvaukset ovat alkaneet ja jatkuvat vuoden loppuun saakka.<\/p>\n<p>Elokuvaa kuvataan syksyn aikana Etel\u00e4-Suomessa ja Lapissa. P\u00e4\u00e4rooleissa esiintyv\u00e4t <strong>Peter Franz\u00e9n, Sannah Nederg\u00e5rd <\/strong>sek\u00e4 saksalainen <strong>Volker Bruch<\/strong>, joka tunnetaan Babylon Berlin -sarjasta. Muista n\u00e4yttelij\u00f6ist\u00e4 kerrotaan my\u00f6hemmin.<\/p>\n<p>Tuottaja <strong>Andrei Al\u00e9nin <\/strong>mukaan n\u00e4yttelij\u00e4valinnat tuovat elokuvaan sek\u00e4 autenttisuutta ett\u00e4 kansainv\u00e4lisyytt\u00e4. \u201dUskomme Lapin sota -elokuvan kiinnostavan my\u00f6s Suomen ulkopuolella. Volker Bruch ja my\u00f6hemmin julkistettavat kansainv\u00e4liset nimet tukevat t\u00e4t\u00e4 ajattelua\u201d, Al\u00e9n sanoo.<\/p>\n<p>Elokuva perustuu <strong>Antti Tuurin<\/strong> romaaniin Rauta-antura. K\u00e4sikirjoituksen ovat laatineet Tuuri ja Louhimies. Ensi-ilta on suunniteltu syksylle 2026. Elokuvan tuottaa Backman &amp; Hoderoff yhdess\u00e4 Nordisk Filmin kanssa, ja se on sisarteos Louhimiehen vuonna 2017 ohjaamalle Tuntemattomalle sotilaalle.<\/p>\n<p>Lue my\u00f6s: <a href=\"https:\/\/www.episodi.fi\/uutiset\/jalmari-helanderin-odotetusta-sisu-2-rymistelysta-julkaistiin-ensimmainen-kuva-katso\/\" title=\"Jalmari Helanderin odotetusta Sisu 2 -rymistelyst\u00e4 julkaistiin ensimm\u00e4inen kuva \u2013 katso\" class=\"underline-custom !font-montserrat !font-bold !underline-offset-4 !decoration-4 !decoration-episodi-blue !text-md\" rel=\"nofollow noopener\" target=\"_blank\">Jalmari Helanderin odotetusta Sisu 2 -rymistelyst\u00e4 julkaistiin ensimm\u00e4inen kuva \u2013 katso<\/a><\/p>\n<p>Franz\u00e9n esitti p\u00e4\u00e4osaa my\u00f6s vuoden 1999 Rukaj\u00e4rven tie -sotaelokuvassa, joka niin ik\u00e4\u00e4n perustui Tuurin romaaniin.<\/p>\n<p>Lapin sota -elokuvan yhteisty\u00f6kumppaneihin kuuluu useita suomalaisia ja kansainv\u00e4lisi\u00e4 toimijoita. Puolustusvoimat osallistuu tuotantoon ja haluaa korostaa veteraanien perinn\u00f6n kunnioittamista.<\/p>\n<p>Lue my\u00f6s: <a href=\"https:\/\/www.episodi.fi\/uutiskirje\" title=\"Tilaa Episodin uutiskirje ja tied\u00e4t mit\u00e4 katsoa! Nappaa tv-vinkit suoraan s\u00e4hk\u00f6postiin t\u00e4st\u00e4.\" class=\"underline-custom !font-montserrat !font-bold !underline-offset-4 !decoration-4 !decoration-episodi-blue !text-md\" rel=\"nofollow noopener\" target=\"_blank\">Tilaa Episodin uutiskirje ja tied\u00e4t mit\u00e4 katsoa! Nappaa katseluvinkit suoraan s\u00e4hk\u00f6postiin t\u00e4st\u00e4.<\/a><\/p>\n","protected":false},"excerpt":{"rendered":"Aku Louhimiehen ohjaaman Lapin sota -elokuvan kuvaukset ovat alkaneet ja jatkuvat vuoden loppuun saakka. Elokuvaa kuvataan syksyn aikana&hellip;\n","protected":false},"author":2,"featured_media":4103,"comment_status":"","ping_status":"","sticky":false,"template":"","format":"standard","meta":{"footnotes":""},"categories":[131],"tags":[155,137,33,173,31,30,172,32,109],"class_list":{"0":"post-11123","1":"post","2":"type-post","3":"status-publish","4":"format-standard","5":"has-post-thumbnail","7":"category-elokuvat","8":"tag-elokuvat","9":"tag-entertainment","10":"tag-fi","11":"tag-film","12":"tag-finland","13":"tag-finnish","14":"tag-movies","15":"tag-suomi","16":"tag-viihde"},"share_on_mastodon":{"url":"","error":""},"_links":{"self":[{"href":"https:\/\/www.europesays.com\/fi\/wp-json\/wp\/v2\/posts\/11123","targetHints":{"allow":["GET"]}}],"collection":[{"href":"https:\/\/www.europesays.com\/fi\/wp-json\/wp\/v2\/posts"}],"about":[{"href":"https:\/\/www.europesays.com\/fi\/wp-json\/wp\/v2\/types\/post"}],"author":[{"embeddable":true,"href":"https:\/\/www.europesays.com\/fi\/wp-json\/wp\/v2\/users\/2"}],"replies":[{"embeddable":true,"href":"https:\/\/www.europesays.com\/fi\/wp-json\/wp\/v2\/comments?post=11123"}],"version-history":[{"count":0,"href":"https:\/\/www.europesays.com\/fi\/wp-json\/wp\/v2\/posts\/11123\/revisions"}],"wp:featuredmedia":[{"embeddable":true,"href":"https:\/\/www.europesays.com\/fi\/wp-json\/wp\/v2\/media\/4103"}],"wp:attachment":[{"href":"https:\/\/www.europesays.com\/fi\/wp-json\/wp\/v2\/media?parent=11123"}],"wp:term":[{"taxonomy":"category","embeddable":true,"href":"https:\/\/www.europesays.com\/fi\/wp-json\/wp\/v2\/categories?post=11123"},{"taxonomy":"post_tag","embeddable":true,"href":"https:\/\/www.europesays.com\/fi\/wp-json\/wp\/v2\/tags?post=11123"}],"curies":[{"name":"wp","href":"https:\/\/api.w.org\/{rel}","templated":true}]}}