{"id":111230,"date":"2025-12-08T21:24:08","date_gmt":"2025-12-08T21:24:08","guid":{"rendered":"https:\/\/www.europesays.com\/fi\/111230\/"},"modified":"2025-12-08T21:24:08","modified_gmt":"2025-12-08T21:24:08","slug":"karttakuva-paljastaa-venalaiset-saartoivat-ukrainan-joukot","status":"publish","type":"post","link":"https:\/\/www.europesays.com\/fi\/111230\/","title":{"rendered":"Karttakuva paljastaa \u2013 ven\u00e4l\u00e4iset saartoivat Ukrainan joukot"},"content":{"rendered":"<p>Ven\u00e4j\u00e4 on valtaamassa Pokrovskin ja sen naapurikaupunki Myrnohradin, joka tosin edelleen on ukrainalaisten hallussa.<\/p>\n<p class=\"article-body mb-nof-24 px-nof-16\">Suomalaisen sotaa seuraavan Black Bird Groupin tilannekartassa Myrnohradin kaupunki Pokrovskin l\u00e4nsipuolella on merkitty saarretuksi. Muutos tapahtui 3. joulukuuta p\u00e4ivitetyss\u00e4 kartassa, joskin itse karttaa p\u00e4ivitet\u00e4\u00e4n viiveell\u00e4.<\/p>\n<p class=\"article-body mb-nof-24 px-nof-16\">\u2013\u2009Ven\u00e4l\u00e4iset ovat p\u00e4\u00e4sseet soluttautumaan Myrnohradin huoltoreiteille jo viikkojen ajan, mutta ukrainalaiset ovat koko ajan pystyneet sit\u00e4 kiist\u00e4m\u00e4\u00e4n ja tehneet jatkuvia vastahy\u00f6kk\u00e4yksi\u00e4, kertoo Black Bird Groupin asiantuntija <a class=\"article-personlink\" href=\"https:\/\/www.is.fi\/haku\/?query=Pasi%20Paroinen\" rel=\"nofollow noopener\" target=\"_blank\">Pasi Paroinen<\/a>.<\/p>\n<p class=\"article-body mb-nof-24 px-nof-16\">\u2013\u2009Nyt rupeaa n\u00e4ytt\u00e4m\u00e4\u00e4n koko ajan enemm\u00e4n silt\u00e4, ett\u00e4 kyll\u00e4 ukrainalaiset ovat siell\u00e4 saarroksissa. My\u00f6s se viesti, joka sielt\u00e4 tulee, kertoo suuremmasta ja suuremmasta ahdingosta. On pulaa perustarvikkeista ja haavoittuneiden evakuointi on vaikeaa.<\/p>\n<p><img decoding=\"async\" src=\"https:\/\/images.sanoma-sndp.fi\/199b239084314e70ea2bb686a52b7488.svg\" alt=\"\" class=\"_Img_1rerz_1\" style=\"aspect-ratio:1.3733333333333333\" loading=\"eager\"\/><\/p>\n<p class=\"article-body mb-nof-24 px-nof-16\">Paroisen arvion mukaan Myrnohradin puolustukseen osallistuu alle tuhat sotilasta. Saarrostuksen sis\u00e4ll\u00e4 on h\u00e4nen mukaansa joitakin satoja sotilaita.<\/p>\n<p class=\"article-body mb-nof-24 px-nof-16\">Myrnohrad on kenties yll\u00e4tt\u00e4en sinnitellyt ilman, ett\u00e4 Ven\u00e4j\u00e4 on p\u00e4\u00e4ssyt tunkeutumaan syv\u00e4lle kaupunkiin. Toisin on naapurikaupunki Pokrovskin kohdalla, jossa ukrainalaisten hallussa ovat en\u00e4\u00e4 kaupungin pohjoisosat.<\/p>\n<p class=\"article-body mb-nof-24 px-nof-16\">Paroisen mukaan on ep\u00e4selv\u00e4\u00e4, mink\u00e4 takia Myrnohrad on pystynyt sinnittelem\u00e4\u00e4n.<\/p>\n<p class=\"article-body mb-nof-24 px-nof-16\">\u2013\u2009Se on avoin kysymys, miksi se on kest\u00e4nyt n\u00e4inkin pitk\u00e4\u00e4n. Ainoa asia, joka ehk\u00e4 voisi selitt\u00e4\u00e4 on, ett\u00e4 siell\u00e4 on huomattavan kokoinen kaivos. Onko sinne sitten k\u00e4tketty kalustoa, ja sen takia kaupunki olisi p\u00e4\u00e4tynyt puolustuksen keskipisteeksi? Mutta t\u00e4st\u00e4 ei ole mit\u00e4\u00e4n konkreettista tietoa.<\/p>\n<p class=\"article-body mb-nof-24 px-nof-16\">Jo viime syksyn\u00e4 arvioitiin, ett\u00e4 Pokrovskin kaatuminen olisi ajan kysymys. Taistelussa n\u00e4htiin kuitenkin suvantovaihe viime talvena. Paroisen mukaan nyt on selv\u00e4\u00e4, ett\u00e4 Ven\u00e4j\u00e4 tulee valtaamaan kaupungin, mutta n\u00e4ht\u00e4v\u00e4ksi j\u00e4\u00e4, kuinka nopeasti.<\/p>\n<p class=\"article-body mb-nof-24 px-nof-16\">\u2013\u2009Kyll\u00e4 t\u00e4ss\u00e4 v\u00e4kisinkin k\u00e4yd\u00e4\u00e4n Pokrovskin ja Myrnohradin taistelun viimeisi\u00e4 hetki\u00e4. Sotilaallisesti tilanne on aika lailla mahdoton. Ven\u00e4l\u00e4isill\u00e4 on niin paljon voimaa keskitettyn\u00e4 sinne alueelle eiv\u00e4tk\u00e4 ukrainalaiset ole kyenneet vastahy\u00f6kk\u00e4yksill\u00e4\u00e4n ty\u00f6nt\u00e4m\u00e4\u00e4n ven\u00e4l\u00e4isi\u00e4 kokonaan pois.<\/p>\n<p class=\"article-body mb-nof-24 px-nof-16\">Paroisen mukaan ukrainalaiset ovat onnistuneet ostamaan aikaa ja viivytt\u00e4m\u00e4\u00e4n ven\u00e4l\u00e4isten etenemist\u00e4. Suuri kysymys kuitenkin on, ovatko ukrainalaisjoukot taistelukykyisi\u00e4 viel\u00e4 sen j\u00e4lkeen, kun Pokrovsk ja Myrnohrad menetet\u00e4\u00e4n.<\/p>\n<p class=\"article-body mb-nof-24 px-nof-16\">\u2013\u2009Sanoisin, ett\u00e4 riski siihen, ett\u00e4 rintama murtuisi tai luhistuisi on kuitenkin hyvin alhainen.<\/p>\n","protected":false},"excerpt":{"rendered":"Ven\u00e4j\u00e4 on valtaamassa Pokrovskin ja sen naapurikaupunki Myrnohradin, joka tosin edelleen on ukrainalaisten hallussa. Suomalaisen sotaa seuraavan Black&hellip;\n","protected":false},"author":2,"featured_media":111231,"comment_status":"","ping_status":"","sticky":false,"template":"","format":"standard","meta":{"footnotes":""},"categories":[14],"tags":[22,23,26,27,33,31,30,17,34,24,25,28,29,15,18,21,32,19,20,56,16,59,60,61],"class_list":{"0":"post-111230","1":"post","2":"type-post","3":"status-publish","4":"format-standard","5":"has-post-thumbnail","7":"category-ulkomaat","8":"tag-breaking-news","9":"tag-breakingnews","10":"tag-featured-news","11":"tag-featurednews","12":"tag-fi","13":"tag-finland","14":"tag-finnish","15":"tag-headlines","16":"tag-ilta-sanomat","17":"tag-latest-news","18":"tag-latestnews","19":"tag-main-news","20":"tag-mainnews","21":"tag-news","22":"tag-otsikot","23":"tag-paauutiset","24":"tag-suomi","25":"tag-top-stories","26":"tag-topstories","27":"tag-ulkomaat","28":"tag-uutiset","29":"tag-world","30":"tag-world-news","31":"tag-worldnews"},"share_on_mastodon":{"url":"https:\/\/pubeurope.com\/@fi\/115686058622062669","error":""},"_links":{"self":[{"href":"https:\/\/www.europesays.com\/fi\/wp-json\/wp\/v2\/posts\/111230","targetHints":{"allow":["GET"]}}],"collection":[{"href":"https:\/\/www.europesays.com\/fi\/wp-json\/wp\/v2\/posts"}],"about":[{"href":"https:\/\/www.europesays.com\/fi\/wp-json\/wp\/v2\/types\/post"}],"author":[{"embeddable":true,"href":"https:\/\/www.europesays.com\/fi\/wp-json\/wp\/v2\/users\/2"}],"replies":[{"embeddable":true,"href":"https:\/\/www.europesays.com\/fi\/wp-json\/wp\/v2\/comments?post=111230"}],"version-history":[{"count":0,"href":"https:\/\/www.europesays.com\/fi\/wp-json\/wp\/v2\/posts\/111230\/revisions"}],"wp:featuredmedia":[{"embeddable":true,"href":"https:\/\/www.europesays.com\/fi\/wp-json\/wp\/v2\/media\/111231"}],"wp:attachment":[{"href":"https:\/\/www.europesays.com\/fi\/wp-json\/wp\/v2\/media?parent=111230"}],"wp:term":[{"taxonomy":"category","embeddable":true,"href":"https:\/\/www.europesays.com\/fi\/wp-json\/wp\/v2\/categories?post=111230"},{"taxonomy":"post_tag","embeddable":true,"href":"https:\/\/www.europesays.com\/fi\/wp-json\/wp\/v2\/tags?post=111230"}],"curies":[{"name":"wp","href":"https:\/\/api.w.org\/{rel}","templated":true}]}}