{"id":111232,"date":"2025-12-08T21:25:11","date_gmt":"2025-12-08T21:25:11","guid":{"rendered":"https:\/\/www.europesays.com\/fi\/111232\/"},"modified":"2025-12-08T21:25:11","modified_gmt":"2025-12-08T21:25:11","slug":"jyvaskylassa-kadonnut-mies-loytyi-kunnossa-keski-suomi","status":"publish","type":"post","link":"https:\/\/www.europesays.com\/fi\/111232\/","title":{"rendered":"Jyv\u00e4skyl\u00e4ss\u00e4 kadonnut mies l\u00f6ytyi kunnossa | Keski-Suomi"},"content":{"rendered":"<p>Jyv\u00e4skyl\u00e4n Keljonkankaalta kadonnut 77-vuotias on l\u00f6ytynyt kunnossa, tiedottaa Sis\u00e4-Suomen poliisilaitos.<\/p>\n<p>Mies katosi maanantaina iltap\u00e4iv\u00e4n aikana.<\/p>\n<p>Poliisi kiitt\u00e4\u00e4 kansalaisia havainnoista.<\/p>\n<p>Juttua p\u00e4ivitetty 8.12. kello 22.52: juttu p\u00e4ivitetty kauttaaltaan kadonneen l\u00f6ydytty\u00e4.<\/p>\n","protected":false},"excerpt":{"rendered":"Jyv\u00e4skyl\u00e4n Keljonkankaalta kadonnut 77-vuotias on l\u00f6ytynyt kunnossa, tiedottaa Sis\u00e4-Suomen poliisilaitos. Mies katosi maanantaina iltap\u00e4iv\u00e4n aikana. Poliisi kiitt\u00e4\u00e4 kansalaisia&hellip;\n","protected":false},"author":2,"featured_media":49136,"comment_status":"","ping_status":"","sticky":false,"template":"","format":"standard","meta":{"footnotes":""},"categories":[12],"tags":[22,23,26,27,33,31,30,17,425,55,24,25,28,29,15,18,21,122,54,52,103,32,19,20,546,16],"class_list":{"0":"post-111232","1":"post","2":"type-post","3":"status-publish","4":"format-standard","5":"has-post-thumbnail","7":"category-suomi","8":"tag-breaking-news","9":"tag-breakingnews","10":"tag-featured-news","11":"tag-featurednews","12":"tag-fi","13":"tag-finland","14":"tag-finnish","15":"tag-headlines","16":"tag-jyvaskyla","17":"tag-lainvalvonta","18":"tag-latest-news","19":"tag-latestnews","20":"tag-main-news","21":"tag-mainnews","22":"tag-news","23":"tag-otsikot","24":"tag-paauutiset","25":"tag-pelastaminen","26":"tag-pelastuspalvelut","27":"tag-poliisi","28":"tag-sosiaalikysymykset","29":"tag-suomi","30":"tag-top-stories","31":"tag-topstories","32":"tag-turvallisuus","33":"tag-uutiset"},"share_on_mastodon":{"url":"https:\/\/pubeurope.com\/@fi\/115686062566334073","error":""},"_links":{"self":[{"href":"https:\/\/www.europesays.com\/fi\/wp-json\/wp\/v2\/posts\/111232","targetHints":{"allow":["GET"]}}],"collection":[{"href":"https:\/\/www.europesays.com\/fi\/wp-json\/wp\/v2\/posts"}],"about":[{"href":"https:\/\/www.europesays.com\/fi\/wp-json\/wp\/v2\/types\/post"}],"author":[{"embeddable":true,"href":"https:\/\/www.europesays.com\/fi\/wp-json\/wp\/v2\/users\/2"}],"replies":[{"embeddable":true,"href":"https:\/\/www.europesays.com\/fi\/wp-json\/wp\/v2\/comments?post=111232"}],"version-history":[{"count":0,"href":"https:\/\/www.europesays.com\/fi\/wp-json\/wp\/v2\/posts\/111232\/revisions"}],"wp:featuredmedia":[{"embeddable":true,"href":"https:\/\/www.europesays.com\/fi\/wp-json\/wp\/v2\/media\/49136"}],"wp:attachment":[{"href":"https:\/\/www.europesays.com\/fi\/wp-json\/wp\/v2\/media?parent=111232"}],"wp:term":[{"taxonomy":"category","embeddable":true,"href":"https:\/\/www.europesays.com\/fi\/wp-json\/wp\/v2\/categories?post=111232"},{"taxonomy":"post_tag","embeddable":true,"href":"https:\/\/www.europesays.com\/fi\/wp-json\/wp\/v2\/tags?post=111232"}],"curies":[{"name":"wp","href":"https:\/\/api.w.org\/{rel}","templated":true}]}}