{"id":111233,"date":"2025-12-08T21:26:09","date_gmt":"2025-12-08T21:26:09","guid":{"rendered":"https:\/\/www.europesays.com\/fi\/111233\/"},"modified":"2025-12-08T21:26:09","modified_gmt":"2025-12-08T21:26:09","slug":"raakkylan-kunnanjohtajan-erottamista-valmistellaan-ilta-sanomat","status":"publish","type":"post","link":"https:\/\/www.europesays.com\/fi\/111233\/","title":{"rendered":"R\u00e4\u00e4kkyl\u00e4n kunnanjohtajan erottamista valmistellaan &#8211; Ilta-Sanomat"},"content":{"rendered":"<p>P\u00e4\u00e4t\u00f6s valiokunnan perustamisesta syntyi yksimielisesti.<\/p>\n<p class=\"article-body mb-nof-24 px-nof-16\">R\u00e4\u00e4kkyl\u00e4n kunnanjohtaja <a class=\"article-personlink\" href=\"https:\/\/www.is.fi\/haku\/?query=Esko%20Rautiaisen\" rel=\"nofollow noopener\" target=\"_blank\">Esko Rautiaisen<\/a> irtisanomista valmistellaan, tiedottaa R\u00e4\u00e4kkyl\u00e4n kunnanvaltuusto.<\/p>\n<p class=\"article-body mb-nof-24 px-nof-16\">Irtisanomista valmistelee kunnanvaltuuston perustama tilap\u00e4inen valiokunta.<\/p>\n<p class=\"article-body mb-nof-24 px-nof-16\">Tiedotteen mukaan valiokunnan teht\u00e4v\u00e4n\u00e4 on arvioida, onko kunnanjohtaja menett\u00e4nyt valtuuston luottamuksen ja mik\u00e4 luottamuksen menett\u00e4misen peruste on.<\/p>\n<p class=\"article-body mb-nof-24 px-nof-16\">Tilap\u00e4inen valiokunta tekee p\u00e4\u00e4t\u00f6sehdotuksen valtuustolle asian selvitt\u00e4misen j\u00e4lkeen.<\/p>\n<p class=\"article-body mb-nof-24 px-nof-16\">Valiokunta perustettiin kunnanvaltuuston kokouksessa 8. joulukuuta, yksimielisell\u00e4 p\u00e4\u00e4t\u00f6ksell\u00e4.<\/p>\n<p class=\"article-body mb-nof-24 px-nof-16\">R\u00e4\u00e4kkyl\u00e4n kunnanjohtaja Esko Rautainen l\u00e4hetteli naisille kahteen otteeseen seksuaalis\u00ads\u00e4vytteisi\u00e4 viestej\u00e4. Ensin vuonna 2024, jolloin h\u00e4n sai asiasta varoituksen ja toisen kerran kuluvana vuonna.<\/p>\n<p class=\"article-body mb-nof-24 px-nof-16\">Kun Rautiaisen seksuaaliss\u00e4vytteiset viestit nousivat julkisuuteen ensimm\u00e4isen kerran, kunnanhallitus <a class=\"article-genericlink\" href=\"https:\/\/dynastyjulkaisu.pohjoiskarjala.net\/raakkyla\/kokous\/2024213-11.PDF\" rel=\"nofollow noopener\" target=\"_blank\">linjasi<\/a>, ett\u00e4 toinen varoitus tarkoittaisi irtisanomista.<\/p>\n<p class=\"article-body mb-nof-24 px-nof-16\">Kunnanvaltuuston puheenjohtaja <a class=\"article-personlink\" href=\"https:\/\/www.is.fi\/haku\/?query=Tapio%20H%C3%A4m%C3%A4l%C3%A4inen\" rel=\"nofollow noopener\" target=\"_blank\">Tapio H\u00e4m\u00e4l\u00e4inen<\/a> (vas) kertoi aiemmin puolestaan <a class=\"article-genericlink\" href=\"https:\/\/yle.fi\/a\/74-20197110\" rel=\"nofollow noopener\" target=\"_blank\">Ylelle<\/a>, ett\u00e4 Rautiainen irtisanotaan, jos h\u00e4n ei itse eroa.<\/p>\n<p class=\"article-body mb-nof-24 px-nof-16\">Rautiainen ei irtisanoutunut m\u00e4\u00e4r\u00e4aikaan menness\u00e4. T\u00e4m\u00e4n j\u00e4lkeen kunnanvaltuusto tiedotti, ett\u00e4 se esitt\u00e4\u00e4 valtuustolle tilap\u00e4isen valiokunnan asettamista kunnanjohtajan luottamuksen arvioimiseksi ja mahdolliseksi irtisanomiseksi.<\/p>\n<p class=\"article-body mb-nof-24 px-nof-16\">Rautiainen puolusteli l\u00e4hett\u00e4mi\u00e4\u00e4n viestej\u00e4\u00e4n <a class=\"article-genericlink\" href=\"https:\/\/www.karjalainen.fi\/paakirjoitus-mielipide\/9023749\" rel=\"nofollow noopener\" target=\"_blank\">Karjalaisessa<\/a>.<\/p>\n<p class=\"article-body mb-nof-24 px-nof-16\">\u2013 Se (kohu) on perustunut v\u00e4itteisiin \u201dh\u00e4rskiydest\u00e4\u201d, vaikka julkaisemissani viesteiss\u00e4 ei ole ollut alatyylist\u00e4 tai ket\u00e4\u00e4n objektivoivaa sis\u00e4lt\u00f6\u00e4. Viestit ovat olleet sanaleikillist\u00e4, tavallista somekeskustelua ja huumoria \u2013 samaa, jota pohjoiskarjalainen ja suomalainen arki on t\u00e4ynn\u00e4, pohjoiskarjalainen kunnanjohtaja toteaa maakuntalehden mielipidepalstalle tekem\u00e4ss\u00e4\u00e4n kirjoituksessa.<\/p>\n<p class=\"article-body mb-nof-24 px-nof-16\">Rautiainen perusteli Karjalaisessa toimintaansa seksuaalisuuden ilmaisulla, joka kuuluu h\u00e4nen mukaansa my\u00f6s kunnanjohtajalle.<\/p>\n<p class=\"article-body mb-nof-24 px-nof-16\">\u2013 Seksuaalisuus on osa ihmisyytt\u00e4, eik\u00e4 se katoa kenenk\u00e4\u00e4n virkanimikkeen my\u00f6t\u00e4. My\u00f6s kunnanjohtajalla on oikeus osallistua siihen liittyv\u00e4\u00e4n keskusteluun ja k\u00e4ytt\u00e4\u00e4 huumoriaan ilman, ett\u00e4 siit\u00e4 rakennetaan perusteettomia sensaatioita, kunnanjohtaja kirjoittaa Karjalaisessa.<\/p>\n<p class=\"article-body mb-nof-24 px-nof-16\">Rautiainen l\u00e4hetteli naisille osin seksuaaliss\u00e4vytteisi\u00e4 viestej\u00e4 kuukausien ajan Instagramin Threads-alustalla.<\/p>\n<p class=\"article-body mb-nof-24 px-nof-16\">Esimerkiksi yhdelle naiselle h\u00e4n puhui \u201desileikist\u00e4 ennen ejakulaatiota\u201d ja toiselta naiselta h\u00e4n kysyi \u201dmit\u00e4 pimpin heiluminen vatkatessa k\u00e4y ilmi\u201d.<\/p>\n","protected":false},"excerpt":{"rendered":"P\u00e4\u00e4t\u00f6s valiokunnan perustamisesta syntyi yksimielisesti. R\u00e4\u00e4kkyl\u00e4n kunnanjohtaja Esko Rautiaisen irtisanomista valmistellaan, tiedottaa R\u00e4\u00e4kkyl\u00e4n kunnanvaltuusto. Irtisanomista valmistelee kunnanvaltuuston perustama&hellip;\n","protected":false},"author":2,"featured_media":111234,"comment_status":"","ping_status":"","sticky":false,"template":"","format":"standard","meta":{"footnotes":""},"categories":[5],"tags":[22,23,26,27,33,31,30,17,34,24,25,28,29,15,18,21,32,19,20,16],"class_list":{"0":"post-111233","1":"post","2":"type-post","3":"status-publish","4":"format-standard","5":"has-post-thumbnail","7":"category-otsikot","8":"tag-breaking-news","9":"tag-breakingnews","10":"tag-featured-news","11":"tag-featurednews","12":"tag-fi","13":"tag-finland","14":"tag-finnish","15":"tag-headlines","16":"tag-ilta-sanomat","17":"tag-latest-news","18":"tag-latestnews","19":"tag-main-news","20":"tag-mainnews","21":"tag-news","22":"tag-otsikot","23":"tag-paauutiset","24":"tag-suomi","25":"tag-top-stories","26":"tag-topstories","27":"tag-uutiset"},"share_on_mastodon":{"url":"https:\/\/pubeurope.com\/@fi\/115686066278373681","error":""},"_links":{"self":[{"href":"https:\/\/www.europesays.com\/fi\/wp-json\/wp\/v2\/posts\/111233","targetHints":{"allow":["GET"]}}],"collection":[{"href":"https:\/\/www.europesays.com\/fi\/wp-json\/wp\/v2\/posts"}],"about":[{"href":"https:\/\/www.europesays.com\/fi\/wp-json\/wp\/v2\/types\/post"}],"author":[{"embeddable":true,"href":"https:\/\/www.europesays.com\/fi\/wp-json\/wp\/v2\/users\/2"}],"replies":[{"embeddable":true,"href":"https:\/\/www.europesays.com\/fi\/wp-json\/wp\/v2\/comments?post=111233"}],"version-history":[{"count":0,"href":"https:\/\/www.europesays.com\/fi\/wp-json\/wp\/v2\/posts\/111233\/revisions"}],"wp:featuredmedia":[{"embeddable":true,"href":"https:\/\/www.europesays.com\/fi\/wp-json\/wp\/v2\/media\/111234"}],"wp:attachment":[{"href":"https:\/\/www.europesays.com\/fi\/wp-json\/wp\/v2\/media?parent=111233"}],"wp:term":[{"taxonomy":"category","embeddable":true,"href":"https:\/\/www.europesays.com\/fi\/wp-json\/wp\/v2\/categories?post=111233"},{"taxonomy":"post_tag","embeddable":true,"href":"https:\/\/www.europesays.com\/fi\/wp-json\/wp\/v2\/tags?post=111233"}],"curies":[{"name":"wp","href":"https:\/\/api.w.org\/{rel}","templated":true}]}}