{"id":111238,"date":"2025-12-08T21:45:09","date_gmt":"2025-12-08T21:45:09","guid":{"rendered":"https:\/\/www.europesays.com\/fi\/111238\/"},"modified":"2025-12-08T21:45:09","modified_gmt":"2025-12-08T21:45:09","slug":"hiihto-rukalla-debytoinut-edward-limbaga-halutaan-heti-ulos-video-oli-viimeinen-pisara","status":"publish","type":"post","link":"https:\/\/www.europesays.com\/fi\/111238\/","title":{"rendered":"Hiihto: Rukalla debytoinut Edward Limbaga halutaan heti ulos \u2013 video oli viimeinen pisara"},"content":{"rendered":"<p>Vaarallinen tilanne tallentui videolle Trondheimissa.<\/p>\n<p class=\"article-body mb-nof-24 px-nof-16\">Rukalla toissa viikonloppuna maailmancupin uransa avannut <a class=\"article-personlink\" href=\"https:\/\/www.is.fi\/haku\/?query=Edward%20Limbaga\" rel=\"nofollow noopener\" target=\"_blank\">Edward Limbaga<\/a> on aiheuttanut n\u00e4r\u00e4\u00e4 lajipiireiss\u00e4.<\/p>\n<p class=\"article-body mb-nof-24 px-nof-16\">Kansainv\u00e4linen hiihtoliitto Fis salli t\u00e4ll\u00e4 kaudella heikompien urheilijoiden osallistumisen maailmancupin kisoihin, jotka pidet\u00e4\u00e4n ennen joulua. N\u00e4in he voivat tavoitella paikkaa talviolympialaisissa Fis-pisteit\u00e4 ker\u00e4\u00e4m\u00e4ll\u00e4.<\/p>\n<p class=\"article-body mb-nof-24 px-nof-16\"><a class=\"article-personlink\" href=\"https:\/\/www.is.fi\/haku\/?query=Teemu%20Sel%C3%A4nteen\" rel=\"nofollow noopener\" target=\"_blank\">Teemu Sel\u00e4nteen<\/a> yhdysvaltalais-filippiinil\u00e4inen golfkaveri Limbaga on yksi n\u00e4ist\u00e4 hiiht\u00e4jist\u00e4. H\u00e4nen kerrotaan hiiht\u00e4neen ensimm\u00e4ist\u00e4 kertaa el\u00e4m\u00e4ss\u00e4\u00e4n noin nelj\u00e4 viikkoa sitten Suomessa.<\/p>\n<p class=\"article-body mb-nof-24 px-nof-16\">Limbaga osallistui maailmancupiin my\u00f6s viime viikonloppuna Norjan Trondheimissa.<\/p>\n<p class=\"article-body mb-nof-24 px-nof-16\">Siell\u00e4 h\u00e4nest\u00e4 kuvattiin <a class=\"article-genericlink\" href=\"https:\/\/www.nrk.no\/sport\/mika-vermeulen-reagerer-pa-bildene-av-filippiner_-_-har-ingenting-i-verdenscupen-a-gjore-1.17682862\" rel=\"nofollow noopener\" target=\"_blank\">NRK<\/a>:n julkaisema video, jossa h\u00e4n kaatuu rajusti alam\u00e4ess\u00e4, katkaisee toisen sauvansa ja j\u00e4\u00e4 pelottavan n\u00e4k\u00f6isesti hoipertelemaan muiden hiiht\u00e4jien eteen. Kovilta t\u00f6rm\u00e4yksilt\u00e4 v\u00e4ltyttiin vain h\u00e4din tuskin.<\/p>\n<p class=\"article-body mb-nof-24 px-nof-16\">\u2013 Tuo on vaarallista ja syy sille, miksi ura pit\u00e4isi aloittaa lasten kisoissa eik\u00e4 maailmancupissa, it\u00e4valtalaishiiht\u00e4j\u00e4 <a class=\"article-personlink\" href=\"https:\/\/www.is.fi\/haku\/?query=Mika%20Vermeulen\" rel=\"nofollow noopener\" target=\"_blank\">Mika Vermeulen<\/a> jyr\u00e4hti NRK:n mukaan.<\/p>\n<p class=\"article-body mb-nof-24 px-nof-16\">\u2013 Tuossa ei ole mit\u00e4\u00e4n j\u00e4rke\u00e4. T\u00e4m\u00e4 on kaikkein korkein taso, ja mielest\u00e4ni sille pit\u00e4isi olla jotain kriteerej\u00e4, ketk\u00e4 t\u00e4\u00e4ll\u00e4 kilpailevat, h\u00e4n jatkoi.<\/p>\n<p><img decoding=\"async\" src=\"https:\/\/www.europesays.com\/fi\/wp-content\/uploads\/2025\/12\/1765230309_747_468.jpg\" alt=\"Mika Vermeulen jyr\u00e4hti n\u00e4kem\u00e4st\u00e4\u00e4n.\" class=\"_Img_1rerz_1\" style=\"aspect-ratio:1.7777777777777777\" loading=\"eager\"\/><\/p>\n<p class=\"article-picture-caption\">Mika Vermeulen jyr\u00e4hti n\u00e4kem\u00e4st\u00e4\u00e4n. Kuva:\u00a0 EPA\/KIMMO BRANDT<\/p>\n<p class=\"article-body mb-nof-24 px-nof-16\">NRK kertoo, ett\u00e4 my\u00f6s muun muassa norjalaiset <a class=\"article-personlink\" href=\"https:\/\/www.is.fi\/haku\/?query=Harald%20%C3%96stberg%20Amundsen\" rel=\"nofollow noopener\" target=\"_blank\">Harald \u00d6stberg Amundsen<\/a> ja <a class=\"article-personlink\" href=\"https:\/\/www.is.fi\/haku\/?query=Jan%20Thomas%20Jenssen\" rel=\"nofollow noopener\" target=\"_blank\">Jan Thomas Jenssen<\/a> yltyiv\u00e4t kovaan kritisointiin videon n\u00e4hty\u00e4\u00e4n.<\/p>\n<p class=\"article-body mb-nof-24 px-nof-16\">Fisin kilpailujohtaja <a class=\"article-personlink\" href=\"https:\/\/www.is.fi\/haku\/?query=Michal%20Lamplot\" rel=\"nofollow noopener\" target=\"_blank\">Michal Lamplot<\/a> puolestaan uskoo, ettei heikompien urheilijoiden osallistumisesta koidu vaaraa muille hiiht\u00e4jille.<\/p>\n<p class=\"article-body mb-nof-24 px-nof-16\">H\u00e4n kuitenkin painottaa, ett\u00e4 joulua edelt\u00e4v\u00e4t maailmancupin kisat ovat poikkeuksia. Taustalla vaikuttaa Kansainv\u00e4lisen olympiakomitean p\u00e4\u00e4t\u00f6s antaa pienten maiden urheilijoille mahdollisuus olympiapaikkaan.<\/p>\n<p class=\"article-body mb-nof-24 px-nof-16\">Limbaga oli viimeinen 111 hiiht\u00e4j\u00e4st\u00e4 Trondheimin sunnuntain kymmenen kilometrin v\u00e4liaikal\u00e4hd\u00f6ss\u00e4.<\/p>\n<p class=\"article-body mb-nof-24 px-nof-16\">H\u00e4n h\u00e4visi kilpailun voittaneelle Norjan <a class=\"article-personlink\" href=\"https:\/\/www.is.fi\/haku\/?query=Einar%20Hedegartille\" rel=\"nofollow noopener\" target=\"_blank\">Einar Hedegartille<\/a> 23 minuutilla ja 29 sekunnilla.<\/p>\n<p class=\"article-body mb-nof-24 px-nof-16\">Limbagan tulos j\u00e4i kauas olympialaisiin vaadittavasta 300 Fis-pisteen rajasta. Viimeinen mahdollisuus rajan ylitt\u00e4miseen on ensi viikonloppuna Davosissa.<\/p>\n","protected":false},"excerpt":{"rendered":"Vaarallinen tilanne tallentui videolle Trondheimissa. Rukalla toissa viikonloppuna maailmancupin uransa avannut Edward Limbaga on aiheuttanut n\u00e4r\u00e4\u00e4 lajipiireiss\u00e4. Kansainv\u00e4linen&hellip;\n","protected":false},"author":2,"featured_media":111239,"comment_status":"","ping_status":"","sticky":false,"template":"","format":"standard","meta":{"footnotes":""},"categories":[158],"tags":[33,31,30,34,159,32,160],"class_list":{"0":"post-111238","1":"post","2":"type-post","3":"status-publish","4":"format-standard","5":"has-post-thumbnail","7":"category-urheilu","8":"tag-fi","9":"tag-finland","10":"tag-finnish","11":"tag-ilta-sanomat","12":"tag-sports","13":"tag-suomi","14":"tag-urheilu"},"share_on_mastodon":{"url":"https:\/\/pubeurope.com\/@fi\/115686141393267118","error":""},"_links":{"self":[{"href":"https:\/\/www.europesays.com\/fi\/wp-json\/wp\/v2\/posts\/111238","targetHints":{"allow":["GET"]}}],"collection":[{"href":"https:\/\/www.europesays.com\/fi\/wp-json\/wp\/v2\/posts"}],"about":[{"href":"https:\/\/www.europesays.com\/fi\/wp-json\/wp\/v2\/types\/post"}],"author":[{"embeddable":true,"href":"https:\/\/www.europesays.com\/fi\/wp-json\/wp\/v2\/users\/2"}],"replies":[{"embeddable":true,"href":"https:\/\/www.europesays.com\/fi\/wp-json\/wp\/v2\/comments?post=111238"}],"version-history":[{"count":0,"href":"https:\/\/www.europesays.com\/fi\/wp-json\/wp\/v2\/posts\/111238\/revisions"}],"wp:featuredmedia":[{"embeddable":true,"href":"https:\/\/www.europesays.com\/fi\/wp-json\/wp\/v2\/media\/111239"}],"wp:attachment":[{"href":"https:\/\/www.europesays.com\/fi\/wp-json\/wp\/v2\/media?parent=111238"}],"wp:term":[{"taxonomy":"category","embeddable":true,"href":"https:\/\/www.europesays.com\/fi\/wp-json\/wp\/v2\/categories?post=111238"},{"taxonomy":"post_tag","embeddable":true,"href":"https:\/\/www.europesays.com\/fi\/wp-json\/wp\/v2\/tags?post=111238"}],"curies":[{"name":"wp","href":"https:\/\/api.w.org\/{rel}","templated":true}]}}