{"id":111240,"date":"2025-12-08T21:46:10","date_gmt":"2025-12-08T21:46:10","guid":{"rendered":"https:\/\/www.europesays.com\/fi\/111240\/"},"modified":"2025-12-08T21:46:10","modified_gmt":"2025-12-08T21:46:10","slug":"suosikkiohjelma-julkaisi-surkean-ilmoituksen-katsojat-vaativat-hyvitysta","status":"publish","type":"post","link":"https:\/\/www.europesays.com\/fi\/111240\/","title":{"rendered":"Suosikkiohjelma julkaisi surkean ilmoituksen \u2013 Katsojat vaativat hyvityst\u00e4"},"content":{"rendered":"<p>Sohvaperunoita ei n\u00e4hd\u00e4 televisiossa ensi kev\u00e4\u00e4n\u00e4.<\/p>\n<p><img decoding=\"async\" class=\"image image-show image-preview\" src=\"https:\/\/www.europesays.com\/fi\/wp-content\/uploads\/2025\/09\/0b2ef88c998b7e0d7a7a3c3b0aacf3855e552945e47ad5341f03bbceb3bc6be6.jpg\" alt=\"\"\/><img decoding=\"async\" class=\"image image-show\" src=\"https:\/\/www.europesays.com\/fi\/wp-content\/uploads\/2025\/09\/1758052208_724_0b2ef88c998b7e0d7a7a3c3b0aacf3855e552945e47ad5341f03bbceb3bc6be6.jpg\" alt=\"\"\/><\/p>\n<p>T\u00e4m\u00e4n syksyn Sohvaperunoihin kuuluvat Melike ja Melisa, Henrik ja Jarno, Jukka ja Raija, Sinikka ja Kaarina sek\u00e4 sohvalla t\u00e4ll\u00e4 kaudella mukaan liittyneet Taneli ja Tommi. Pyry Pietil\u00e4inen \/ Endemol Shine \/ Yle<\/p>\n<p class=\"paragraph\">Ylen sarja Sohvaperunat j\u00e4\u00e4 ensi kev\u00e4\u00e4n ajaksi tauolle. Ohjelma tiedottaa asiasta <a href=\"https:\/\/www.facebook.com\/SohvaperunatTV\/posts\/pfbid0qEss9zFvTdckffW7AX27zeFtqCqMk6viu2YSEmnBcpqwKYLXjTxPxb6gx22pQDN5l\" target=\"_blank\" rel=\"noopener nofollow\">Facebook<\/a>&#8211; ja <a href=\"https:\/\/www.instagram.com\/p\/DR_5L5kgvqs\/\" target=\"_blank\" rel=\"noopener nofollow\">Instagram-tileill\u00e4\u00e4n<\/a>.<\/p>\n<p class=\"paragraph\">\u2013 Tiedotus kotisohville! Ensi kev\u00e4\u00e4n potut pit\u00e4v\u00e4t taukoa telkkarista, ohjelman sosiaalisen median sivuilla kirjoitetaan.<\/p>\n<p class=\"paragraph\">\u2013 Uusia Sohvis-jaksoja n\u00e4hd\u00e4\u00e4n taas ensi syksyn\u00e4. Ja Areenasta l\u00f6ytyy tietysti aiempia kausia ik\u00e4v\u00e4\u00e4 helpottamaan.<\/p>\n<p class=\"paragraph\">Jos upotus ei toimi, n\u00e4et julkaisun my\u00f6s <a href=\"https:\/\/www.instagram.com\/p\/DR_5L5kgvqs\/\" target=\"_blank\" rel=\"noopener nofollow\">t\u00e4st\u00e4 linkist\u00e4<\/a>.<\/p>\n<p class=\"paragraph\">Brittil\u00e4iseen Gogglebox-formaattiin kuuluvia Sohvaperunoita on vuodesta 2017 l\u00e4htien totuttu n\u00e4kem\u00e4\u00e4n sek\u00e4 kev\u00e4isin ett\u00e4 syksyisin. T\u00e4n\u00e4 syksyn\u00e4 10-vuotisjuhlavuottaan viett\u00e4neest\u00e4 sarjasta n\u00e4hd\u00e4\u00e4n jo 20. tuotantokausi.<\/p>\n<p class=\"paragraph\">Taukoilmoitus on saanut ohjelman katsojat harmistumaan ja jopa s\u00e4ik\u00e4ht\u00e4m\u00e4\u00e4n.<\/p>\n<p class=\"paragraph\">\u2013 Meinasi menn\u00e4 kokonainen kapallinen perunoita v\u00e4\u00e4r\u00e4\u00e4n kurkkuun kun ajattelin ett\u00e4 loppuu kokonaan, mutta onneksi syksyll\u00e4 sent\u00e4\u00e4n jatkuu, Instagramissa kommentoidaan.<\/p>\n<p class=\"paragraph\">\u2013 Eik\u00e4! Koko vuosi ilman Sohviksia.<\/p>\n<p class=\"paragraph\">\u2013 Ihan surkea uutinen! Pit\u00e4isi olla enemm\u00e4n uusia Sohvis-jaksoja.<\/p>\n<p class=\"paragraph\">\u2013 Eik\u00e4, olipas kurja uutinen.<\/p>\n<p class=\"paragraph\">Facebook-julkaisun kommenteissa tiedustellaan erityisesti yht\u00e4 asiaa.<\/p>\n<p class=\"paragraph\">\u2013 Vastineeksi vaadimme ensimm\u00e4isi\u00e4 kausia Areenaan. Ja kun sanon vaadimme, tarkoitan joooookoooopliiiiiiissss. Ois kiva.<\/p>\n<p class=\"paragraph\">\u2013 Voisiko edes ensimm\u00e4isi\u00e4 kausia uusia pahimpaan pottuvajeeseen? Syksyyn on pitk\u00e4 aika odottaa.<\/p>\n<p class=\"paragraph\">\u2013 Olisipa ihana saada ensimm\u00e4iset kaudet Areenaan katsottavaksi.<\/p>\n<p class=\"paragraph\">N\u00e4ille kommentoijille Sohvaperunoiden Facebook-sivun yll\u00e4pit\u00e4j\u00e4 on joutunut kaikille antamaan ik\u00e4v\u00e4n vastauksen. Ohjelmalupiin liittyvist\u00e4 syist\u00e4 ohjelman vanhimpia kausia ei ole t\u00e4ll\u00e4 hetkell\u00e4 katsottavissa.<\/p>\n<p class=\"paragraph\">\u2013 Onneksi kaudet 15\u201319 ovat kuitenkin viel\u00e4 katseltavissa Areenassa, yll\u00e4pit\u00e4j\u00e4 muistuttaa.<\/p>\n<p class=\"paragraph\">Sohvaperunat-formaatissa tavallisia suomalaisia television katsojia kuvataan katsomassa ja kommentoimassa viikon televisio-ohjelmia. Kuluvan 20. tuotantokauden viimeinen jakso n\u00e4hd\u00e4\u00e4n perjantaina.<\/p>\n<p class=\"paragraph\">Sohvaperunat TV1:ll\u00e4 perjantaisin kello 21.05 &amp; Areenassa. <a href=\"https:\/\/www.iltalehti.fi\/telkku\/\" rel=\"nofollow noopener\" target=\"_blank\">Katso kaikki\u00a0TV-ohjelmat ja l\u00e4hetysajat Telkun TV-oppaasta<\/a>.<\/p>\n<p><script async src=\"\/\/www.instagram.com\/embed.js\"><\/script><\/p>\n","protected":false},"excerpt":{"rendered":"Sohvaperunoita ei n\u00e4hd\u00e4 televisiossa ensi kev\u00e4\u00e4n\u00e4. T\u00e4m\u00e4n syksyn Sohvaperunoihin kuuluvat Melike ja Melisa, Henrik ja Jarno, Jukka ja&hellip;\n","protected":false},"author":2,"featured_media":36895,"comment_status":"","ping_status":"","sticky":false,"template":"","format":"standard","meta":{"footnotes":""},"categories":[130],"tags":[35,137,33,31,30,543,900,979,32,140,139,109],"class_list":{"0":"post-111240","1":"post","2":"type-post","3":"status-publish","4":"format-standard","5":"has-post-thumbnail","7":"category-viihde","8":"tag-24h","9":"tag-entertainment","10":"tag-fi","11":"tag-finland","12":"tag-finnish","13":"tag-koti-ja-asuminen","14":"tag-ruoka","15":"tag-sahkoinen-media","16":"tag-suomi","17":"tag-tv-ja-elokuvat","18":"tag-tv-ohjelmat","19":"tag-viihde"},"share_on_mastodon":{"url":"https:\/\/pubeurope.com\/@fi\/115686145257366507","error":""},"_links":{"self":[{"href":"https:\/\/www.europesays.com\/fi\/wp-json\/wp\/v2\/posts\/111240","targetHints":{"allow":["GET"]}}],"collection":[{"href":"https:\/\/www.europesays.com\/fi\/wp-json\/wp\/v2\/posts"}],"about":[{"href":"https:\/\/www.europesays.com\/fi\/wp-json\/wp\/v2\/types\/post"}],"author":[{"embeddable":true,"href":"https:\/\/www.europesays.com\/fi\/wp-json\/wp\/v2\/users\/2"}],"replies":[{"embeddable":true,"href":"https:\/\/www.europesays.com\/fi\/wp-json\/wp\/v2\/comments?post=111240"}],"version-history":[{"count":0,"href":"https:\/\/www.europesays.com\/fi\/wp-json\/wp\/v2\/posts\/111240\/revisions"}],"wp:featuredmedia":[{"embeddable":true,"href":"https:\/\/www.europesays.com\/fi\/wp-json\/wp\/v2\/media\/36895"}],"wp:attachment":[{"href":"https:\/\/www.europesays.com\/fi\/wp-json\/wp\/v2\/media?parent=111240"}],"wp:term":[{"taxonomy":"category","embeddable":true,"href":"https:\/\/www.europesays.com\/fi\/wp-json\/wp\/v2\/categories?post=111240"},{"taxonomy":"post_tag","embeddable":true,"href":"https:\/\/www.europesays.com\/fi\/wp-json\/wp\/v2\/tags?post=111240"}],"curies":[{"name":"wp","href":"https:\/\/api.w.org\/{rel}","templated":true}]}}