{"id":111241,"date":"2025-12-08T21:49:09","date_gmt":"2025-12-08T21:49:09","guid":{"rendered":"https:\/\/www.europesays.com\/fi\/111241\/"},"modified":"2025-12-08T21:49:09","modified_gmt":"2025-12-08T21:49:09","slug":"trump-moittii-eun-xlle-langettamia-sakkoja-eurooppa-on-menossa-huonoon-suuntaan-uutisia-lyhyesti","status":"publish","type":"post","link":"https:\/\/www.europesays.com\/fi\/111241\/","title":{"rendered":"Trump moittii EU:n X:lle langettamia sakkoja \u2013 \u201dEurooppa on menossa huonoon suuntaan\u201d | Uutisia lyhyesti"},"content":{"rendered":"<p class=\"aw-1gybjub aw-5vja16 kEtdKx kmuxyA yle__article__paragraph\">Trumpin mukaan miljard\u00f6\u00f6ri Elon Musk ei ole ollut yhteydess\u00e4 h\u00e4neen asiasta.<\/p>\n<p><img decoding=\"async\" alt=\"Yhdysvaltain presidentti Donald Trump Kuala Lumpurissa 26. lokakuuta, Thaimaan ja Kambod\u017ean aselevon allekirjoitustilaisuudessa.\" src=\"https:\/\/www.europesays.com\/fi\/wp-content\/uploads\/2025\/12\/39-156604669369b28e834c.jpeg\" class=\"aw-1l9m598 hKVVvP\"\/><\/p>\n<p>Avaa kuvien katselu<\/p>\n<p>Yhdysvaltain presidentti Donald Trump ei ymm\u00e4rr\u00e4 EU-komission p\u00e4\u00e4t\u00f6st\u00e4. Arkistokuva. Kuva: Mohd Rasfan \/ EPA<\/p>\n<p class=\"aw-1gybjub aw-1p7kakr kEtdKx cEmitX yle__article__paragraph\">Yhdysvaltain presidentti <strong class=\"aw-ak79eh KyCXm yle__article__strong\">Donald Trump<\/strong> kutsuu EU-komission miljard\u00f6\u00f6ri <strong class=\"aw-ak79eh KyCXm yle__article__strong\">Elon Muskin<\/strong> viestipalvelu X:lle langettamaa 120 miljoonan euron sakkoa \u201dilke\u00e4ksi\u201d.<\/p>\n<p class=\"aw-1gybjub aw-1p7kakr kEtdKx cEmitX yle__article__paragraph\">Komissio <a class=\"aw-iao6s4 iHOxEa yle__article__link\" href=\"https:\/\/yle.fi\/a\/74-20198119\" role=\"link\" rel=\"nofollow noopener\" target=\"_blank\">ilmoitti<\/a> sakoista viime viikolla. Syyn\u00e4 ovat muun muassa k\u00e4ytt\u00e4jien varmentamiseen ja l\u00e4pin\u00e4kyvyyteen liittyv\u00e4t ongelmat.<\/p>\n<p class=\"aw-1gybjub aw-1p7kakr kEtdKx cEmitX yle__article__paragraph\">Trump sanoi, ettei ymm\u00e4rr\u00e4, miten viranomaiset voivat perustella p\u00e4\u00e4t\u00f6st\u00e4.<\/p>\n<p class=\"aw-1gybjub aw-1p7kakr kEtdKx cEmitX yle__article__paragraph\">\u2013 Eurooppa menee huonoon suuntaan. Se on hyvin, hyvin huono asia ihmisille. Emme halua, ett\u00e4 Eurooppa muuttuu niin paljon, Trump sanoi toimittajille.<\/p>\n<p class=\"aw-1gybjub aw-1p7kakr kEtdKx cEmitX yle__article__paragraph\">Trumpin mukaan Musk ei ole ollut yhteydess\u00e4 h\u00e4neen asiasta. Presidentti uskoi saavansa EU:n langettamista sakoista kattavan selvityksen viel\u00e4 maanantaina.<\/p>\n<p class=\"aw-1gybjub aw-1p7kakr kEtdKx cEmitX yle__article__paragraph\">\u2013 Euroopan pit\u00e4\u00e4 olla varuillaan, Trump sanoi.<\/p>\n<p class=\"aw-1gybjub aw-1p7kakr kEtdKx cEmitX yle__article__paragraph\">Yhdysvaltain ulkoministeri <strong class=\"aw-ak79eh KyCXm yle__article__strong\">Marco Rubio<\/strong> arvosteli aiemmin viime viikolla sakkoa X:ss\u00e4. Ministerin mukaan kyseess\u00e4 on hy\u00f6kk\u00e4ys kaikkia amerikkalaisia teknologia-alustoja \u2013 ja koko kansakuntaa \u2013 kohtaan.<\/p>\n<p class=\"aw-1gybjub aw-1p7kakr kEtdKx cEmitX yle__article__paragraph\">Yhdysvaltain kansallisen turvallisuuden strategia <a class=\"aw-iao6s4 iHOxEa yle__article__link\" href=\"https:\/\/yle.fi\/a\/74-20198166\" role=\"link\" rel=\"nofollow noopener\" target=\"_blank\">julkaistiin<\/a> aiemmin viime viikolla. Trumpin hallinto muun muassa ilmoitti, ett\u00e4 Yhdysvallat aikoo tukea tahoja, jotka vastustavat EU:n ajamia arvoja, kuten maahanmuuttoa.<\/p>\n<p class=\"aw-1gybjub aw-1p7kakr kEtdKx cEmitX yle__article__paragraph\">Strategian mukaan Euroopan maiden sis\u00e4ll\u00e4 on lis\u00e4tt\u00e4v\u00e4 vastustusta Euroopan nykyiselle suunnalle.<\/p>\n<p class=\"aw-1gybjub aw-1p7kakr kEtdKx cEmitX yle__article__paragraph\">L\u00e4hteet: AFP, Reuters<\/p>\n","protected":false},"excerpt":{"rendered":"Trumpin mukaan miljard\u00f6\u00f6ri Elon Musk ei ole ollut yhteydess\u00e4 h\u00e4neen asiasta. Avaa kuvien katselu Yhdysvaltain presidentti Donald Trump&hellip;\n","protected":false},"author":2,"featured_media":111242,"comment_status":"","ping_status":"","sticky":false,"template":"","format":"standard","meta":{"footnotes":""},"categories":[76],"tags":[79,585,77,1617,33,31,30,32,78,56,619],"class_list":{"0":"post-111241","1":"post","2":"type-post","3":"status-publish","4":"format-standard","5":"has-post-thumbnail","7":"category-talous","8":"tag-business","9":"tag-donald-trump","10":"tag-economy","11":"tag-euroopan-unioni","12":"tag-fi","13":"tag-finland","14":"tag-finnish","15":"tag-suomi","16":"tag-talous","17":"tag-ulkomaat","18":"tag-yhdysvallat"},"share_on_mastodon":{"url":"https:\/\/pubeurope.com\/@fi\/115686157086205889","error":""},"_links":{"self":[{"href":"https:\/\/www.europesays.com\/fi\/wp-json\/wp\/v2\/posts\/111241","targetHints":{"allow":["GET"]}}],"collection":[{"href":"https:\/\/www.europesays.com\/fi\/wp-json\/wp\/v2\/posts"}],"about":[{"href":"https:\/\/www.europesays.com\/fi\/wp-json\/wp\/v2\/types\/post"}],"author":[{"embeddable":true,"href":"https:\/\/www.europesays.com\/fi\/wp-json\/wp\/v2\/users\/2"}],"replies":[{"embeddable":true,"href":"https:\/\/www.europesays.com\/fi\/wp-json\/wp\/v2\/comments?post=111241"}],"version-history":[{"count":0,"href":"https:\/\/www.europesays.com\/fi\/wp-json\/wp\/v2\/posts\/111241\/revisions"}],"wp:featuredmedia":[{"embeddable":true,"href":"https:\/\/www.europesays.com\/fi\/wp-json\/wp\/v2\/media\/111242"}],"wp:attachment":[{"href":"https:\/\/www.europesays.com\/fi\/wp-json\/wp\/v2\/media?parent=111241"}],"wp:term":[{"taxonomy":"category","embeddable":true,"href":"https:\/\/www.europesays.com\/fi\/wp-json\/wp\/v2\/categories?post=111241"},{"taxonomy":"post_tag","embeddable":true,"href":"https:\/\/www.europesays.com\/fi\/wp-json\/wp\/v2\/tags?post=111241"}],"curies":[{"name":"wp","href":"https:\/\/api.w.org\/{rel}","templated":true}]}}