{"id":111243,"date":"2025-12-08T21:50:08","date_gmt":"2025-12-08T21:50:08","guid":{"rendered":"https:\/\/www.europesays.com\/fi\/111243\/"},"modified":"2025-12-08T21:50:08","modified_gmt":"2025-12-08T21:50:08","slug":"zelenskyi-rauhansuunnitelman-uusi-versio-pyritaan-esittelemaan-tiistaina","status":"publish","type":"post","link":"https:\/\/www.europesays.com\/fi\/111243\/","title":{"rendered":"Zelenskyi: Rauhansuunnitelman uusi versio pyrit\u00e4\u00e4n esittelem\u00e4\u00e4n tiistaina"},"content":{"rendered":"<p>Ukrainan kohtalo|Zelenskyin ja Euroopan johtajien neuvotteluihin osallistui my\u00f6s Alexander Stubb.<\/p>\n<p>Lue tiivistelm\u00e4<\/p>\n<p>Tiivistelm\u00e4 on teko\u00e4lyn tekem\u00e4 ja ihmisen tarkistama.<\/p>\n<p class=\"article-body mb-nof-24 px-nof-16 sndp-summary-bullet-point-font\">Ukrainan presidentti Volodymyr Zelenskyi tapasi maanantaina Euroopan johtajia Lontoossa ja Brysseliss\u00e4 hakeakseen tukea rauhanneuvotteluihin.<\/p>\n<p class=\"article-body mb-nof-24 px-nof-16 sndp-summary-bullet-point-font\">Ukraina esittelee Yhdysvalloille mahdollisesti tiistaina p\u00e4ivitetyn version rauhansuunnitelmasta.<\/p>\n<p class=\"article-body mb-nof-24 px-nof-16 sndp-summary-bullet-point-font\">Tapaamisiin osallistui my\u00f6s tasavallan presidentti Alexander Stubb, joka totesi, ett\u00e4 vaikeimmat asiat viev\u00e4t eniten aikaa rauhanneuvotteluissa.<\/p>\n<p class=\"article-body mb-nof-24 px-nof-16 sndp-summary-bullet-point-font\">Zelenskyi kertoi, ett\u00e4 Ukrainalta puuttuu yh\u00e4 noin 700 miljoonaa euroa yhdysvaltalaisaseiden hankintaan t\u00e4n\u00e4 vuonna.<\/p>\n<p class=\"article-body mb-nof-24 px-nof-16\">Ukrainan presidentti <a class=\"article-personlink\" href=\"https:\/\/www.hs.fi\/haku\/?query=Volodymyr%20Zelenskyi\" rel=\"nofollow noopener\" target=\"_blank\">Volodymyr Zelenskyi<\/a> kiersi maanantaina tapaamassa Euroopan johtajia hakeakseen tukea rauhanneuvotteluihin.<\/p>\n<p class=\"article-body mb-nof-24 px-nof-16\">Yhdysvaltojen hoppu neuvottelujen suhteen on lis\u00e4nnyt hermostuneisuutta Euroopassa ja Ukrainassa.<\/p>\n<p class=\"article-body mb-nof-24 px-nof-16\">\u201dMe emme p\u00e4rj\u00e4\u00e4 ilman yhdysvaltalaisia, emme p\u00e4rj\u00e4\u00e4 ilman eurooppalaisia ja sen takia meid\u00e4n pit\u00e4\u00e4 tehd\u00e4 joitain eritt\u00e4in t\u00e4rkeit\u00e4 p\u00e4\u00e4t\u00f6ksi\u00e4\u201d, Zelenskyi totesi Lontoossa.<\/p>\n<p class=\"article-body mb-nof-24 px-nof-16\">Ukrainan aikomuksena on esitell\u00e4 Yhdysvalloille p\u00e4ivitetty versio rauhansuunnitelmasta mahdollisesti tiistaina. Edelleen yksi hankalimmista kohdista on mahdolliset alueluovutukset.<\/p>\n<p class=\"article-body mb-nof-24 px-nof-16\">Zelenskyi toisti maanantaina, ett\u00e4 sopimus ei voi sis\u00e4lt\u00e4\u00e4 alueluovutuksia.<\/p>\n<p class=\"article-body mb-nof-24 px-nof-16\">\u201dAluekysymyksiin liittyy vaikeita ongelmia, eik\u00e4 niihin toistaiseksi ole l\u00f6ytynyt kompromissia\u201d, Zelenskyi totesi uutistoimisto AFP:n mukaan.<\/p>\n<p class=\"article-body mb-nof-24 px-nof-16\">Lontoossa Zelenskyi tapasi Britannian p\u00e4\u00e4ministerin <a class=\"article-personlink\" href=\"https:\/\/www.hs.fi\/haku\/?query=Keir%20Starmerin\" rel=\"nofollow noopener\" target=\"_blank\">Keir Starmerin<\/a>, Ranskan presidentin <a class=\"article-personlink\" href=\"https:\/\/www.hs.fi\/haku\/?query=Emmanuel%20Macronin\" rel=\"nofollow noopener\" target=\"_blank\">Emmanuel Macronin<\/a> ja Saksan liittokanslerin <a class=\"article-personlink\" href=\"https:\/\/www.hs.fi\/haku\/?query=Friedrich%20Merzin\" rel=\"nofollow noopener\" target=\"_blank\">Friedrich Merzin<\/a>.<\/p>\n<p class=\"article-body mb-nof-24 px-nof-16\">Euroopan johtajien mukaan nyt on k\u00e4sill\u00e4 kriittinen hetki. Tukea Ukrainalle pit\u00e4\u00e4 kasvattaa ja taloudellista painetta Ven\u00e4j\u00e4n presidentti <a class=\"article-personlink\" href=\"https:\/\/www.hs.fi\/haku\/?query=Vladimir%20Putinia\" rel=\"nofollow noopener\" target=\"_blank\">Vladimir Putinia<\/a> kohtaan on lis\u00e4tt\u00e4v\u00e4.<\/p>\n<p class=\"article-body mb-nof-24 px-nof-16\">Heid\u00e4n mukaansa Ukrainan turvatakuiden eteen pit\u00e4\u00e4 viel\u00e4 tehd\u00e4 ty\u00f6t\u00e4.<\/p>\n<p class=\"article-body mb-nof-24 px-nof-16\">&#8221;Keskeist\u00e4 on tiet\u00e4\u00e4, mit\u00e4 kumppanimme ovat valmiita tekem\u00e4\u00e4n, jos Ven\u00e4j\u00e4 aloittaa uuden aggression. T\u00e4ll\u00e4 hetkell\u00e4 emme ole saaneet t\u00e4h\u00e4n kysymykseen mit\u00e4\u00e4n vastausta,&#8221; Zelenskyi totesi maanantai-iltana.<\/p>\n<p class=\"article-body mb-nof-24 px-nof-16\">Tapaamisessa keskusteltiin my\u00f6s Ven\u00e4j\u00e4n j\u00e4\u00e4dytettyjen varojen k\u00e4yt\u00f6st\u00e4 Ukrainan tukemiseksi.<\/p>\n<p class=\"article-body mb-nof-24 px-nof-16\">Neuvotteluihin osallistui my\u00f6s tasavallan presidentti <a class=\"article-personlink\" href=\"https:\/\/www.hs.fi\/haku\/?query=Alexander%20Stubb\" rel=\"nofollow noopener\" target=\"_blank\">Alexander Stubb<\/a>.<\/p>\n<p class=\"article-body mb-nof-24 px-nof-16\">\u201dKaikkein vaikeimmat asiat viev\u00e4t eniten aikaa rauhanneuvotteluissa\u201d, Stubb kirjoitti viestipalvelu X:ss\u00e4.<\/p>\n<p class=\"article-body mb-nof-24 px-nof-16\">Lontoon tapaamisen j\u00e4lkeen Zelenskyi suuntasi Brysseliin, miss\u00e4 h\u00e4nen on m\u00e4\u00e4r\u00e4 tavata Naton p\u00e4\u00e4sihteeri <a class=\"article-personlink\" href=\"https:\/\/www.hs.fi\/haku\/?query=Mark%20Rutte\" rel=\"nofollow noopener\" target=\"_blank\">Mark Rutte<\/a>, Euroopan komission puheenjohtaja <a class=\"article-personlink\" href=\"https:\/\/www.hs.fi\/haku\/?query=Ursula%20von%20der%20Leyen\" rel=\"nofollow noopener\" target=\"_blank\">Ursula von der Leyen<\/a> ja Eurooppa-neuvoston puheenjohtaja <a class=\"article-personlink\" href=\"https:\/\/www.hs.fi\/haku\/?query=Ant%C3%B3nio%20Costa.\" rel=\"nofollow noopener\" target=\"_blank\">Ant\u00f3nio Costa.<\/a><\/p>\n<p class=\"article-body mb-nof-24 px-nof-16\">Tiistaina Zelenskyi aikoo tavata Italian p\u00e4\u00e4ministerin <a class=\"article-personlink\" href=\"https:\/\/www.hs.fi\/haku\/?query=Giorgia%20Melonin\" rel=\"nofollow noopener\" target=\"_blank\">Giorgia Melonin<\/a>.<\/p>\n<p class=\"article-body mb-nof-24 px-nof-16\">Zelenskyi nosti maanantaina esiin my\u00f6s Ukrainan taloushuolet. Ukrainalta puuttuu yh\u00e4 noin 700 miljoonaa euroa, joilla sen oli tarkoitus hankkia yhdysvaltalaisaseita t\u00e4n\u00e4 vuonna, Zelenskyi sanoi. Rahat oli tarkoitus ker\u00e4t\u00e4 Ukrainan eurooppalaisilta liittolaisilta.<\/p>\n<p class=\"article-body mb-nof-24 px-nof-16\">Zelenskyi my\u00f6s toisti, ett\u00e4 ensi vuonna aseostoihin tarvittaisiin liittolaisilta noin 13 miljardia euroa.<\/p>\n<p class=\"article-body mb-nof-24 px-nof-16\">Yhdysvaltojen presidentti <a class=\"article-personlink\" href=\"https:\/\/www.hs.fi\/haku\/?query=Donald%20Trump\" rel=\"nofollow noopener\" target=\"_blank\">Donald Trump<\/a> ilmaisi sunnuntaina j\u00e4lleen tyytym\u00e4tt\u00f6myytt\u00e4\u00e4n Zelenskyi\u00e4 kohtaan.<\/p>\n<p class=\"article-body mb-nof-24 px-nof-16\">Yhdysvaltojen ja Ukrainan delegaatiot keskustelivat viime viikon lopulla Floridassa. Zelenskyi kuvasi neuvotteluja rakentaviksi mutta ei helpoiksi.<\/p>\n<p class=\"article-body mb-nof-24 px-nof-16\">Kremlin tiedottajan <a class=\"article-personlink\" href=\"https:\/\/www.hs.fi\/haku\/?query=Dmitri%20Peskovin\" rel=\"nofollow noopener\" target=\"_blank\">Dmitri Peskovin<\/a> mukaan Ven\u00e4j\u00e4\u00e4 ei ole tiedotettu Floridan neuvottelujen tuloksista.<\/p>\n","protected":false},"excerpt":{"rendered":"Ukrainan kohtalo|Zelenskyin ja Euroopan johtajien neuvotteluihin osallistui my\u00f6s Alexander Stubb. Lue tiivistelm\u00e4 Tiivistelm\u00e4 on teko\u00e4lyn tekem\u00e4 ja ihmisen&hellip;\n","protected":false},"author":2,"featured_media":111244,"comment_status":"","ping_status":"","sticky":false,"template":"","format":"standard","meta":{"footnotes":""},"categories":[14],"tags":[22,23,26,27,33,31,30,17,46,24,25,28,29,15,18,21,32,19,20,56,16,59,60,61],"class_list":{"0":"post-111243","1":"post","2":"type-post","3":"status-publish","4":"format-standard","5":"has-post-thumbnail","7":"category-ulkomaat","8":"tag-breaking-news","9":"tag-breakingnews","10":"tag-featured-news","11":"tag-featurednews","12":"tag-fi","13":"tag-finland","14":"tag-finnish","15":"tag-headlines","16":"tag-helsingin-sanomat","17":"tag-latest-news","18":"tag-latestnews","19":"tag-main-news","20":"tag-mainnews","21":"tag-news","22":"tag-otsikot","23":"tag-paauutiset","24":"tag-suomi","25":"tag-top-stories","26":"tag-topstories","27":"tag-ulkomaat","28":"tag-uutiset","29":"tag-world","30":"tag-world-news","31":"tag-worldnews"},"share_on_mastodon":{"url":"https:\/\/pubeurope.com\/@fi\/115686160746311815","error":""},"_links":{"self":[{"href":"https:\/\/www.europesays.com\/fi\/wp-json\/wp\/v2\/posts\/111243","targetHints":{"allow":["GET"]}}],"collection":[{"href":"https:\/\/www.europesays.com\/fi\/wp-json\/wp\/v2\/posts"}],"about":[{"href":"https:\/\/www.europesays.com\/fi\/wp-json\/wp\/v2\/types\/post"}],"author":[{"embeddable":true,"href":"https:\/\/www.europesays.com\/fi\/wp-json\/wp\/v2\/users\/2"}],"replies":[{"embeddable":true,"href":"https:\/\/www.europesays.com\/fi\/wp-json\/wp\/v2\/comments?post=111243"}],"version-history":[{"count":0,"href":"https:\/\/www.europesays.com\/fi\/wp-json\/wp\/v2\/posts\/111243\/revisions"}],"wp:featuredmedia":[{"embeddable":true,"href":"https:\/\/www.europesays.com\/fi\/wp-json\/wp\/v2\/media\/111244"}],"wp:attachment":[{"href":"https:\/\/www.europesays.com\/fi\/wp-json\/wp\/v2\/media?parent=111243"}],"wp:term":[{"taxonomy":"category","embeddable":true,"href":"https:\/\/www.europesays.com\/fi\/wp-json\/wp\/v2\/categories?post=111243"},{"taxonomy":"post_tag","embeddable":true,"href":"https:\/\/www.europesays.com\/fi\/wp-json\/wp\/v2\/tags?post=111243"}],"curies":[{"name":"wp","href":"https:\/\/api.w.org\/{rel}","templated":true}]}}