{"id":111245,"date":"2025-12-08T21:51:09","date_gmt":"2025-12-08T21:51:09","guid":{"rendered":"https:\/\/www.europesays.com\/fi\/111245\/"},"modified":"2025-12-08T21:51:09","modified_gmt":"2025-12-08T21:51:09","slug":"hallitus-ei-aiokaan-mahdollistaa-saukon-kiintiometsastysta","status":"publish","type":"post","link":"https:\/\/www.europesays.com\/fi\/111245\/","title":{"rendered":"Hallitus ei aiokaan mahdollistaa saukon kiinti\u00f6mets\u00e4styst\u00e4"},"content":{"rendered":"<p><strong class=\"typography-bold\">Suden kannanhoidollisesta mets\u00e4styksest\u00e4 on k\u00e4yty eduskunnan kulissien takana vilkasta keskustelua. Lakiesityst\u00e4 k\u00e4sitell\u00e4\u00e4n parhaillaan maa- ja mets\u00e4talousvaliokunnassa.<\/strong><\/p>\n<p>Hallituspuolueet eiv\u00e4t aiokaan mahdollistaa saukon kiinti\u00f6mets\u00e4styst\u00e4, kertoi kokoomuksen kansanedustaja <strong class=\"typography-bold\">Teemu Kinnari <\/strong>tiedotteessa maanantaina.<\/p>\n<p>\u2013\u2009Valiokunta k\u00e4sittelee lakiesityst\u00e4, joka mahdollistaa ensisijaisesti suden kiinti\u00f6mets\u00e4styksen. Saukon kiinti\u00f6mets\u00e4styst\u00e4 ei olla miss\u00e4\u00e4n nimess\u00e4 mahdollistamassa, Kinnari sanoo.<\/p>\n<p>Asian vahvisti STT:lle maa- ja mets\u00e4talousvaliokunnan puheenjohtaja <strong class=\"typography-bold\">Ritva &#8221;Kike&#8221; Elomaa <\/strong>(ps.)<strong class=\"typography-bold\">.<\/strong>\u00a0<\/p>\n<p>Aiemmin kerrottiin, ett\u00e4 MTV Uutisten tietojen mukaan hallituspuolueiden kansanedustajat maa- ja mets\u00e4talousvaliokunnassa haluaisivat my\u00f6s sallia ilveksen, karhun ja saukon kiinti\u00f6mets\u00e4styst\u00e4. Asiasta kertoi aikaisemmin <a class=\"underline\" data-testid=\"external-link\" href=\"https:\/\/www.is.fi\/politiikka\/art-2000011678183.html\" rel=\"noopener noreferrer nofollow\" data-sentry-component=\"ExternalLink\" data-sentry-source-file=\"ExternalLink.tsx\" target=\"_blank\">Ilta-Sanomat<\/a>.<\/p>\n<p>Hallituksen alkuper\u00e4inen lakiesitys on ainoastaan koskenut suden kannanhoidollista mets\u00e4styst\u00e4.\u00a0<\/p>\n<p>\u2013 Nyt yritet\u00e4\u00e4n v\u00e4kisin runnoa muutokset l\u00e4pi. Ilveksen, karhun ja saukon mets\u00e4st\u00e4minen ei edes kuulu saman liitteen alle kuin susien mets\u00e4stys. Silti osa edustajista yritt\u00e4\u00e4 saada t\u00e4m\u00e4nkin lis\u00e4tty\u00e4 lakiesityksen k\u00e4sittelyn yhteydess\u00e4, kerrotaan eduskunnasta MTV Uutisille.\u00a0<\/p>\n<p>Aiemmin uutisoitujen MTV Uutisten tietojen mukaan my\u00f6s saukon mets\u00e4styksen mahdollistaminen on mainittu samassa pyk\u00e4l\u00e4ss\u00e4 ilveksen ja karhun kanssa. Saukon mets\u00e4styksest\u00e4 ei olla kuitenkaan k\u00e4yty erillist\u00e4 keskustelua valiokunnassa.\u00a0<\/p>\n","protected":false},"excerpt":{"rendered":"Suden kannanhoidollisesta mets\u00e4styksest\u00e4 on k\u00e4yty eduskunnan kulissien takana vilkasta keskustelua. Lakiesityst\u00e4 k\u00e4sitell\u00e4\u00e4n parhaillaan maa- ja mets\u00e4talousvaliokunnassa. Hallituspuolueet eiv\u00e4t&hellip;\n","protected":false},"author":2,"featured_media":813,"comment_status":"","ping_status":"","sticky":false,"template":"","format":"standard","meta":{"footnotes":""},"categories":[12],"tags":[22,23,26,27,33,31,30,17,24,25,28,29,15,18,21,32,19,20,16],"class_list":{"0":"post-111245","1":"post","2":"type-post","3":"status-publish","4":"format-standard","5":"has-post-thumbnail","7":"category-suomi","8":"tag-breaking-news","9":"tag-breakingnews","10":"tag-featured-news","11":"tag-featurednews","12":"tag-fi","13":"tag-finland","14":"tag-finnish","15":"tag-headlines","16":"tag-latest-news","17":"tag-latestnews","18":"tag-main-news","19":"tag-mainnews","20":"tag-news","21":"tag-otsikot","22":"tag-paauutiset","23":"tag-suomi","24":"tag-top-stories","25":"tag-topstories","26":"tag-uutiset"},"share_on_mastodon":{"url":"https:\/\/pubeurope.com\/@fi\/115686164686830843","error":""},"_links":{"self":[{"href":"https:\/\/www.europesays.com\/fi\/wp-json\/wp\/v2\/posts\/111245","targetHints":{"allow":["GET"]}}],"collection":[{"href":"https:\/\/www.europesays.com\/fi\/wp-json\/wp\/v2\/posts"}],"about":[{"href":"https:\/\/www.europesays.com\/fi\/wp-json\/wp\/v2\/types\/post"}],"author":[{"embeddable":true,"href":"https:\/\/www.europesays.com\/fi\/wp-json\/wp\/v2\/users\/2"}],"replies":[{"embeddable":true,"href":"https:\/\/www.europesays.com\/fi\/wp-json\/wp\/v2\/comments?post=111245"}],"version-history":[{"count":0,"href":"https:\/\/www.europesays.com\/fi\/wp-json\/wp\/v2\/posts\/111245\/revisions"}],"wp:featuredmedia":[{"embeddable":true,"href":"https:\/\/www.europesays.com\/fi\/wp-json\/wp\/v2\/media\/813"}],"wp:attachment":[{"href":"https:\/\/www.europesays.com\/fi\/wp-json\/wp\/v2\/media?parent=111245"}],"wp:term":[{"taxonomy":"category","embeddable":true,"href":"https:\/\/www.europesays.com\/fi\/wp-json\/wp\/v2\/categories?post=111245"},{"taxonomy":"post_tag","embeddable":true,"href":"https:\/\/www.europesays.com\/fi\/wp-json\/wp\/v2\/tags?post=111245"}],"curies":[{"name":"wp","href":"https:\/\/api.w.org\/{rel}","templated":true}]}}