{"id":111246,"date":"2025-12-08T21:52:07","date_gmt":"2025-12-08T21:52:07","guid":{"rendered":"https:\/\/www.europesays.com\/fi\/111246\/"},"modified":"2025-12-08T21:52:07","modified_gmt":"2025-12-08T21:52:07","slug":"trumpin-valittama-rauha-rakoilee-valkoinen-talo-kommentoi","status":"publish","type":"post","link":"https:\/\/www.europesays.com\/fi\/111246\/","title":{"rendered":"Trumpin v\u00e4litt\u00e4m\u00e4 rauha rakoilee \u2013 Valkoinen talo kommentoi"},"content":{"rendered":"<p>Sek\u00e4 siviilej\u00e4 ett\u00e4 sotilaita on kuollut Thaimaan ja Kambodzhan v\u00e4lisess\u00e4 konfliktissa.<\/p>\n<p class=\"article-body mb-nof-24 px-nof-16\">Valkoinen talo on kommentoinut Thaimaan ja Kambodzhan rajaselkkausta. Valkoisen talon mukaan Yhdysvaltain presidentti<a class=\"article-personlink\" href=\"https:\/\/www.is.fi\/haku\/?query=%20Donald%20Trump\" rel=\"nofollow noopener\" target=\"_blank\"> Donald Trump<\/a> on sitoutunut v\u00e4kivallan lopettamiseen ja odottaa sek\u00e4 Kambodzhan ett\u00e4 Thaimaan hallitusten pit\u00e4v\u00e4n kiinni sitoutumisestaan konfliktin lopettamiseksi, Reuters uutisoi.<\/p>\n<p class=\"article-body mb-nof-24 px-nof-16\">Thaimaa ja Kambodzha ovat tulittaneet toisiaan rajan yli useissa paikoissa sunnuntaina ja varhain maanantaiaamuna. Ainakin nelj\u00e4 kambodzhalaista siviili\u00e4 on kuollut ja yhdeks\u00e4n loukkaantunut.<\/p>\n<p class=\"article-body mb-nof-24 px-nof-16\">Thaimaan asevoimat kertoi maanantaina, ett\u00e4 se oli tehnyt ilmaiskuja sotilaskohteisiin useilla alueilla Kambodzhassa ja my\u00f6s thaimaalaisia sotilaita oli kuollut ja haavoittunut.<\/p>\n<p class=\"article-body mb-nof-24 px-nof-16\">Thaimaa ja Kambodzha ovat syytt\u00e4neet konfliktin uudelleen leimahtamisesta toisiaan.<\/p>\n<p class=\"article-body mb-nof-24 px-nof-16\">Sek\u00e4 Thaimaassa ett\u00e4 Kambodzhassa tuhannet siviilit ovat paenneet taisteluita raja-alueella.<\/p>\n<p class=\"article-body mb-nof-24 px-nof-16\">Konflikti maiden v\u00e4lill\u00e4 puhkesi viime kes\u00e4n\u00e4. Yhteenotoissa ehti kuolla yli 40 ihmist\u00e4 ja noin 300\u202f000 ihmist\u00e4 joutui j\u00e4tt\u00e4m\u00e4\u00e4n kotinsa, ennen kuin aselepo saatiin solmittua maiden v\u00e4lill\u00e4 lokakuun lopulla. Trump oli mukana v\u00e4litt\u00e4m\u00e4ss\u00e4 aselepoa ja allekirjoitti rauhansopimuksen Thaimaan ja Kambodzhan p\u00e4\u00e4ministerien lis\u00e4ksi.<\/p>\n<p class=\"article-body mb-nof-24 px-nof-16\">Thaimaa ilmoitti kuitenkin marraskuussa keskeytt\u00e4v\u00e4ns\u00e4 rauhansopimuksen t\u00e4yt\u00e4nt\u00f6\u00f6npanon, kun sen sotilaita haavoittui maamiinojen takia.<\/p>\n","protected":false},"excerpt":{"rendered":"Sek\u00e4 siviilej\u00e4 ett\u00e4 sotilaita on kuollut Thaimaan ja Kambodzhan v\u00e4lisess\u00e4 konfliktissa. Valkoinen talo on kommentoinut Thaimaan ja Kambodzhan&hellip;\n","protected":false},"author":2,"featured_media":111247,"comment_status":"","ping_status":"","sticky":false,"template":"","format":"standard","meta":{"footnotes":""},"categories":[5],"tags":[22,23,26,27,33,31,30,17,34,24,25,28,29,15,18,21,32,19,20,16],"class_list":{"0":"post-111246","1":"post","2":"type-post","3":"status-publish","4":"format-standard","5":"has-post-thumbnail","7":"category-otsikot","8":"tag-breaking-news","9":"tag-breakingnews","10":"tag-featured-news","11":"tag-featurednews","12":"tag-fi","13":"tag-finland","14":"tag-finnish","15":"tag-headlines","16":"tag-ilta-sanomat","17":"tag-latest-news","18":"tag-latestnews","19":"tag-main-news","20":"tag-mainnews","21":"tag-news","22":"tag-otsikot","23":"tag-paauutiset","24":"tag-suomi","25":"tag-top-stories","26":"tag-topstories","27":"tag-uutiset"},"share_on_mastodon":{"url":"https:\/\/pubeurope.com\/@fi\/115686168540140878","error":""},"_links":{"self":[{"href":"https:\/\/www.europesays.com\/fi\/wp-json\/wp\/v2\/posts\/111246","targetHints":{"allow":["GET"]}}],"collection":[{"href":"https:\/\/www.europesays.com\/fi\/wp-json\/wp\/v2\/posts"}],"about":[{"href":"https:\/\/www.europesays.com\/fi\/wp-json\/wp\/v2\/types\/post"}],"author":[{"embeddable":true,"href":"https:\/\/www.europesays.com\/fi\/wp-json\/wp\/v2\/users\/2"}],"replies":[{"embeddable":true,"href":"https:\/\/www.europesays.com\/fi\/wp-json\/wp\/v2\/comments?post=111246"}],"version-history":[{"count":0,"href":"https:\/\/www.europesays.com\/fi\/wp-json\/wp\/v2\/posts\/111246\/revisions"}],"wp:featuredmedia":[{"embeddable":true,"href":"https:\/\/www.europesays.com\/fi\/wp-json\/wp\/v2\/media\/111247"}],"wp:attachment":[{"href":"https:\/\/www.europesays.com\/fi\/wp-json\/wp\/v2\/media?parent=111246"}],"wp:term":[{"taxonomy":"category","embeddable":true,"href":"https:\/\/www.europesays.com\/fi\/wp-json\/wp\/v2\/categories?post=111246"},{"taxonomy":"post_tag","embeddable":true,"href":"https:\/\/www.europesays.com\/fi\/wp-json\/wp\/v2\/tags?post=111246"}],"curies":[{"name":"wp","href":"https:\/\/api.w.org\/{rel}","templated":true}]}}