{"id":111248,"date":"2025-12-08T22:04:09","date_gmt":"2025-12-08T22:04:09","guid":{"rendered":"https:\/\/www.europesays.com\/fi\/111248\/"},"modified":"2025-12-08T22:04:09","modified_gmt":"2025-12-08T22:04:09","slug":"trish-kieltaytyi-intiimista-hetkesta-jattifirma-rankaisi","status":"publish","type":"post","link":"https:\/\/www.europesays.com\/fi\/111248\/","title":{"rendered":"Trish kielt\u00e4ytyi intiimist\u00e4 hetkest\u00e4 \u2013 J\u00e4ttifirma rankaisi"},"content":{"rendered":"<p>Trish Stratus on showpainifanien suosikki, vaikka ura p\u00e4\u00e4ttyi jo aikoja sitten.<\/p>\n<p><img decoding=\"async\" class=\"image image-show image-preview\" src=\"https:\/\/www.europesays.com\/fi\/wp-content\/uploads\/2025\/12\/a39d79b4c6ca3a3324ed2507c12b146672369884269cb5c251f4ce25e6d9983b.jpg\" alt=\"\"\/><img decoding=\"async\" class=\"image image-show\" src=\"https:\/\/www.europesays.com\/fi\/wp-content\/uploads\/2025\/12\/1765231449_536_a39d79b4c6ca3a3324ed2507c12b146672369884269cb5c251f4ce25e6d9983b.jpg\" alt=\"\"\/><\/p>\n<p>Trish Stratus kuuluu showpainin 2000-luvun suurimpiin t\u00e4htiin. AOP<\/p>\n<p class=\"paragraph\">Showpainipromootio WWE:n kunniagalleriaankin kuuluva <strong>Trish Stratus<\/strong>, oikealta nimelt\u00e4\u00e4n Patricia Stratigeas, paini firman riveiss\u00e4 l\u00e4hes seitsem\u00e4n vuoden ajan.<\/p>\n<p class=\"paragraph\">Vuonna 2000 debyyttins\u00e4 tehnyt Stratus nousi maailmanlaajuisesti fanien suureen suosioon showpainibuumin aikana.<\/p>\n<p class=\"paragraph\">Sittemmin h\u00e4n on ty\u00f6skennellyt hyvinvointialan yritt\u00e4j\u00e4n\u00e4. Marraskuussa Status vieraili Pod Meets World -nimisess\u00e4 podcastissa muistelemassa WWE-aikojaan.<\/p>\n<p class=\"paragraph\">Podcastissa kuultiin paljastus. Stratus kielt\u00e4ytyi yhdest\u00e4 k\u00e4sikirjoitukseen suunnitellusta kohtauksesta.<\/p>\n<p class=\"paragraph\">\u2013\u2009Yhden kerran jouduin sanomaan ei. Siin\u00e4 kohtauksessa minun piti suudella toista naispainijaa. H\u00e4mm\u00e4stelin sit\u00e4, ja sanoin ei. Ei k\u00e4y p\u00e4ins\u00e4. Mielest\u00e4ni se ei sopinut omaan arvomaailmaani eik\u00e4 se sopinut my\u00f6sk\u00e4\u00e4n esitt\u00e4m\u00e4lleni hahmolleni.<\/p>\n<p class=\"paragraph\">Miljardiluokan yritykseksi kasvanut WWE ei katsellut sit\u00e4 hyv\u00e4ll\u00e4.<\/p>\n<p class=\"paragraph\">\u2013\u2009Heti sen j\u00e4lkeen minulta otettiin naisten mestaruusvy\u00f6 pois. Hullua hommaa, Stratus kertoi.<\/p>\n<p class=\"paragraph\">WWE:n kyseenalaiset juonenk\u00e4\u00e4nteet ovat joutuneet my\u00f6hemmin kriittiseen tarkasteluun. Muun muassa Netflixin dokumenttisarja WWE:n pitk\u00e4aikaisesta ex-pomosta <strong>Vince McMahonista<\/strong> avasi showpainibisneksen kohuja.<\/p>\n<p class=\"paragraph\">McMahon on sittemmin joutunut eroamaan teht\u00e4v\u00e4st\u00e4\u00e4n ihmiskauppa- ja seksuaalirikossyytteiden vuoksi.<\/p>\n","protected":false},"excerpt":{"rendered":"Trish Stratus on showpainifanien suosikki, vaikka ura p\u00e4\u00e4ttyi jo aikoja sitten. Trish Stratus kuuluu showpainin 2000-luvun suurimpiin t\u00e4htiin.&hellip;\n","protected":false},"author":2,"featured_media":111249,"comment_status":"","ping_status":"","sticky":false,"template":"","format":"standard","meta":{"footnotes":""},"categories":[136],"tags":[35,407,137,33,31,30,2118,408,2121,32,140,2119,2117,109],"class_list":{"0":"post-111248","1":"post","2":"type-post","3":"status-publish","4":"format-standard","5":"has-post-thumbnail","7":"category-julkkikset","8":"tag-24h","9":"tag-celebrities","10":"tag-entertainment","11":"tag-fi","12":"tag-finland","13":"tag-finnish","14":"tag-internetvideopalvelut","15":"tag-julkkikset","16":"tag-median-suoratoisto","17":"tag-suomi","18":"tag-tv-ja-elokuvat","19":"tag-videokuvaus","20":"tag-videon-suoratoisto","21":"tag-viihde"},"share_on_mastodon":{"url":"https:\/\/pubeurope.com\/@fi\/115686215953844804","error":""},"_links":{"self":[{"href":"https:\/\/www.europesays.com\/fi\/wp-json\/wp\/v2\/posts\/111248","targetHints":{"allow":["GET"]}}],"collection":[{"href":"https:\/\/www.europesays.com\/fi\/wp-json\/wp\/v2\/posts"}],"about":[{"href":"https:\/\/www.europesays.com\/fi\/wp-json\/wp\/v2\/types\/post"}],"author":[{"embeddable":true,"href":"https:\/\/www.europesays.com\/fi\/wp-json\/wp\/v2\/users\/2"}],"replies":[{"embeddable":true,"href":"https:\/\/www.europesays.com\/fi\/wp-json\/wp\/v2\/comments?post=111248"}],"version-history":[{"count":0,"href":"https:\/\/www.europesays.com\/fi\/wp-json\/wp\/v2\/posts\/111248\/revisions"}],"wp:featuredmedia":[{"embeddable":true,"href":"https:\/\/www.europesays.com\/fi\/wp-json\/wp\/v2\/media\/111249"}],"wp:attachment":[{"href":"https:\/\/www.europesays.com\/fi\/wp-json\/wp\/v2\/media?parent=111248"}],"wp:term":[{"taxonomy":"category","embeddable":true,"href":"https:\/\/www.europesays.com\/fi\/wp-json\/wp\/v2\/categories?post=111248"},{"taxonomy":"post_tag","embeddable":true,"href":"https:\/\/www.europesays.com\/fi\/wp-json\/wp\/v2\/tags?post=111248"}],"curies":[{"name":"wp","href":"https:\/\/api.w.org\/{rel}","templated":true}]}}