{"id":111252,"date":"2025-12-08T22:12:10","date_gmt":"2025-12-08T22:12:10","guid":{"rendered":"https:\/\/www.europesays.com\/fi\/111252\/"},"modified":"2025-12-08T22:12:10","modified_gmt":"2025-12-08T22:12:10","slug":"yle-jan-mikael-jarvinen-palaa-ensi-kaudeksi-ilvekseen-liiga-08-12-2025-uutiset-jatkoaika-com","status":"publish","type":"post","link":"https:\/\/www.europesays.com\/fi\/111252\/","title":{"rendered":"Yle: Jan-Mikael J\u00e4rvinen palaa ensi kaudeksi Ilvekseen &#8211; LIIGA &#8211; 08.12.2025 &#8211; Uutiset &#8211; Jatkoaika.com"},"content":{"rendered":"<p>\u00c4ssien kapteeni, keskushy\u00f6kk\u00e4\u00e4j\u00e4\u00a0<strong>Jan-Mikael J\u00e4rvinen\u00a0<\/strong>palaa ensi kaudella kasvattajaseuraansa Tampereen Ilvekseen, kertoo <a href=\"https:\/\/yle.fi\/a\/74-20198424?origin=rss\" rel=\"nofollow noopener\" target=\"_blank\">Yle<\/a>.<\/p>\n<p>37-vuotias konkarihy\u00f6kk\u00e4\u00e4j\u00e4 pelaa t\u00e4ll\u00e4 hetkell\u00e4 nelj\u00e4tt\u00e4 kauttaan \u00c4ssiss\u00e4, ja h\u00e4nen sopimuksensa p\u00e4\u00e4ttyy ensi kev\u00e4\u00e4seen. Kapteenin kunniaa toista kautta kantava J\u00e4rvinen on kirjoitushetkell\u00e4 my\u00f6s sarjan nelj\u00e4nneksi tehokkain keskushy\u00f6kk\u00e4\u00e4j\u00e4 tehty\u00e4\u00e4n 28 ottelussa tehopisteet 8+16.<\/p>\n<p>Pirkkalassa syntynyt J\u00e4rvinen nousi edustusjoukkueen kynnykselle ensi kertaa urallaan juuri Ilveksess\u00e4 kaudella 2006\u201307. H\u00e4n ehti pelaamaan kyseisess\u00e4 kaudella vain kolme ottelua tupsukorvissa, ja sen j\u00e4lkeen ura on jatkunut muissa seuroissa.<\/p>\n<p>J\u00e4rvinen on tuon j\u00e4lkeen edustanut muun muassa HPK:ta, SaPKoa, Tapparaa ja LeKi\u00e4, jonka lis\u00e4ksi h\u00e4nell\u00e4 on kokemusta ulkomailta Adler Mannheimist\u00e4, EC Salzburgista sek\u00e4 Malm\u00f6 Redhawksista. H\u00e4n nousi Leijonien MM-miehist\u00f6\u00f6n ensi kertaa vasta t\u00e4n\u00e4 vuonna.<\/p>\n<p>\u2013 En kommentoi asiaa. H\u00e4nen kanssaan on neuvoteltu. Katsotaan, millaisia ratkaisuja h\u00e4n uransa jatkosta tekee, \u00c4ssien urheilujohtaja Jarno Kultanen kommentoi J\u00e4rviseen liittyen Ylelle.<\/p>\n","protected":false},"excerpt":{"rendered":"\u00c4ssien kapteeni, keskushy\u00f6kk\u00e4\u00e4j\u00e4\u00a0Jan-Mikael J\u00e4rvinen\u00a0palaa ensi kaudella kasvattajaseuraansa Tampereen Ilvekseen, kertoo Yle. 37-vuotias konkarihy\u00f6kk\u00e4\u00e4j\u00e4 pelaa t\u00e4ll\u00e4 hetkell\u00e4 nelj\u00e4tt\u00e4 kauttaan&hellip;\n","protected":false},"author":2,"featured_media":111253,"comment_status":"","ping_status":"","sticky":false,"template":"","format":"standard","meta":{"footnotes":""},"categories":[158],"tags":[33,31,30,159,32,160,20653],"class_list":{"0":"post-111252","1":"post","2":"type-post","3":"status-publish","4":"format-standard","5":"has-post-thumbnail","7":"category-urheilu","8":"tag-fi","9":"tag-finland","10":"tag-finnish","11":"tag-sports","12":"tag-suomi","13":"tag-urheilu","14":"tag-yle-jan-mikael-jarvinen-palaa-ensi-kaudeksi-ilvekseen-liiga-08-12-2025-uutiset-jatkoaika-com-kaikki-jaakiekosta"},"share_on_mastodon":{"url":"https:\/\/pubeurope.com\/@fi\/115686247269737708","error":""},"_links":{"self":[{"href":"https:\/\/www.europesays.com\/fi\/wp-json\/wp\/v2\/posts\/111252","targetHints":{"allow":["GET"]}}],"collection":[{"href":"https:\/\/www.europesays.com\/fi\/wp-json\/wp\/v2\/posts"}],"about":[{"href":"https:\/\/www.europesays.com\/fi\/wp-json\/wp\/v2\/types\/post"}],"author":[{"embeddable":true,"href":"https:\/\/www.europesays.com\/fi\/wp-json\/wp\/v2\/users\/2"}],"replies":[{"embeddable":true,"href":"https:\/\/www.europesays.com\/fi\/wp-json\/wp\/v2\/comments?post=111252"}],"version-history":[{"count":0,"href":"https:\/\/www.europesays.com\/fi\/wp-json\/wp\/v2\/posts\/111252\/revisions"}],"wp:featuredmedia":[{"embeddable":true,"href":"https:\/\/www.europesays.com\/fi\/wp-json\/wp\/v2\/media\/111253"}],"wp:attachment":[{"href":"https:\/\/www.europesays.com\/fi\/wp-json\/wp\/v2\/media?parent=111252"}],"wp:term":[{"taxonomy":"category","embeddable":true,"href":"https:\/\/www.europesays.com\/fi\/wp-json\/wp\/v2\/categories?post=111252"},{"taxonomy":"post_tag","embeddable":true,"href":"https:\/\/www.europesays.com\/fi\/wp-json\/wp\/v2\/tags?post=111252"}],"curies":[{"name":"wp","href":"https:\/\/api.w.org\/{rel}","templated":true}]}}