{"id":111254,"date":"2025-12-08T22:13:12","date_gmt":"2025-12-08T22:13:12","guid":{"rendered":"https:\/\/www.europesays.com\/fi\/111254\/"},"modified":"2025-12-08T22:13:12","modified_gmt":"2025-12-08T22:13:12","slug":"laura-huhtasaaren-kasilaukku-kiinnitti-huomion-kysyimme-stylistilta-oliko-se-etikettimoka","status":"publish","type":"post","link":"https:\/\/www.europesays.com\/fi\/111254\/","title":{"rendered":"Laura Huhtasaaren k\u00e4silaukku kiinnitti huomion \u2013 Kysyimme stylistilt\u00e4, oliko se etikettimoka"},"content":{"rendered":"<p>Laura Huhtasaaren k\u00e4silaukkuvalinta Linnan juhlissa on jakanut mielipiteit\u00e4. Tyyliasiantuntija kertoo, oliko kyseess\u00e4 etikettimoka.<\/p>\n<p><img decoding=\"async\" class=\"image image-show image-preview\" src=\"https:\/\/www.europesays.com\/fi\/wp-content\/uploads\/2025\/12\/1fc89b373f175b404f68467dd962b7bac1cb34b708884dca2e477de5bae84f4f.jpg\" alt=\"\"\/><img decoding=\"async\" class=\"image image-show\" src=\"https:\/\/www.europesays.com\/fi\/wp-content\/uploads\/2025\/12\/1765231992_647_1fc89b373f175b404f68467dd962b7bac1cb34b708884dca2e477de5bae84f4f.jpg\" alt=\"\"\/><\/p>\n<p>Laura Huhtasaaren asu oli omaa suunnittelua laukkua my\u00f6ten. Karoliina Vuorenm\u00e4ki<\/p>\n<p class=\"paragraph\">Linnan juhlat ovat suurin ja ehk\u00e4p\u00e4 juhlavin Suomessa j\u00e4rjestett\u00e4v\u00e4 tilaisuus vuosittain. Virallinen pukuetiketti on juhlapuku, johon kuuluu miehell\u00e4 frakki ja naisella t\u00e4yspitk\u00e4, juhlavasta materiaalista valmistettu iltapuku, umpik\u00e4rkiset juhlakeng\u00e4t ja pieni k\u00e4dess\u00e4 kannettava juhlalaukku.<\/p>\n<p class=\"paragraph\">T\u00e4st\u00e4 syyst\u00e4 osa juhlia television kautta seuranneista kiinnitti huomionsa kansanedustaja <strong>Laura Huhtasaaren<\/strong> (ps.) ruskeaan nahkak\u00e4silaukkuun, joka ei n\u00e4ytt\u00e4nyt vastaavan juhlaetiketin mukaista pikkulaukkua. Oliko kyseess\u00e4 etikettimoka?<\/p>\n<p class=\"paragraph\">\u2013 Huhtasaaren puku oli minimalistinen ja siin\u00e4 oli hieno pallokuosi, joka toistuu my\u00f6s laukun pohjassa. My\u00f6s hiuskoristeessa oli pallokuviota. Jos puhutaan etiketin rikkomisesta, niin ei tuo mielest\u00e4ni pahimmasta p\u00e4\u00e4st\u00e4 ole, kommentoi Iltalehden pyynn\u00f6st\u00e4 vaatesuunnittelija, stylisti ja tyylikonsultti <strong>Eeva Koljonen<\/strong>.<\/p>\n<p class=\"paragraph\">Laukku on siis selv\u00e4sti suunniteltu juuri t\u00e4t\u00e4 juhla-asun kokonaisuutta ajatellen. Se tekee siit\u00e4 juhlaan sopivan.<\/p>\n<p class=\"paragraph\">\u2013 Onhan se erilainen, mutta noissa juhlissa n\u00e4kee paljon muutakin hyvin erilaista, niin t\u00e4m\u00e4 oli iiseimm\u00e4st\u00e4 p\u00e4\u00e4st\u00e4. Minun mielest\u00e4ni se ei ollut pahin mahdollinen tyylimoka. Laukku on kuitenkin siisti ja idea toistuu asun mukaan.<\/p>\n<p class=\"paragraph\">Koljonen toteaa, ett\u00e4 vaikka laukku ei ole etiketiss\u00e4 mainittua kirjekuorikokoa, se sopii Huhtasaaren minimalistiseen asuun.<\/p>\n<p class=\"paragraph\">\u2013 Se ei kuitenkaan ole mik\u00e4\u00e4n sattumanvaraisesti kaapista otettu suurikokoinen yliolan laukku.<\/p>\n<p class=\"paragraph\">Huhtasaaren laukkuvalinta oli my\u00f6s tyylillisesti ajankohtainen, sill\u00e4 Herm\u00e8sin Birkin- ja Kelly-laukkujen vanavedess\u00e4 perinteinen \u201dmuumimammamallinen\u201d kantokahvalla varustettu k\u00e4silaukkumalli on taas eritt\u00e4in trendik\u00e4s.<\/p>\n<p class=\"paragraph\">Pahin etikettimoka, jonka juhlapukeutumisessa voisi laukun kanssa tehd\u00e4, olisi Koljosen mielest\u00e4 ep\u00e4siisti ja asuun sopimaton laukkuvalinta.<\/p>\n<p class=\"paragraph\">\u2013 Sellainen, joka rikkoo selke\u00e4sti koko asun ilmett\u00e4 huonolla tavalla. Ett\u00e4 jos muu asu on mietitty, mutta laukku otettu vain esimerkiksi sen s\u00e4ilytysominaisuuden takia.<\/p>\n","protected":false},"excerpt":{"rendered":"Laura Huhtasaaren k\u00e4silaukkuvalinta Linnan juhlissa on jakanut mielipiteit\u00e4. Tyyliasiantuntija kertoo, oliko kyseess\u00e4 etikettimoka. Laura Huhtasaaren asu oli omaa&hellip;\n","protected":false},"author":2,"featured_media":111255,"comment_status":"","ping_status":"","sticky":false,"template":"","format":"standard","meta":{"footnotes":""},"categories":[130],"tags":[137,33,31,30,2351,1390,106,637,886,887,32,2350,109],"class_list":{"0":"post-111254","1":"post","2":"type-post","3":"status-publish","4":"format-standard","5":"has-post-thumbnail","7":"category-viihde","8":"tag-entertainment","9":"tag-fi","10":"tag-finland","11":"tag-finnish","12":"tag-kengat-ja-asusteet","13":"tag-kuukausi","14":"tag-muoti","15":"tag-politiikka","16":"tag-puolueet","17":"tag-suomen-politiikka","18":"tag-suomi","19":"tag-vaatekappaleet","20":"tag-viihde"},"share_on_mastodon":{"url":"https:\/\/pubeurope.com\/@fi\/115686251521992622","error":""},"_links":{"self":[{"href":"https:\/\/www.europesays.com\/fi\/wp-json\/wp\/v2\/posts\/111254","targetHints":{"allow":["GET"]}}],"collection":[{"href":"https:\/\/www.europesays.com\/fi\/wp-json\/wp\/v2\/posts"}],"about":[{"href":"https:\/\/www.europesays.com\/fi\/wp-json\/wp\/v2\/types\/post"}],"author":[{"embeddable":true,"href":"https:\/\/www.europesays.com\/fi\/wp-json\/wp\/v2\/users\/2"}],"replies":[{"embeddable":true,"href":"https:\/\/www.europesays.com\/fi\/wp-json\/wp\/v2\/comments?post=111254"}],"version-history":[{"count":0,"href":"https:\/\/www.europesays.com\/fi\/wp-json\/wp\/v2\/posts\/111254\/revisions"}],"wp:featuredmedia":[{"embeddable":true,"href":"https:\/\/www.europesays.com\/fi\/wp-json\/wp\/v2\/media\/111255"}],"wp:attachment":[{"href":"https:\/\/www.europesays.com\/fi\/wp-json\/wp\/v2\/media?parent=111254"}],"wp:term":[{"taxonomy":"category","embeddable":true,"href":"https:\/\/www.europesays.com\/fi\/wp-json\/wp\/v2\/categories?post=111254"},{"taxonomy":"post_tag","embeddable":true,"href":"https:\/\/www.europesays.com\/fi\/wp-json\/wp\/v2\/tags?post=111254"}],"curies":[{"name":"wp","href":"https:\/\/api.w.org\/{rel}","templated":true}]}}