{"id":111256,"date":"2025-12-08T22:16:11","date_gmt":"2025-12-08T22:16:11","guid":{"rendered":"https:\/\/www.europesays.com\/fi\/111256\/"},"modified":"2025-12-08T22:16:11","modified_gmt":"2025-12-08T22:16:11","slug":"kaupallisilla-radiokanavilla-katkos-varsinais-suomessa-digita","status":"publish","type":"post","link":"https:\/\/www.europesays.com\/fi\/111256\/","title":{"rendered":"Kaupallisilla radiokanavilla katkos Varsinais-Suomessa | Digita"},"content":{"rendered":"<p>\t\t\t\t\t\t<img loading=\"lazy\" width=\"1672\" height=\"2560\" class=\"single-to-date-page__main-section__img single-to-date-page__main-section__img__web\" alt=\"\" decoding=\"async\" src=\"https:\/\/www.europesays.com\/fi\/wp-content\/uploads\/2025\/12\/pohjoinenmasto-scaled.jpg\"  data- data-lazy=\"\"\/>\t\t\t\t\t\t<img width=\"1672\" height=\"2560\" class=\"single-to-date-page__main-section__img single-to-date-page__main-section__img__mobile\" alt=\"\" decoding=\"async\" fetchpriority=\"high\" src=\"https:\/\/www.europesays.com\/fi\/wp-content\/uploads\/2025\/12\/pohjoinenmasto-scaled.jpg\"  data- data-lazy=\"\"\/>\t\t\t\t\t<\/p>\n<p class=\"single-to-date-page__main-sectio__date\">\n<p>\t\t\t\t\t\t\t<strong><br \/>\n\t\t\t\t\t\t\tJulkaistu:\t\t\t\t\t\t\t8.12.2025\t\t\t\t\t\t\t<\/strong><\/p>\n<p><strong>Digitan Turun ja Eurajoen radio- ja tv-asemien peittoalueiden kaupallisilla radiokanavilla oli l\u00e4hetyskatkos 8.12.2025 klo 22.01-23.29 v\u00e4lisen\u00e4 aikana.<\/strong><\/p>\n<p>Pahoittelemme katkoksesta aiheutunutta haittaa.<\/p>\n<p>Digita\/Viestint\u00e4<\/p>\n","protected":false},"excerpt":{"rendered":"Julkaistu: 8.12.2025 Digitan Turun ja Eurajoen radio- ja tv-asemien peittoalueiden kaupallisilla radiokanavilla oli l\u00e4hetyskatkos 8.12.2025 klo 22.01-23.29 v\u00e4lisen\u00e4&hellip;\n","protected":false},"author":2,"featured_media":111257,"comment_status":"","ping_status":"","sticky":false,"template":"","format":"standard","meta":{"footnotes":""},"categories":[76],"tags":[79,77,33,31,30,32,78],"class_list":{"0":"post-111256","1":"post","2":"type-post","3":"status-publish","4":"format-standard","5":"has-post-thumbnail","7":"category-talous","8":"tag-business","9":"tag-economy","10":"tag-fi","11":"tag-finland","12":"tag-finnish","13":"tag-suomi","14":"tag-talous"},"share_on_mastodon":{"url":"https:\/\/pubeurope.com\/@fi\/115686263308166492","error":""},"_links":{"self":[{"href":"https:\/\/www.europesays.com\/fi\/wp-json\/wp\/v2\/posts\/111256","targetHints":{"allow":["GET"]}}],"collection":[{"href":"https:\/\/www.europesays.com\/fi\/wp-json\/wp\/v2\/posts"}],"about":[{"href":"https:\/\/www.europesays.com\/fi\/wp-json\/wp\/v2\/types\/post"}],"author":[{"embeddable":true,"href":"https:\/\/www.europesays.com\/fi\/wp-json\/wp\/v2\/users\/2"}],"replies":[{"embeddable":true,"href":"https:\/\/www.europesays.com\/fi\/wp-json\/wp\/v2\/comments?post=111256"}],"version-history":[{"count":0,"href":"https:\/\/www.europesays.com\/fi\/wp-json\/wp\/v2\/posts\/111256\/revisions"}],"wp:featuredmedia":[{"embeddable":true,"href":"https:\/\/www.europesays.com\/fi\/wp-json\/wp\/v2\/media\/111257"}],"wp:attachment":[{"href":"https:\/\/www.europesays.com\/fi\/wp-json\/wp\/v2\/media?parent=111256"}],"wp:term":[{"taxonomy":"category","embeddable":true,"href":"https:\/\/www.europesays.com\/fi\/wp-json\/wp\/v2\/categories?post=111256"},{"taxonomy":"post_tag","embeddable":true,"href":"https:\/\/www.europesays.com\/fi\/wp-json\/wp\/v2\/tags?post=111256"}],"curies":[{"name":"wp","href":"https:\/\/api.w.org\/{rel}","templated":true}]}}