{"id":111258,"date":"2025-12-08T22:17:10","date_gmt":"2025-12-08T22:17:10","guid":{"rendered":"https:\/\/www.europesays.com\/fi\/111258\/"},"modified":"2025-12-08T22:17:10","modified_gmt":"2025-12-08T22:17:10","slug":"mielenosoittajat-sulkeneet-kreetan-kaksi-suurinta-lentokenttaa","status":"publish","type":"post","link":"https:\/\/www.europesays.com\/fi\/111258\/","title":{"rendered":"Mielenosoittajat sulkeneet Kreetan kaksi suurinta lentokentt\u00e4\u00e4"},"content":{"rendered":"<p>Kreikkalaismedioiden mukaan paikalla on useita satoja mielenosoittajia.<\/p>\n<p>8.12. 23:38<\/p>\n<p class=\"article-body mb-nof-24 px-nof-16\">Mielenosoittajat ovat sulkeneet Kreetan saaren kaksi suurinta lentokentt\u00e4\u00e4. Asiasta uutisoivat esimerkiksi <a class=\"article-genericlink\" href=\"https:\/\/www.reuters.com\/world\/greek-farmers-block-borders-airport-roads-protest-delayed-eu-farm-subsidies-2025-12-08\/\" rel=\"nofollow noopener\" target=\"_blank\">Reuters <\/a>ja <a class=\"article-genericlink\" href=\"https:\/\/www.expressen.se\/nyheter\/sverige\/bonder-stanger-kretas-flygplatser\/\" rel=\"nofollow noopener\" target=\"_blank\">Expressen<\/a>.<\/p>\n<p class=\"article-body mb-nof-24 px-nof-16\">Mielenosoittajat, joista valtaosan on viljelij\u00f6it\u00e4, p\u00e4\u00e4siv\u00e4t maanantaina sek\u00e4 poliisin ett\u00e4 aitojen ohi ja ajoivat ajoneuvonsa Heraklionin ja Hanian lentokenttien kiitoteille.<\/p>\n<p class=\"article-body mb-nof-24 px-nof-16\">Kreikkalaismedioiden mukaan paikalla on useita satoja mielenosoittajia, kertoo Expressen.<\/p>\n<p class=\"article-body mb-nof-24 px-nof-16\">Useat heist\u00e4 aikovat j\u00e4\u00e4d\u00e4 paikalle tiistaiaamuun asti protestoidakseen Ateenan viranomaisia vastaan, jotka heid\u00e4n mukaansa pid\u00e4tt\u00e4v\u00e4t EU-tukia, joihin viljelij\u00e4t katsovat olevansa oikeutettuja.<\/p>\n<p><img decoding=\"async\" src=\"https:\/\/www.europesays.com\/fi\/wp-content\/uploads\/2025\/12\/1765232229_698_468.jpg\" alt=\"Mielenosoittajat protestoimassa Heraklionin lentokent\u00e4ll\u00e4.\" class=\"_Img_1rerz_1\" style=\"aspect-ratio:1.5\" loading=\"eager\"\/><\/p>\n<p class=\"article-picture-caption\">Mielenosoittajat protestoimassa Heraklionin lentokent\u00e4ll\u00e4. Kuva:\u00a0REUTERS\/Stefanos Rapanis<\/p>\n<p class=\"article-body mb-nof-24 px-nof-16\">Poliisi k\u00e4ytti kyynelkaasua protestoivia viljelij\u00f6it\u00e4 vastaan. Reutersin mukaan lentoliikenne on pys\u00e4htynyt.<\/p>\n<p class=\"article-body mb-nof-24 px-nof-16\">Mielenosoittajat ovat ottaneet k\u00e4ytt\u00f6\u00f6n tuhansia kuorma-autoja ja traktoreita ainakin parissakymmeness\u00e4 tiesulussa ymp\u00e4ri maata, kertoo Reuters paikallismedioihin viitaten.<\/p>\n<p class=\"article-body mb-nof-24 px-nof-16\">Hanian <a class=\"article-genericlink\" href=\"https:\/\/www.chq-airport.gr\/en\" rel=\"nofollow noopener\" target=\"_blank\">lentokentt\u00e4 <\/a>tiedottaa, ett\u00e4 mielenosoituksen vuoksi p\u00e4\u00e4sy lentokent\u00e4lle voi vaikeutua.<\/p>\n<p class=\"article-body mb-nof-24 px-nof-16\">Viljelij\u00f6iden mielenosoitukset ovat yleisi\u00e4 Kreikassa, ja aiemmat samankaltaiset tiesulut ovat joskus katkaisseet koko maan pohjoisen ja etel\u00e4n v\u00e4lisen liikenteen viikoiksi, kertoo <a class=\"article-genericlink\" href=\"https:\/\/abcnews.go.com\/Business\/wireStory\/protesting-greek-farmers-swarm-apron-area-international-airport-128206829\" rel=\"nofollow noopener\" target=\"_blank\">ABC News. <\/a><\/p>\n<p class=\"article-body mb-nof-24 px-nof-16\">Mielenosoitus on osa koko maan laajuisia protesteja p\u00e4\u00e4ministeri <a class=\"article-personlink\" href=\"https:\/\/www.is.fi\/haku\/?query=Kyriakos%20Mitsotakisia\" rel=\"nofollow noopener\" target=\"_blank\">Kyriakos Mitsotakisia <\/a>ja h\u00e4nen hallitustaan vastaan.<\/p>\n<p class=\"article-body mb-nof-24 px-nof-16\">Mielenosoitukset liittyv\u00e4t EU:n tukemien maataloustukien maksujen viiv\u00e4stymisiin skandaalin j\u00e4lkeen, jossa paljastui petollisia tukihakemuksia.<\/p>\n<p class=\"article-body mb-nof-24 px-nof-16\">Mielenosoittajat kokevat viiv\u00e4stykset ep\u00e4reiluiksi ja kollektiiviseksi rangaistukseksi, josta my\u00f6s rehelliset viljelij\u00e4t joutuvat k\u00e4rsim\u00e4\u00e4n. Viljelij\u00e4t pelk\u00e4\u00e4v\u00e4t velkaantuvansa ja etteiv\u00e4t pysty kylv\u00e4m\u00e4\u00e4n peltojaan seuraavaksi kaudeksi, kertoo ABC News.<\/p>\n<p class=\"article-body mb-nof-24 px-nof-16\">Lammastilalliset kamppailevat my\u00f6s maassa levi\u00e4v\u00e4n lampaan- ja vuohenruton epidemian kanssa. Yli 400\u202f000 lammasta ja vuohta on lopetettu, ja viljelij\u00e4t vaativat korvauksia tapetuista el\u00e4imist\u00e4, kertoo <a class=\"article-genericlink\" href=\"https:\/\/www.bbc.com\/news\/articles\/cgex9d0212xo\" rel=\"nofollow noopener\" target=\"_blank\">BBC<\/a>.<\/p>\n<p class=\"article-body mb-nof-24 px-nof-16\">IS uutisoi <a class=\"article-genericlink\" href=\"https:\/\/www.is.fi\/taloussanomat\/art-2000011676372.html\" rel=\"nofollow noopener\" target=\"_blank\">aiemmin<\/a>, ett\u00e4 tilanne on johtanut varoituksiin l\u00e4hestyv\u00e4st\u00e4 fetajuustopulasta.<\/p>\n<p><img decoding=\"async\" src=\"https:\/\/www.europesays.com\/fi\/wp-content\/uploads\/2025\/12\/1765232230_900_468.jpg\" alt=\"Mielenosoittajat ovat sulkeneet teit\u00e4.\" class=\"_Img_1rerz_1\" style=\"aspect-ratio:1.5\" loading=\"eager\"\/><\/p>\n<p class=\"article-picture-caption\">Mielenosoittajat ovat sulkeneet teit\u00e4. Kuva:\u00a0REUTERS\/Stefanos Rapanis<\/p>\n","protected":false},"excerpt":{"rendered":"Kreikkalaismedioiden mukaan paikalla on useita satoja mielenosoittajia. 8.12. 23:38 Mielenosoittajat ovat sulkeneet Kreetan saaren kaksi suurinta lentokentt\u00e4\u00e4. Asiasta&hellip;\n","protected":false},"author":2,"featured_media":111259,"comment_status":"","ping_status":"","sticky":false,"template":"","format":"standard","meta":{"footnotes":""},"categories":[14],"tags":[22,23,26,27,33,31,30,17,34,24,25,28,29,15,18,21,32,19,20,56,16,59,60,61],"class_list":{"0":"post-111258","1":"post","2":"type-post","3":"status-publish","4":"format-standard","5":"has-post-thumbnail","7":"category-ulkomaat","8":"tag-breaking-news","9":"tag-breakingnews","10":"tag-featured-news","11":"tag-featurednews","12":"tag-fi","13":"tag-finland","14":"tag-finnish","15":"tag-headlines","16":"tag-ilta-sanomat","17":"tag-latest-news","18":"tag-latestnews","19":"tag-main-news","20":"tag-mainnews","21":"tag-news","22":"tag-otsikot","23":"tag-paauutiset","24":"tag-suomi","25":"tag-top-stories","26":"tag-topstories","27":"tag-ulkomaat","28":"tag-uutiset","29":"tag-world","30":"tag-world-news","31":"tag-worldnews"},"share_on_mastodon":{"url":"https:\/\/pubeurope.com\/@fi\/115686266972226935","error":""},"_links":{"self":[{"href":"https:\/\/www.europesays.com\/fi\/wp-json\/wp\/v2\/posts\/111258","targetHints":{"allow":["GET"]}}],"collection":[{"href":"https:\/\/www.europesays.com\/fi\/wp-json\/wp\/v2\/posts"}],"about":[{"href":"https:\/\/www.europesays.com\/fi\/wp-json\/wp\/v2\/types\/post"}],"author":[{"embeddable":true,"href":"https:\/\/www.europesays.com\/fi\/wp-json\/wp\/v2\/users\/2"}],"replies":[{"embeddable":true,"href":"https:\/\/www.europesays.com\/fi\/wp-json\/wp\/v2\/comments?post=111258"}],"version-history":[{"count":0,"href":"https:\/\/www.europesays.com\/fi\/wp-json\/wp\/v2\/posts\/111258\/revisions"}],"wp:featuredmedia":[{"embeddable":true,"href":"https:\/\/www.europesays.com\/fi\/wp-json\/wp\/v2\/media\/111259"}],"wp:attachment":[{"href":"https:\/\/www.europesays.com\/fi\/wp-json\/wp\/v2\/media?parent=111258"}],"wp:term":[{"taxonomy":"category","embeddable":true,"href":"https:\/\/www.europesays.com\/fi\/wp-json\/wp\/v2\/categories?post=111258"},{"taxonomy":"post_tag","embeddable":true,"href":"https:\/\/www.europesays.com\/fi\/wp-json\/wp\/v2\/tags?post=111258"}],"curies":[{"name":"wp","href":"https:\/\/api.w.org\/{rel}","templated":true}]}}