{"id":111264,"date":"2025-12-08T22:31:16","date_gmt":"2025-12-08T22:31:16","guid":{"rendered":"https:\/\/www.europesays.com\/fi\/111264\/"},"modified":"2025-12-08T22:31:16","modified_gmt":"2025-12-08T22:31:16","slug":"johan-pomppasi-suvi-terasniskalla-uusi-duuni","status":"publish","type":"post","link":"https:\/\/www.europesays.com\/fi\/111264\/","title":{"rendered":"Johan pomppasi! Suvi Ter\u00e4sniskalla uusi duuni"},"content":{"rendered":"<p>Suvi Ter\u00e4sniska tunnetaan laulajana, josta on povattu suoranaista Katri Helenan manttelinperij\u00e4\u00e4. Naisen tunteikas \u00e4\u00e4ni ja jo nyt hiteiksi muodostuneet laulut ovat vet\u00e4neet suomalaisia konserttiareenat t\u00e4yteen jo vuosikausien ajan.<\/p>\n<p>Suvilla on my\u00f6s erityinen suhde Katriin. H\u00e4n sai kunnian esiinty\u00e4 Katrin viimeisess\u00e4 konsertissa ja viimeisell\u00e4 levytyksell\u00e4 El\u00e4m\u00e4n tie.<\/p>\n<p>Pari p\u00e4iv\u00e4\u00e4 sitten Suvi kertoi her\u00e4nneens\u00e4 y\u00f6ll\u00e4 ja kiirehtineens\u00e4 katsomaan Yle Areenasta Viimeinen ilta -konserttitaltiointia, jossa h\u00e4n esiintyi muiden artistien kanssa Katri Helenan rinnalla.<\/p>\n<p>Suvi kertoo itke\u00e4 vollottaneensa koko ajan. H\u00e4n toivoo ett\u00e4 konsertista tulee perinne itsen\u00e4isyysp\u00e4iv\u00e4n viettoon.<\/p>\n<p>ASMR-\u00e4\u00e4ni\u00e4 ja Suvin tuutuilua<\/p>\n<p>Paraikaa Suvi esiintyy joulukonserteissaan, mutta t\u00e4m\u00e4 ehtiv\u00e4 nainen kertoo my\u00f6s aloittaneensa uudessa hommassa.<\/p>\n<p>H\u00e4n on \u00e4\u00e4nikirjojen lukija! Tai oikeammin kyse on saduista.<\/p>\n<p>Lue my\u00f6s: <a href=\"https:\/\/www.como.fi\/uutiset\/suvi-terasniska-valvoi-yolla-eika-itkemisesta-tullut-loppua\/\" title=\"Suvi Ter\u00e4sniska valvoi y\u00f6ll\u00e4 eik\u00e4 itkemisest\u00e4 tullut loppua\" class=\"underline-custom !font-montserrat !font-bold !underline-offset-4 !decoration-4 !decoration-red-600 !text-md\" rel=\"nofollow noopener\" target=\"_blank\">Suvi Ter\u00e4sniska valvoi y\u00f6ll\u00e4 eik\u00e4 itkemisest\u00e4 tullut loppua<\/a><\/p>\n<p>Suvi on aiemmin julkaissut pari erikoislevy\u00e4, Iltalauluja 1 ja Iltalauluja 2, joista j\u00e4lkimm\u00e4inen ilmestyi vastik\u00e4\u00e4n. Sarjaan sopii oivallisesti, ett\u00e4 nyt h\u00e4n on lukenut \u201dnauhalle\u201d Tuutusatuja, joita on kirjoittanut Sanna Wikstr\u00f6m.<\/p>\n<p>Lue my\u00f6s: <a href=\"https:\/\/www.como.fi\/uutiset\/kt-suvi-terasniska-itki-junassa-nyt-han-kertoo-rehellisen-syyn\/\" title=\"KT: Suvi Ter\u00e4sniska itki junassa \u2013 nyt h\u00e4n kertoo rehellisen syyn\" class=\"underline-custom !font-montserrat !font-bold !underline-offset-4 !decoration-4 !decoration-red-600 !text-md\" rel=\"nofollow noopener\" target=\"_blank\">KT: Suvi Ter\u00e4sniska itki junassa \u2013 nyt h\u00e4n kertoo rehellisen syyn<\/a><\/p>\n<p>Sanna kertoi asiasta jo vuosi sitten p\u00e4ivityksess\u00e4\u00e4n.<\/p>\n<p>Lue my\u00f6s: <a href=\"https:\/\/www.como.fi\/uutiset\/elamani-biisin-suvi-terasniska-sai-itkukohtauksen-kesken-kuvauksen-koskettava-video\/\" title=\"El\u00e4m\u00e4ni biisin Suvi Ter\u00e4sniska sai itkukohtauksen kesken kuvauksen \u2013 koskettava video\" class=\"underline-custom !font-montserrat !font-bold !underline-offset-4 !decoration-4 !decoration-red-600 !text-md\" rel=\"nofollow noopener\" target=\"_blank\">El\u00e4m\u00e4ni biisin Suvi Ter\u00e4sniska sai itkukohtauksen kesken kuvauksen \u2013 koskettava video<\/a><\/p>\n<p>-Me tehtiin Tuutusatuja! Min\u00e4 kirjoitin ja Suvi Ter\u00e4sniska luki ihanalla, pehme\u00e4ll\u00e4 \u00e4\u00e4nell\u00e4\u00e4n. Otettiin mukaan my\u00f6s rauhoittavia ASMR-\u00e4\u00e4ni\u00e4, jotka on integroitu osaksi tarinaa. Tuutusaduissa k\u00e4ytetyt ASMR-\u00e4\u00e4net ovat rahinoita, suhinoita, kahinoita ja muita pehmeit\u00e4 \u00e4\u00e4ni\u00e4, jotka tuovat rauhoittavan aistiel\u00e4myksen keholliseksi kokemuksiksi. Moni saa \u00e4\u00e4nist\u00e4 helpostusta nukahtamiseen ja my\u00f6s painaviin tunteisiin, kirjoitti Wikstr\u00f6m.<\/p>\n<p>Suvia on tuotteistettu viime aikoina my\u00f6s koruihin.<\/p>\n<p>Lue my\u00f6s: <a href=\"https:\/\/www.como.fi\/tilaa-comon-uutiskirje\/\" title=\"Tilaa Comon uutiskirje ja tied\u00e4t mist\u00e4 kahvitauolla puhutaan! Nappaa kotimaan tv-vinkit ja puheenaiheet suoraan s\u00e4hk\u00f6postiin t\u00e4st\u00e4.\" class=\"underline-custom !font-montserrat !font-bold !underline-offset-4 !decoration-4 !decoration-red-600 !text-md\" rel=\"nofollow noopener\" target=\"_blank\">Tilaa Comon uutiskirje ja tied\u00e4t mist\u00e4 kahvitauolla puhutaan! Nappaa kotimaan tv-vinkit ja puheenaiheet suoraan s\u00e4hk\u00f6postiin t\u00e4st\u00e4.<\/a><\/p>\n","protected":false},"excerpt":{"rendered":"Suvi Ter\u00e4sniska tunnetaan laulajana, josta on povattu suoranaista Katri Helenan manttelinperij\u00e4\u00e4. Naisen tunteikas \u00e4\u00e4ni ja jo nyt hiteiksi&hellip;\n","protected":false},"author":2,"featured_media":80528,"comment_status":"","ping_status":"","sticky":false,"template":"","format":"standard","meta":{"footnotes":""},"categories":[136],"tags":[407,137,33,31,30,408,32,6416,109],"class_list":{"0":"post-111264","1":"post","2":"type-post","3":"status-publish","4":"format-standard","5":"has-post-thumbnail","7":"category-julkkikset","8":"tag-celebrities","9":"tag-entertainment","10":"tag-fi","11":"tag-finland","12":"tag-finnish","13":"tag-julkkikset","14":"tag-suomi","15":"tag-suvi-teru00e4sniska","16":"tag-viihde"},"share_on_mastodon":{"url":"https:\/\/pubeurope.com\/@fi\/115686321888997769","error":""},"_links":{"self":[{"href":"https:\/\/www.europesays.com\/fi\/wp-json\/wp\/v2\/posts\/111264","targetHints":{"allow":["GET"]}}],"collection":[{"href":"https:\/\/www.europesays.com\/fi\/wp-json\/wp\/v2\/posts"}],"about":[{"href":"https:\/\/www.europesays.com\/fi\/wp-json\/wp\/v2\/types\/post"}],"author":[{"embeddable":true,"href":"https:\/\/www.europesays.com\/fi\/wp-json\/wp\/v2\/users\/2"}],"replies":[{"embeddable":true,"href":"https:\/\/www.europesays.com\/fi\/wp-json\/wp\/v2\/comments?post=111264"}],"version-history":[{"count":0,"href":"https:\/\/www.europesays.com\/fi\/wp-json\/wp\/v2\/posts\/111264\/revisions"}],"wp:featuredmedia":[{"embeddable":true,"href":"https:\/\/www.europesays.com\/fi\/wp-json\/wp\/v2\/media\/80528"}],"wp:attachment":[{"href":"https:\/\/www.europesays.com\/fi\/wp-json\/wp\/v2\/media?parent=111264"}],"wp:term":[{"taxonomy":"category","embeddable":true,"href":"https:\/\/www.europesays.com\/fi\/wp-json\/wp\/v2\/categories?post=111264"},{"taxonomy":"post_tag","embeddable":true,"href":"https:\/\/www.europesays.com\/fi\/wp-json\/wp\/v2\/tags?post=111264"}],"curies":[{"name":"wp","href":"https:\/\/api.w.org\/{rel}","templated":true}]}}