{"id":111265,"date":"2025-12-08T22:38:09","date_gmt":"2025-12-08T22:38:09","guid":{"rendered":"https:\/\/www.europesays.com\/fi\/111265\/"},"modified":"2025-12-08T22:38:09","modified_gmt":"2025-12-08T22:38:09","slug":"ristomatti-hakola-lahtee-davosiin-markus-vuorela-ei","status":"publish","type":"post","link":"https:\/\/www.europesays.com\/fi\/111265\/","title":{"rendered":"Ristomatti Hakola l\u00e4htee Davosiin, Markus Vuorela ei"},"content":{"rendered":"<p>Hyv\u00e4rinen ja Lindholm palaavat cup-koitoksiin.<\/p>\n<p>8.12. 20:00<\/p>\n<p class=\"article-body mb-nof-24 px-nof-16\">Suomi suuntaa 21 urheilijan voimin maastohiihdon maailmancupin seuraavaan tapahtumaan Sveitsin Davosiin. Siell\u00e4 kisataan tulevana viikonloppuna vapaan hiihtotavan parisprintit, vapaan hiihtotavan sprintin henkil\u00f6kohtaiset kilpailut ja 10 kilometrin vapaan hiihtotavan v\u00e4liaikal\u00e4ht\u00f6kilpailut.<\/p>\n<p class=\"article-body mb-nof-24 px-nof-16\">Suomalaisnaisia on Davosissa yhdeks\u00e4n ja miehi\u00e4 12. Viime viikonlopun Trondheimin maailmancupista poissa olleet <a class=\"article-personlink\" href=\"https:\/\/www.satakunnankansa.fi\/haku\/?query=Perttu%20Hyv%C3%A4rinen\" rel=\"nofollow noopener\" target=\"_blank\">Perttu Hyv\u00e4rinen<\/a> ja <a class=\"article-personlink\" href=\"https:\/\/www.satakunnankansa.fi\/haku\/?query=Remi%20Lindholm\" rel=\"nofollow noopener\" target=\"_blank\">Remi Lindholm<\/a> ovat mukana Davosissa. <a class=\"article-personlink\" href=\"https:\/\/www.satakunnankansa.fi\/haku\/?query=Jesse%20K%C3%A4h%C3%A4r%C3%A4\" rel=\"nofollow noopener\" target=\"_blank\">Jesse K\u00e4h\u00e4r\u00e4<\/a>, 20, n\u00e4hd\u00e4\u00e4n toisen kerran maailmancupissa, debyyttins\u00e4 h\u00e4n teki viime maaliskuussa Salpaussel\u00e4ll\u00e4.<\/p>\n<p class=\"article-body mb-nof-24 px-nof-16\">J\u00e4min J\u00e4nteen huippuhiiht\u00e4jist\u00e4 <a class=\"article-personlink\" href=\"https:\/\/www.satakunnankansa.fi\/haku\/?query=Ristomatti%20Hakola\" rel=\"nofollow noopener\" target=\"_blank\">Ristomatti Hakola <\/a>on mukana, <a class=\"article-personlink\" href=\"https:\/\/www.satakunnankansa.fi\/haku\/?query=Markus%20Vuorela\" rel=\"nofollow noopener\" target=\"_blank\">Markus Vuorela<\/a> ei. Molemmat olivat mukana Trondheimissa.<\/p>\n<p class=\"article-body mb-nof-24 px-nof-16\">Naisten joukkueesta puuttuvat <a class=\"article-personlink\" href=\"https:\/\/www.satakunnankansa.fi\/haku\/?query=Johanna%20Matintalo\" rel=\"nofollow noopener\" target=\"_blank\">Johanna Matintalo<\/a> ja <a class=\"article-personlink\" href=\"https:\/\/www.satakunnankansa.fi\/haku\/?query=Katri%20Lylynper%C3%A4\" rel=\"nofollow noopener\" target=\"_blank\">Katri Lylynper\u00e4<\/a>.<\/p>\n<p>Suomen joukkue maastohiihdon maailmancupiin Sveitsin Davosiin 12.\u201314. joulukuuta:<\/p>\n<p class=\"article-body mb-nof-24 px-nof-16\">Naiset: Jasmi Joensuu, Jasmin K\u00e4h\u00e4r\u00e4, Hilla Niemel\u00e4, Kerttu Niskanen, Vilma Nissinen, Krista P\u00e4rm\u00e4koski, Selene Rossi, Vilma Ryytty, Amanda Saari<\/p>\n<p class=\"article-body mb-nof-24 px-nof-16\">Miehet: Olli Ahonen, Niko Anttola, Ristomatti Hakola, Perttu Hyv\u00e4rinen, Jesse K\u00e4h\u00e4r\u00e4, Emil Liekari, Remi Lindholm, Niilo Moilanen, Joni M\u00e4ki, Iivo Niskanen, Arsi Ruuskanen, Lauri Vuorinen.<\/p>\n","protected":false},"excerpt":{"rendered":"Hyv\u00e4rinen ja Lindholm palaavat cup-koitoksiin. 8.12. 20:00 Suomi suuntaa 21 urheilijan voimin maastohiihdon maailmancupin seuraavaan tapahtumaan Sveitsin Davosiin.&hellip;\n","protected":false},"author":2,"featured_media":111266,"comment_status":"","ping_status":"","sticky":false,"template":"","format":"standard","meta":{"footnotes":""},"categories":[158],"tags":[33,31,30,80,159,32,160],"class_list":{"0":"post-111265","1":"post","2":"type-post","3":"status-publish","4":"format-standard","5":"has-post-thumbnail","7":"category-urheilu","8":"tag-fi","9":"tag-finland","10":"tag-finnish","11":"tag-satakunnan-kansa","12":"tag-sports","13":"tag-suomi","14":"tag-urheilu"},"share_on_mastodon":{"url":"https:\/\/pubeurope.com\/@fi\/115686349710397482","error":""},"_links":{"self":[{"href":"https:\/\/www.europesays.com\/fi\/wp-json\/wp\/v2\/posts\/111265","targetHints":{"allow":["GET"]}}],"collection":[{"href":"https:\/\/www.europesays.com\/fi\/wp-json\/wp\/v2\/posts"}],"about":[{"href":"https:\/\/www.europesays.com\/fi\/wp-json\/wp\/v2\/types\/post"}],"author":[{"embeddable":true,"href":"https:\/\/www.europesays.com\/fi\/wp-json\/wp\/v2\/users\/2"}],"replies":[{"embeddable":true,"href":"https:\/\/www.europesays.com\/fi\/wp-json\/wp\/v2\/comments?post=111265"}],"version-history":[{"count":0,"href":"https:\/\/www.europesays.com\/fi\/wp-json\/wp\/v2\/posts\/111265\/revisions"}],"wp:featuredmedia":[{"embeddable":true,"href":"https:\/\/www.europesays.com\/fi\/wp-json\/wp\/v2\/media\/111266"}],"wp:attachment":[{"href":"https:\/\/www.europesays.com\/fi\/wp-json\/wp\/v2\/media?parent=111265"}],"wp:term":[{"taxonomy":"category","embeddable":true,"href":"https:\/\/www.europesays.com\/fi\/wp-json\/wp\/v2\/categories?post=111265"},{"taxonomy":"post_tag","embeddable":true,"href":"https:\/\/www.europesays.com\/fi\/wp-json\/wp\/v2\/tags?post=111265"}],"curies":[{"name":"wp","href":"https:\/\/api.w.org\/{rel}","templated":true}]}}