{"id":111268,"date":"2025-12-08T22:42:16","date_gmt":"2025-12-08T22:42:16","guid":{"rendered":"https:\/\/www.europesays.com\/fi\/111268\/"},"modified":"2025-12-08T22:42:16","modified_gmt":"2025-12-08T22:42:16","slug":"power-nama-ovat-joulun-toivotuimmat-teknologialahjat","status":"publish","type":"post","link":"https:\/\/www.europesays.com\/fi\/111268\/","title":{"rendered":"Power: n\u00e4m\u00e4 ovat joulun toivotuimmat teknologialahjat"},"content":{"rendered":"<p><a href=\"https:\/\/www.europesays.com\/fi\/wp-content\/uploads\/2025\/10\/power.jpg\" data-lightbox=\"image\"><img fetchpriority=\"high\" decoding=\"async\" aria-describedby=\"caption-attachment-266449\" class=\"size-full wp-image-266449\" src=\"data:image\/svg+xml,%3Csvg%20xmlns=\" http:=\"\" alt=\"Power. Kuva: Melissa Laitila.\" width=\"1200\" height=\"800\" data-lazy- data-lazy- data-lazy-src=\"https:\/\/www.europesays.com\/fi\/wp-content\/uploads\/2025\/10\/power.jpg\"\/><\/a><\/p>\n<p id=\"caption-attachment-266449\" class=\"wp-caption-text\">Power. Kuva: Melissa Laitila.<\/p>\n<p>Powerin tuore joulututkimus paljastaa, ett\u00e4 teknologialahjat koetaan \u201cvarmaksi valinnaksi\u201d, ja toivelistojen k\u00e4rjess\u00e4 korostuvat k\u00e4yt\u00e4nn\u00f6lliset, arkea helpottavat laitteet. Kyselyyn vastasi 300 suomalaista kuluttajaa marraskuussa 2025.<\/p>\n<p>Tutkimuksessa selvitettiin, mit\u00e4 suomalaiset toivovat lahjaksi juuri t\u00e4n\u00e4 vuonna. Vastauksissa korostuvat k\u00e4yt\u00e4nn\u00f6lliset ja arkea helpottavat laitteet, ja toivelistan ykk\u00f6seksi nousevat seuraavat selke\u00e4t kategoriat, jotka eiv\u00e4t j\u00e4\u00e4 kaappiin p\u00f6lyttym\u00e4\u00e4n.<\/p>\n<p>Powerin tutkimuksen mukaan lahjojen k\u00e4rjess\u00e4 ovat:<\/p>\n<ul>\n<li>Puhelin<\/li>\n<li>\u00c4lykello<\/li>\n<li>Airfryer<\/li>\n<li>S\u00e4hk\u00f6hammasharja<\/li>\n<li>Tabletti<\/li>\n<li>Varsi-imuri<\/li>\n<li>Blenderi<\/li>\n<\/ul>\n<p style=\"width: 98%; text-align: center; font-size:13px; border-bottom: 1px solid #C8C8C8; line-height: 0.1em; margin: 8px 1% 16px 1%;\">MAINOS (ARTIKKELI JATKUU ALLA)<\/p>\n<p>Vahvana nousijana vastaajat mainitsivat lis\u00e4ksi robotti-imurin, joka oli my\u00f6s yksi Black Friday -kampanjoiden hittituotteista. <a href=\"https:\/\/mobiili.fi\/2025\/12\/03\/power-teki-ennatyksen-black-weekilla-naiden-hittituotteiden-myynti-tuplaantui\/\" rel=\"nofollow noopener\" target=\"_blank\">Power kertoi aiemmin Black Week -kampanjassaan robotti-imureiden myynnin kaksinkertaistuneen<\/a>.<\/p>\n<p>\u201dT\u00e4m\u00e4n vuoden joulussa n\u00e4kyy selke\u00e4 \u2019j\u00e4rkev\u00e4n lahjakulttuurin\u2019 trendi. Teknologialahjojen suosio kasvaa erityisesti siksi, ett\u00e4 suomalaiset arvostavat nyt k\u00e4yt\u00e4nn\u00f6llisyytt\u00e4, laatua ja helppoutta. Hankitaan mieluummin yksi kunnollinen lahja kuin monta pient\u00e4\u201d, sanoo Power Finland Oy:n toimitusjohtaja Juha-Mikko Saviluoto.<\/p>\n<p>Mainos: <a href=\"https:\/\/hinta.fi\/?src=gPp6fX03\" target=\"_blank\" rel=\"nofollow noopener\">Noin 1 600 000 tuotteen hintavertailu ja hintaseuranta &#8211; katso Hinta.fist\u00e4 mist\u00e4 saat halvimmalla<\/a><\/p>\n","protected":false},"excerpt":{"rendered":"Power. Kuva: Melissa Laitila. Powerin tuore joulututkimus paljastaa, ett\u00e4 teknologialahjat koetaan \u201cvarmaksi valinnaksi\u201d, ja toivelistojen k\u00e4rjess\u00e4 korostuvat k\u00e4yt\u00e4nn\u00f6lliset,&hellip;\n","protected":false},"author":2,"featured_media":50893,"comment_status":"","ping_status":"","sticky":false,"template":"","format":"standard","meta":{"footnotes":""},"categories":[76],"tags":[79,77,33,31,30,32,78],"class_list":{"0":"post-111268","1":"post","2":"type-post","3":"status-publish","4":"format-standard","5":"has-post-thumbnail","7":"category-talous","8":"tag-business","9":"tag-economy","10":"tag-fi","11":"tag-finland","12":"tag-finnish","13":"tag-suomi","14":"tag-talous"},"share_on_mastodon":{"url":"https:\/\/pubeurope.com\/@fi\/115686365246382841","error":""},"_links":{"self":[{"href":"https:\/\/www.europesays.com\/fi\/wp-json\/wp\/v2\/posts\/111268","targetHints":{"allow":["GET"]}}],"collection":[{"href":"https:\/\/www.europesays.com\/fi\/wp-json\/wp\/v2\/posts"}],"about":[{"href":"https:\/\/www.europesays.com\/fi\/wp-json\/wp\/v2\/types\/post"}],"author":[{"embeddable":true,"href":"https:\/\/www.europesays.com\/fi\/wp-json\/wp\/v2\/users\/2"}],"replies":[{"embeddable":true,"href":"https:\/\/www.europesays.com\/fi\/wp-json\/wp\/v2\/comments?post=111268"}],"version-history":[{"count":0,"href":"https:\/\/www.europesays.com\/fi\/wp-json\/wp\/v2\/posts\/111268\/revisions"}],"wp:featuredmedia":[{"embeddable":true,"href":"https:\/\/www.europesays.com\/fi\/wp-json\/wp\/v2\/media\/50893"}],"wp:attachment":[{"href":"https:\/\/www.europesays.com\/fi\/wp-json\/wp\/v2\/media?parent=111268"}],"wp:term":[{"taxonomy":"category","embeddable":true,"href":"https:\/\/www.europesays.com\/fi\/wp-json\/wp\/v2\/categories?post=111268"},{"taxonomy":"post_tag","embeddable":true,"href":"https:\/\/www.europesays.com\/fi\/wp-json\/wp\/v2\/tags?post=111268"}],"curies":[{"name":"wp","href":"https:\/\/api.w.org\/{rel}","templated":true}]}}