{"id":111269,"date":"2025-12-08T22:43:08","date_gmt":"2025-12-08T22:43:08","guid":{"rendered":"https:\/\/www.europesays.com\/fi\/111269\/"},"modified":"2025-12-08T22:43:08","modified_gmt":"2025-12-08T22:43:08","slug":"jarviraka-uhkaa-maailman-kirkasvetisinta-jarvea-kaukana-ihmisasutuksesta-maailman-toisella-puolella","status":"publish","type":"post","link":"https:\/\/www.europesays.com\/fi\/111269\/","title":{"rendered":"&#8221;J\u00e4rvir\u00e4k\u00e4&#8221; uhkaa maailman kirkasvetisint\u00e4 j\u00e4rve\u00e4 kaukana ihmisasutuksesta maailman toisella puolella"},"content":{"rendered":"<p>Rotomairewhenua-j\u00e4rvi on Uuden-Seelannin alkuper\u00e4iskansalle pyh\u00e4 paikka. <\/p>\n<p><img decoding=\"async\" class=\"image image-show image-preview\" src=\"https:\/\/www.europesays.com\/fi\/wp-content\/uploads\/2025\/12\/979f6b271a06e4b6599ba0bf0acbc00f33efbe5db23943ee0cfe0bdc64f1e8b9.jpg\" alt=\"\"\/><img decoding=\"async\" class=\"image image-show\" src=\"https:\/\/www.europesays.com\/fi\/wp-content\/uploads\/2025\/12\/1765233788_142_979f6b271a06e4b6599ba0bf0acbc00f33efbe5db23943ee0cfe0bdc64f1e8b9.jpg\" alt=\"\"\/><\/p>\n<p>Uudessa-Seelannissa sijaitsee maailman kirkasvetisimm\u00e4ksi j\u00e4rveksi tituleerattu vesist\u00f6.  Wikimedia Commons \/ CC BY-SA 2.5<\/p>\n<p class=\"paragraph\">Maailman kirkasvetisin j\u00e4rvi ei pian v\u00e4ltt\u00e4m\u00e4tt\u00e4 en\u00e4\u00e4 ole entisell\u00e4\u00e4n.<\/p>\n<p class=\"paragraph\">J\u00e4rve\u00e4 uhkaa mikroskooppisen pieni lev\u00e4, jota kutsutaan my\u00f6s \u201dj\u00e4rvir\u00e4\u00e4ksi\u201d. Asiasta kertoo muun muassa <a href=\"https:\/\/edition.cnn.com\/travel\/new-zealand-blue-lake-spc-c2e\" target=\"_blank\" rel=\"noopener nofollow\">CNN<\/a>.<\/p>\n<p class=\"paragraph\">Tutkijat havaitsivat vuonna 2013, ett\u00e4 Uuden-Seelannin Nelson Lake -kansallispuistossa sijaitsevan pienen j\u00e4rven puhtaus oli omaa luokkaansa ja n\u00e4kyvyys vedess\u00e4 oli jopa 70\u201380 metri\u00e4. Tutkijoiden mukaan kyse on tiett\u00e4v\u00e4sti maailman kirkasvetisimm\u00e4st\u00e4 j\u00e4rvest\u00e4.<\/p>\n<p class=\"paragraph\">J\u00e4rvi sijaitsee varsin kaukana ihmisasutuksesta, mutta veden puhtautta koskevan tutkimuksen tultua julki, k\u00e4vij\u00e4m\u00e4\u00e4r\u00e4t j\u00e4rvell\u00e4 ovat kaksinkertaistuneet. J\u00e4rvi on saanut matkakohteena huomiota my\u00f6s sosiaalisessa mediassa ja houkutellut sit\u00e4 kautta paikalle aiempaa enemm\u00e4n k\u00e4vij\u00f6it\u00e4.<\/p>\n<p>Lev\u00e4 levi\u00e4\u00e4 turistien mukana<\/p>\n<p class=\"paragraph\">J\u00e4rven l\u00f6ysi ensimm\u00e4isen\u00e4 maoriheimo Ng\u0101ti Apa, joka antoi j\u00e4rvelle nimen Rotomairewhenua. Se tarkoittaa \u201drauhallisten maiden j\u00e4rve\u00e4\u201d. J\u00e4rvest\u00e4 tuli maoreille pyh\u00e4 paikka, jossa puhdistettiin vainajien luut.<\/p>\n<p class=\"paragraph\">Ng\u0101ti Apa ja luonnonsuojelijat ovat nyt huolissaan siit\u00e4, ett\u00e4 j\u00e4rvelle vaeltavat turistit pilaavat Rotomairewhenua-j\u00e4rven puhtauden.<\/p>\n<p class=\"paragraph\">Turistien mukana j\u00e4rvelle kulkeutuu Lindavia-nimist\u00e4 mikroskooppisen pient\u00e4 lev\u00e4\u00e4. Lev\u00e4 muodostaa vedenpinnan alle limaisia s\u00e4ikeit\u00e4, mink\u00e4 vuoksi se tunnetaan my\u00f6s \u201dj\u00e4rvir\u00e4k\u00e4n\u00e4\u201d.<\/p>\n<p class=\"paragraph\">Lindavia-lev\u00e4 ei ole ihmiselle myrkyllist\u00e4, mutta pienikin m\u00e4\u00e4r\u00e4 sit\u00e4 voi muuttaa j\u00e4rven ekologiaa pysyv\u00e4sti. Lev\u00e4st\u00e4 voi muodostua j\u00e4rveen limainen kalvo, joka peitt\u00e4\u00e4 poikkeuksellisen kirkkaan veden.<\/p>\n<p class=\"paragraph\">Lindavia on tullut Uuteen-Seelantiin vieraslajina todenn\u00e4k\u00f6isesti Pohjois-Amerikasta. Ensimm\u00e4iset havainnot siit\u00e4 tehtiin 2000-luvun alkupuolella.<\/p>\n<p class=\"paragraph\">Lev\u00e4\u00e4 esiintyy jo Rotomairewhenuan alajuoksulla muissa j\u00e4rviss\u00e4.<\/p>\n<p class=\"paragraph\">J\u00e4rvelle matkaavia vaeltajia opastetaankin pyyhkim\u00e4\u00e4n kenk\u00e4ns\u00e4 ja varusteensa ennen Rotomairewhenua-j\u00e4rvelle suuntaamista, jotta j\u00e4rvelle ei kulkeutuisi uusia lajeja. K\u00e4vij\u00f6it\u00e4 kehotetaan my\u00f6s olemaan koskematta veteen. Kyse ei ole ainoastaan vieraslajin torjunnasta vaan my\u00f6s kunnioituksesta alkuper\u00e4iskansan pyh\u00e4\u00e4 paikkaa kohtaan.<\/p>\n","protected":false},"excerpt":{"rendered":"Rotomairewhenua-j\u00e4rvi on Uuden-Seelannin alkuper\u00e4iskansalle pyh\u00e4 paikka. Uudessa-Seelannissa sijaitsee maailman kirkasvetisimm\u00e4ksi j\u00e4rveksi tituleerattu vesist\u00f6. Wikimedia Commons \/ CC BY-SA&hellip;\n","protected":false},"author":2,"featured_media":111270,"comment_status":"","ping_status":"","sticky":false,"template":"","format":"standard","meta":{"footnotes":""},"categories":[14],"tags":[35,22,23,404,26,27,33,31,30,17,24,25,72,28,29,15,18,21,591,32,19,20,56,16,872,59,60,61,534],"class_list":{"0":"post-111269","1":"post","2":"type-post","3":"status-publish","4":"format-standard","5":"has-post-thumbnail","7":"category-ulkomaat","8":"tag-24h","9":"tag-breaking-news","10":"tag-breakingnews","11":"tag-elaimet","12":"tag-featured-news","13":"tag-featurednews","14":"tag-fi","15":"tag-finland","16":"tag-finnish","17":"tag-headlines","18":"tag-latest-news","19":"tag-latestnews","20":"tag-luonto","21":"tag-main-news","22":"tag-mainnews","23":"tag-news","24":"tag-otsikot","25":"tag-paauutiset","26":"tag-selkarankaiset","27":"tag-suomi","28":"tag-top-stories","29":"tag-topstories","30":"tag-ulkomaat","31":"tag-uutiset","32":"tag-vesistot","33":"tag-world","34":"tag-world-news","35":"tag-worldnews","36":"tag-ymparisto-ja-luonto"},"share_on_mastodon":{"url":"https:\/\/pubeurope.com\/@fi\/115686369468800056","error":""},"_links":{"self":[{"href":"https:\/\/www.europesays.com\/fi\/wp-json\/wp\/v2\/posts\/111269","targetHints":{"allow":["GET"]}}],"collection":[{"href":"https:\/\/www.europesays.com\/fi\/wp-json\/wp\/v2\/posts"}],"about":[{"href":"https:\/\/www.europesays.com\/fi\/wp-json\/wp\/v2\/types\/post"}],"author":[{"embeddable":true,"href":"https:\/\/www.europesays.com\/fi\/wp-json\/wp\/v2\/users\/2"}],"replies":[{"embeddable":true,"href":"https:\/\/www.europesays.com\/fi\/wp-json\/wp\/v2\/comments?post=111269"}],"version-history":[{"count":0,"href":"https:\/\/www.europesays.com\/fi\/wp-json\/wp\/v2\/posts\/111269\/revisions"}],"wp:featuredmedia":[{"embeddable":true,"href":"https:\/\/www.europesays.com\/fi\/wp-json\/wp\/v2\/media\/111270"}],"wp:attachment":[{"href":"https:\/\/www.europesays.com\/fi\/wp-json\/wp\/v2\/media?parent=111269"}],"wp:term":[{"taxonomy":"category","embeddable":true,"href":"https:\/\/www.europesays.com\/fi\/wp-json\/wp\/v2\/categories?post=111269"},{"taxonomy":"post_tag","embeddable":true,"href":"https:\/\/www.europesays.com\/fi\/wp-json\/wp\/v2\/tags?post=111269"}],"curies":[{"name":"wp","href":"https:\/\/api.w.org\/{rel}","templated":true}]}}