{"id":111275,"date":"2025-12-08T22:57:10","date_gmt":"2025-12-08T22:57:10","guid":{"rendered":"https:\/\/www.europesays.com\/fi\/111275\/"},"modified":"2025-12-08T22:57:10","modified_gmt":"2025-12-08T22:57:10","slug":"quentin-tarantinon-haukkuma-nayttelija-tylytti-takaisin-kukaan-ei-sanoisi-niin-tom-cruiselle","status":"publish","type":"post","link":"https:\/\/www.europesays.com\/fi\/111275\/","title":{"rendered":"Quentin Tarantinon haukkuma n\u00e4yttelij\u00e4 tylytti takaisin: \u201cKukaan ei sanoisi niin Tom Cruiselle\u201d"},"content":{"rendered":"<p>Quentin Tarantinon tylyt kommentit ovat saaneet Hollywoodin \u00e4l\u00e4ht\u00e4m\u00e4\u00e4n.<\/p>\n<p><a href=\"https:\/\/muropaketti.com\/avainsana\/quentin-tarantino\/\" rel=\"nofollow noopener\" target=\"_blank\">Quentin Tarantino<\/a> tylytti viime viikolla muun muassa n\u00e4yttelij\u00e4 Paul Danoa. Dano itse ei ole kommentoinut julkisesti Tarantinon v\u00e4itett\u00e4, ett\u00e4 h\u00e4n olisi \u201cSAG:n heikoin miesn\u00e4yttelij\u00e4\u201d, mutta moni muu on noussut <a href=\"https:\/\/muropaketti.com\/elokuvat\/elokuvauutiset\/the-batman-ohjaaja-puolusti-arvuuttajan-nayttelijaa-quentin-tarantinon-haukkujen-jalkeen-uskomaton-ihminen\/\" rel=\"nofollow noopener\" target=\"_blank\">h\u00e4nen tuekseen<\/a>.<\/p>\n<p>N\u00e4yttelij\u00e4 Matthew Lillard sai my\u00f6s osansa Tarantinon tylytyksest\u00e4. Lillardista Tarantino ei omien sanojensa mukaan \u201cv\u00e4lit\u00e4\u201d.<\/p>\n<p>Lillardin mukaan kukaan ei sanoisi noin vaikkapa Tom Cruiselle, uutisoi <a href=\"https:\/\/www.hollywoodreporter.com\/movies\/movie-news\/matthew-lillard-quentin-tarantino-acting-fucking-sucks-1236444119\/\" target=\"_blank\" rel=\"noreferrer noopener nofollow\">The Hollywood Reporter<\/a>.<\/p>\n<p>\u201cQuentin Tarantino sanoi t\u00e4ll\u00e4 viikolla, ettei h\u00e4n pid\u00e4 minusta n\u00e4yttelij\u00e4n\u00e4. \u00c4h, hitot siit\u00e4. Kuka v\u00e4litt\u00e4\u00e4 paskaakaan\u201d, Lillard kommentoi.<\/p>\n<p>\u201cPointti on, ett\u00e4 loukkaahan se tunteita. Se on vitun kurjaa. Ja et sanoisi noin Tom Cruiselle. Et sanoisi noin jollekulle Hollywoodin isoista nimist\u00e4.\u201d<\/p>\n<p>Lillardin voi n\u00e4hd\u00e4 parhaillaan elokuvateattereissa julkaistussa elokuvassa Five Nights at Freddy\u2019s 2.<\/p>\n","protected":false},"excerpt":{"rendered":"Quentin Tarantinon tylyt kommentit ovat saaneet Hollywoodin \u00e4l\u00e4ht\u00e4m\u00e4\u00e4n. Quentin Tarantino tylytti viime viikolla muun muassa n\u00e4yttelij\u00e4 Paul Danoa.&hellip;\n","protected":false},"author":2,"featured_media":111276,"comment_status":"","ping_status":"","sticky":false,"template":"","format":"standard","meta":{"footnotes":""},"categories":[136],"tags":[407,137,33,31,30,408,10420,7599,2770,32,109],"class_list":{"0":"post-111275","1":"post","2":"type-post","3":"status-publish","4":"format-standard","5":"has-post-thumbnail","7":"category-julkkikset","8":"tag-celebrities","9":"tag-entertainment","10":"tag-fi","11":"tag-finland","12":"tag-finnish","13":"tag-julkkikset","14":"tag-matthew-lillard","15":"tag-paul-dano","16":"tag-quentin-tarantino","17":"tag-suomi","18":"tag-viihde"},"share_on_mastodon":{"url":"https:\/\/pubeurope.com\/@fi\/115686424176037733","error":""},"_links":{"self":[{"href":"https:\/\/www.europesays.com\/fi\/wp-json\/wp\/v2\/posts\/111275","targetHints":{"allow":["GET"]}}],"collection":[{"href":"https:\/\/www.europesays.com\/fi\/wp-json\/wp\/v2\/posts"}],"about":[{"href":"https:\/\/www.europesays.com\/fi\/wp-json\/wp\/v2\/types\/post"}],"author":[{"embeddable":true,"href":"https:\/\/www.europesays.com\/fi\/wp-json\/wp\/v2\/users\/2"}],"replies":[{"embeddable":true,"href":"https:\/\/www.europesays.com\/fi\/wp-json\/wp\/v2\/comments?post=111275"}],"version-history":[{"count":0,"href":"https:\/\/www.europesays.com\/fi\/wp-json\/wp\/v2\/posts\/111275\/revisions"}],"wp:featuredmedia":[{"embeddable":true,"href":"https:\/\/www.europesays.com\/fi\/wp-json\/wp\/v2\/media\/111276"}],"wp:attachment":[{"href":"https:\/\/www.europesays.com\/fi\/wp-json\/wp\/v2\/media?parent=111275"}],"wp:term":[{"taxonomy":"category","embeddable":true,"href":"https:\/\/www.europesays.com\/fi\/wp-json\/wp\/v2\/categories?post=111275"},{"taxonomy":"post_tag","embeddable":true,"href":"https:\/\/www.europesays.com\/fi\/wp-json\/wp\/v2\/tags?post=111275"}],"curies":[{"name":"wp","href":"https:\/\/api.w.org\/{rel}","templated":true}]}}