{"id":111277,"date":"2025-12-08T23:04:10","date_gmt":"2025-12-08T23:04:10","guid":{"rendered":"https:\/\/www.europesays.com\/fi\/111277\/"},"modified":"2025-12-08T23:04:10","modified_gmt":"2025-12-08T23:04:10","slug":"nain-jarjestajat-puolustavat-olympiajaahallin-kokoa-kritiikin-jalkeen-urheilua-lyhyesti","status":"publish","type":"post","link":"https:\/\/www.europesays.com\/fi\/111277\/","title":{"rendered":"N\u00e4in j\u00e4rjest\u00e4j\u00e4t puolustavat olympiaj\u00e4\u00e4hallin kokoa kritiikin j\u00e4lkeen | Urheilua lyhyesti"},"content":{"rendered":"<p class=\"aw-1gybjub aw-5vja16 kEtdKx kmuxyA yle__article__paragraph\">Ensi vuoden talviolympialaisten j\u00e4rjestelytoimikunta puolustaa kisojen j\u00e4\u00e4halleja. NHL ei ole viel\u00e4 kommentoinut julkisesti peliareenoiden kokoa.<\/p>\n<p><img decoding=\"async\" alt=\"Santagiulia-j\u00e4\u00e4kiekkoareenan rakennusty\u00f6maa maaliskuussa 2025.\" src=\"https:\/\/www.europesays.com\/fi\/wp-content\/uploads\/2025\/10\/39-153889468efef3a1722d.jpeg\" class=\"aw-1l9m598 hKVVvP\"\/><\/p>\n<p>Avaa kuvien katselu<\/p>\n<p>Santagiulia-j\u00e4\u00e4kiekkoareenan rakennusty\u00f6maa maaliskuussa 2025. Kuva: Getty Images<\/p>\n<p class=\"aw-1gybjub aw-1p7kakr kEtdKx cEmitX yle__article__paragraph\">Milano-Cortinan talviolympialaiset n\u00e4hd\u00e4\u00e4n ja kuullaan Ylen kanavilla 6.\u201322. helmikuuta 2026. Yle n\u00e4ytt\u00e4\u00e4 kaikkien muiden lajien ohella my\u00f6s olympialaisten j\u00e4\u00e4kiekon, jonka miesten turnaus pelataan 11.\u201322. helmikuuta 2026.<\/p>\n<p class=\"aw-1gybjub aw-1p7kakr kEtdKx cEmitX yle__article__paragraph\">Rakenteilla oleva Santa Giulia -j\u00e4\u00e4kiekkohalli toimii alkusarjan ja pudotuspelien p\u00e4\u00e4n\u00e4ytt\u00e4m\u00f6n\u00e4 Milano-Cortinan talviolympialaisissa. Osa alkusarjan otteluista pelataan Milano Rho -areenalla.<\/p>\n<p class=\"aw-1gybjub aw-1p7kakr kEtdKx cEmitX yle__article__paragraph\">NHL-pelaajat osallistuvat olympialaisiin ensi vuonna ensimm\u00e4ist\u00e4 kertaa sitten vuoden 2014.<\/p>\n<p class=\"aw-1gybjub aw-1p7kakr kEtdKx cEmitX yle__article__paragraph\">NHL on kuitenkin ilmaissut huolensa j\u00e4\u00e4kiekkoareenoiden koosta.<\/p>\n<p class=\"aw-1gybjub aw-1p7kakr kEtdKx cEmitX yle__article__paragraph\">\u2013 IIHF vahvistaa, ett\u00e4 Milano-Cortinan talviolympialaisten j\u00e4\u00e4pintojen mitat ovat 60,0 metri\u00e4 kertaa 26,0 metri\u00e4, kisaj\u00e4rjest\u00e4jien tiedotteessa kerrotaan.<\/p>\n<p class=\"aw-1gybjub aw-1p7kakr kEtdKx cEmitX yle__article__paragraph\">Taalakaukalo on hieman olympiakaukaloa lyhyempi, mutta muutaman sentin leve\u00e4mpi. NHL-kaukalon standardikoko on 60,96 metri\u00e4 pitk\u00e4 ja 25,91 metri\u00e4 leve\u00e4.<\/p>\n<p class=\"aw-1gybjub aw-1p7kakr kEtdKx cEmitX yle__article__paragraph\">Olympialaisten j\u00e4rjestelytoimikunta on julkaissut tiedotteen sivuillaan. Lausunnon on laatinut IIHF.<\/p>\n<p class=\"aw-1gybjub aw-1p7kakr kEtdKx cEmitX yle__article__paragraph\">\u2013 Vaikka n\u00e4m\u00e4 mitat poikkeavat hieman NHL:n kaukalosta, ne ovat IIHF:n s\u00e4\u00e4nt\u00f6jen mukaisia. Ne vastaavat Pekingin 2022 olympialaisten kaukaloita ja t\u00e4ytt\u00e4v\u00e4t t\u00e4ysin NHL:n Global Series -otteluille asettamat vaatimukset.<\/p>\n<p class=\"aw-1gybjub aw-1p7kakr kEtdKx cEmitX yle__article__paragraph\">\u2013 Kaikki osapuolet \u2013 IIHF, j\u00e4rjestelytoimikunta, NHL, NHLPA, IOC ja asianomaiset areenaviranomaiset \u2013 ovat yht\u00e4 mielt\u00e4 siit\u00e4, ett\u00e4 kaukaloiden mittaeroilla ei ole merkitt\u00e4v\u00e4\u00e4 vaikutusta, eik\u00e4 niill\u00e4 ole vaikutusta peliin tai pelaajien turvallisuuteen.<\/p>\n<p class=\"aw-1gybjub aw-1p7kakr kEtdKx cEmitX yle__article__paragraph\">Santa Giulian areena avataan ensi kuussa rakennusviiveiden j\u00e4lkeen. Areenalla on tarkoitus pelata testitapahtumana seitsem\u00e4n Italian liigan ja cupin ottelua 9.\u201311. tammikuuta.<\/p>\n","protected":false},"excerpt":{"rendered":"Ensi vuoden talviolympialaisten j\u00e4rjestelytoimikunta puolustaa kisojen j\u00e4\u00e4halleja. NHL ei ole viel\u00e4 kommentoinut julkisesti peliareenoiden kokoa. Avaa kuvien katselu&hellip;\n","protected":false},"author":2,"featured_media":63178,"comment_status":"","ping_status":"","sticky":false,"template":"","format":"standard","meta":{"footnotes":""},"categories":[158],"tags":[33,31,30,1143,20655,1697,2776,159,32,13138,160],"class_list":{"0":"post-111277","1":"post","2":"type-post","3":"status-publish","4":"format-standard","5":"has-post-thumbnail","7":"category-urheilu","8":"tag-fi","9":"tag-finland","10":"tag-finnish","11":"tag-jaakiekko","12":"tag-kansainvalinen-jaakiekkoliitto-iihf","13":"tag-nhl","14":"tag-olympialaiset","15":"tag-sports","16":"tag-suomi","17":"tag-talviolympialaiset-milano-cortina-2026","18":"tag-urheilu"},"share_on_mastodon":{"url":"https:\/\/pubeurope.com\/@fi\/115686451981951389","error":""},"_links":{"self":[{"href":"https:\/\/www.europesays.com\/fi\/wp-json\/wp\/v2\/posts\/111277","targetHints":{"allow":["GET"]}}],"collection":[{"href":"https:\/\/www.europesays.com\/fi\/wp-json\/wp\/v2\/posts"}],"about":[{"href":"https:\/\/www.europesays.com\/fi\/wp-json\/wp\/v2\/types\/post"}],"author":[{"embeddable":true,"href":"https:\/\/www.europesays.com\/fi\/wp-json\/wp\/v2\/users\/2"}],"replies":[{"embeddable":true,"href":"https:\/\/www.europesays.com\/fi\/wp-json\/wp\/v2\/comments?post=111277"}],"version-history":[{"count":0,"href":"https:\/\/www.europesays.com\/fi\/wp-json\/wp\/v2\/posts\/111277\/revisions"}],"wp:featuredmedia":[{"embeddable":true,"href":"https:\/\/www.europesays.com\/fi\/wp-json\/wp\/v2\/media\/63178"}],"wp:attachment":[{"href":"https:\/\/www.europesays.com\/fi\/wp-json\/wp\/v2\/media?parent=111277"}],"wp:term":[{"taxonomy":"category","embeddable":true,"href":"https:\/\/www.europesays.com\/fi\/wp-json\/wp\/v2\/categories?post=111277"},{"taxonomy":"post_tag","embeddable":true,"href":"https:\/\/www.europesays.com\/fi\/wp-json\/wp\/v2\/tags?post=111277"}],"curies":[{"name":"wp","href":"https:\/\/api.w.org\/{rel}","templated":true}]}}