{"id":111278,"date":"2025-12-08T23:05:09","date_gmt":"2025-12-08T23:05:09","guid":{"rendered":"https:\/\/www.europesays.com\/fi\/111278\/"},"modified":"2025-12-08T23:05:09","modified_gmt":"2025-12-08T23:05:09","slug":"tanaan-tvssa-lamminhenkinen-kotimainen-elokuva-vuodelta-2020-jaa-mieleen-pitkaksi-aikaa","status":"publish","type":"post","link":"https:\/\/www.europesays.com\/fi\/111278\/","title":{"rendered":"T\u00e4n\u00e4\u00e4n tv:ss\u00e4: L\u00e4mminhenkinen kotimainen elokuva vuodelta 2020 \u2013\u00a0&#8221;J\u00e4\u00e4 mieleen pitk\u00e4ksi aikaa&#8221;"},"content":{"rendered":"<p>T\u00e4n\u00e4\u00e4n n\u00e4hd\u00e4\u00e4n televisiossa vuonna 2020 valmistunut Ensilumi.<\/p>\n<p>Suomalais-iranilaisen<strong> Hamy Ramezanin <\/strong>elokuva kertoo maahanmuuttajaperheest\u00e4, joka on asunut jo ilmeisen pitk\u00e4\u00e4n vastaanottokeskuksessa. P\u00e4\u00e4t\u00f6s turvapaikan saamisesta hyl\u00e4t\u00e4\u00e4n, mutta se ei lannista perhett\u00e4. Heill\u00e4 on p\u00e4ivitt\u00e4iset rutiinit ja yst\u00e4vi\u00e4 sek\u00e4 muiden maahanmuuttajien ett\u00e4 suomalaisten keskuudessa.<\/p>\n<p>Lue my\u00f6s: <a href=\"https:\/\/www.episodi.fi\/uutiset\/yksi-odotetuimmista-kotimaisista-sarjoista-saa-tanaan-jatkoa\/\" title=\"Yksi odotetuimmista kotimaisista sarjoista saa t\u00e4n\u00e4\u00e4n jatkoa\" class=\"underline-custom !font-montserrat !font-bold !underline-offset-4 !decoration-4 !decoration-episodi-blue !text-md\" rel=\"nofollow noopener\" target=\"_blank\">Yksi odotetuimmista kotimaisista sarjoista saa t\u00e4n\u00e4\u00e4n jatkoa<\/a><\/p>\n<p>Ensilumessa ei etsit\u00e4 maahanmuuttajien el\u00e4m\u00e4st\u00e4 synkki\u00e4 hetki\u00e4 tai pakolaisuuteen liittyvi\u00e4 traagisia taustoja, vaan elet\u00e4\u00e4n t\u00e4ss\u00e4 hetkess\u00e4 toivoen parasta. Pienet asiat, kuten hampaiden harjaaminen yhdess\u00e4 tai vesilasin ojentaminen, saavat elokuvassa suuria merkityksi\u00e4.<\/p>\n<p>Perheen is\u00e4\u00e4 esitt\u00e4\u00e4 iranilaisen elokuvan suuri nimi<strong> Shahab Hossein<\/strong>i, joka tunnetaan Oscar-voittaja<strong> Asghar Farhadin<\/strong> elokuvista Nader ja Simin: Ero ja The Salesman. Ramezan oli kirjoittanut roolin Hosseini mieless\u00e4\u00e4n ja koki kaikkien aikojen yll\u00e4tyksen saadessaan haluamansa t\u00e4hden pienen budjetin elokuvaansa. Hosseini oli ehk\u00e4 etuk\u00e4teen vainunnut Ramezanin kyvyt, sill\u00e4 Ensilumi on vaatimattomasta mittakaavastaan huolimatta isolla syd\u00e4mell\u00e4 tehty elokuva, jonka haikea tunnelma j\u00e4\u00e4 mieleen pitk\u00e4ksi aikaa.<\/p>\n<p>Ensilumi esitet\u00e4\u00e4n Yle Teemalla kaksi kertaa:<\/p>\n<ul class=\"wp-block-list\">\n<li>Ti 9.12.2025 klo 22.00<\/li>\n<li>Su 14.12.2025 klo 12.00<\/li>\n<\/ul>\n<p>Katsottavissa Areenasta 7.1.2026 saakka. Katso traileri alta.<\/p>\n<p><img loading=\"lazy\" decoding=\"async\" alt=\"YouTube video\" width=\"480\" height=\"360\" data-pin-nopin=\"true\" nopin=\"nopin\" class=\"perfmatters-lazy\" src=\"https:\/\/www.europesays.com\/fi\/wp-content\/uploads\/2025\/12\/1765235109_79_hqdefault.jpg\"\/><\/p>\n<p>Lue my\u00f6s: <a href=\"https:\/\/www.episodi.fi\/uutiskirje\/?uutiskirjemainos=tekstilinkkimainos\" title=\"Tilaa Episodin uutiskirje ja voit voittaa leffalippuja! Nappaa tv-vinkit suoraan s\u00e4hk\u00f6postiin t\u00e4st\u00e4.\" class=\"underline-custom !font-montserrat !font-bold !underline-offset-4 !decoration-4 !decoration-episodi-blue !text-md\" rel=\"nofollow noopener\" target=\"_blank\">Tilaa Episodin uutiskirje ja voit voittaa leffalippuja! Nappaa katseluvinkit suoraan s\u00e4hk\u00f6postiin t\u00e4st\u00e4.<\/a><\/p>\n","protected":false},"excerpt":{"rendered":"T\u00e4n\u00e4\u00e4n n\u00e4hd\u00e4\u00e4n televisiossa vuonna 2020 valmistunut Ensilumi. Suomalais-iranilaisen Hamy Ramezanin elokuva kertoo maahanmuuttajaperheest\u00e4, joka on asunut jo ilmeisen&hellip;\n","protected":false},"author":2,"featured_media":111279,"comment_status":"","ping_status":"","sticky":false,"template":"","format":"standard","meta":{"footnotes":""},"categories":[130],"tags":[137,33,31,30,32,139,109],"class_list":{"0":"post-111278","1":"post","2":"type-post","3":"status-publish","4":"format-standard","5":"has-post-thumbnail","7":"category-viihde","8":"tag-entertainment","9":"tag-fi","10":"tag-finland","11":"tag-finnish","12":"tag-suomi","13":"tag-tv-ohjelmat","14":"tag-viihde"},"share_on_mastodon":{"url":"https:\/\/pubeurope.com\/@fi\/115686455724819113","error":""},"_links":{"self":[{"href":"https:\/\/www.europesays.com\/fi\/wp-json\/wp\/v2\/posts\/111278","targetHints":{"allow":["GET"]}}],"collection":[{"href":"https:\/\/www.europesays.com\/fi\/wp-json\/wp\/v2\/posts"}],"about":[{"href":"https:\/\/www.europesays.com\/fi\/wp-json\/wp\/v2\/types\/post"}],"author":[{"embeddable":true,"href":"https:\/\/www.europesays.com\/fi\/wp-json\/wp\/v2\/users\/2"}],"replies":[{"embeddable":true,"href":"https:\/\/www.europesays.com\/fi\/wp-json\/wp\/v2\/comments?post=111278"}],"version-history":[{"count":0,"href":"https:\/\/www.europesays.com\/fi\/wp-json\/wp\/v2\/posts\/111278\/revisions"}],"wp:featuredmedia":[{"embeddable":true,"href":"https:\/\/www.europesays.com\/fi\/wp-json\/wp\/v2\/media\/111279"}],"wp:attachment":[{"href":"https:\/\/www.europesays.com\/fi\/wp-json\/wp\/v2\/media?parent=111278"}],"wp:term":[{"taxonomy":"category","embeddable":true,"href":"https:\/\/www.europesays.com\/fi\/wp-json\/wp\/v2\/categories?post=111278"},{"taxonomy":"post_tag","embeddable":true,"href":"https:\/\/www.europesays.com\/fi\/wp-json\/wp\/v2\/tags?post=111278"}],"curies":[{"name":"wp","href":"https:\/\/api.w.org\/{rel}","templated":true}]}}