{"id":111280,"date":"2025-12-08T23:08:18","date_gmt":"2025-12-08T23:08:18","guid":{"rendered":"https:\/\/www.europesays.com\/fi\/111280\/"},"modified":"2025-12-08T23:08:18","modified_gmt":"2025-12-08T23:08:18","slug":"kuhmolainen-ketjunaarmuttaja-vahingoitti-14-autoa-ja-joutui-karajille","status":"publish","type":"post","link":"https:\/\/www.europesays.com\/fi\/111280\/","title":{"rendered":"Kuhmolainen ketjunaarmuttaja vahingoitti 14 autoa ja joutui k\u00e4r\u00e4jille"},"content":{"rendered":"<p>                                  Paikallisuutiset<\/p>\n<p>                <img loading=\"lazy\" decoding=\"async\" itemprop=\"contentUrl\" class=\"figure-img img-fluid\"  src=\"https:\/\/www.europesays.com\/fi\/wp-content\/uploads\/2025\/12\/1765235298_245_imengine.public.prod.hil.infomaker.io\" width=\"1181\" height=\"787\"  alt=\"\"\/><\/p>\n<p>                                    Useita autoja naarmuttanut mies ei saapunut oikeudenistuntoon.<br \/>\n                                                    Kuva:<br \/>\n                    Juhani Salo<\/p>\n<p>      MAINOS &#8211; juttu jatkuu mainoksen j\u00e4lkeen<\/p>\n<p>      MAINOS &#8211; mainos p\u00e4\u00e4ttyy<\/p>\n<p class=\"ew-body\">Kuhmolainen mies sai tuomion Kainuun k\u00e4r\u00e4j\u00e4oikeudessa useista vahingonteoista. H\u00e4n on naarmuttanut 14 henkil\u00f6autoa. Asianomistajia jutussa oli my\u00f6s 14.<\/p>\n<p class=\"ew-body\">Yhteens\u00e4 vahingot nousevat tuhansiin euroihin. Vahingonteot tapahtuivat yhden p\u00e4iv\u00e4n aikana 14. maaliskuuta 2024.<\/p>\n<p class=\"ew-body\">Kuhmolainen 1953 syntynyt mies tuomi<\/p>\n<p>  <a class=\"btn btn-secondary btn-icon-left\" href=\"#coral_thread\"><br \/>\n    <img decoding=\"async\" src=\"https:\/\/www.kainuunsanomat.fi\/wp-content\/themes\/hilla-theme\/assets\/img\/icon_comments.svg\" alt=\"\"\/><br \/>\n    Kommentoi<br \/>\n    \u00a0(0)<br \/>\n  <\/a><\/p>\n<p>  <a class=\"btn btn-secondary btn-icon-left mailto_web\" href=\"mailto:toimitus@kainuunsanomat.fi?subject=Ilmoita%20asiavirheest%C3%A4&amp;body=Otsikko%3A%20Kuhmolainen%20ketjunaarmuttaja%20vahingoitti%2014%20autoa%20ja%20joutui%20k%C3%A4r%C3%A4jille%0AUuid%3A%20dbb8c8ab-3da6-49ee-a102-2e273fbdf3ea%0AUrl%3A%20https%3A%2F%2Fwww.kainuunsanomat.fi%2Fartikkeli%2Fkuhmolainen-ketjunaarmuttaja-vahingoitti-14-autoa-ja-joutui-karajille\"><br \/>\n    <img decoding=\"async\" src=\"https:\/\/www.kainuunsanomat.fi\/wp-content\/themes\/hilla-theme\/assets\/img\/icon_feedback.svg\" alt=\"\"\/><br \/>\n    Ilmoita asiavirheest\u00e4<br \/>\n  <\/a><\/p>\n","protected":false},"excerpt":{"rendered":"Paikallisuutiset Useita autoja naarmuttanut mies ei saapunut oikeudenistuntoon. Kuva: Juhani Salo MAINOS &#8211; juttu jatkuu mainoksen j\u00e4lkeen MAINOS&hellip;\n","protected":false},"author":2,"featured_media":111281,"comment_status":"","ping_status":"","sticky":false,"template":"","format":"standard","meta":{"footnotes":""},"categories":[76],"tags":[79,77,33,31,30,32,78],"class_list":{"0":"post-111280","1":"post","2":"type-post","3":"status-publish","4":"format-standard","5":"has-post-thumbnail","7":"category-talous","8":"tag-business","9":"tag-economy","10":"tag-fi","11":"tag-finland","12":"tag-finnish","13":"tag-suomi","14":"tag-talous"},"share_on_mastodon":{"url":"https:\/\/pubeurope.com\/@fi\/115686467834523716","error":""},"_links":{"self":[{"href":"https:\/\/www.europesays.com\/fi\/wp-json\/wp\/v2\/posts\/111280","targetHints":{"allow":["GET"]}}],"collection":[{"href":"https:\/\/www.europesays.com\/fi\/wp-json\/wp\/v2\/posts"}],"about":[{"href":"https:\/\/www.europesays.com\/fi\/wp-json\/wp\/v2\/types\/post"}],"author":[{"embeddable":true,"href":"https:\/\/www.europesays.com\/fi\/wp-json\/wp\/v2\/users\/2"}],"replies":[{"embeddable":true,"href":"https:\/\/www.europesays.com\/fi\/wp-json\/wp\/v2\/comments?post=111280"}],"version-history":[{"count":0,"href":"https:\/\/www.europesays.com\/fi\/wp-json\/wp\/v2\/posts\/111280\/revisions"}],"wp:featuredmedia":[{"embeddable":true,"href":"https:\/\/www.europesays.com\/fi\/wp-json\/wp\/v2\/media\/111281"}],"wp:attachment":[{"href":"https:\/\/www.europesays.com\/fi\/wp-json\/wp\/v2\/media?parent=111280"}],"wp:term":[{"taxonomy":"category","embeddable":true,"href":"https:\/\/www.europesays.com\/fi\/wp-json\/wp\/v2\/categories?post=111280"},{"taxonomy":"post_tag","embeddable":true,"href":"https:\/\/www.europesays.com\/fi\/wp-json\/wp\/v2\/tags?post=111280"}],"curies":[{"name":"wp","href":"https:\/\/api.w.org\/{rel}","templated":true}]}}