{"id":111288,"date":"2025-12-08T23:23:10","date_gmt":"2025-12-08T23:23:10","guid":{"rendered":"https:\/\/www.europesays.com\/fi\/111288\/"},"modified":"2025-12-08T23:23:10","modified_gmt":"2025-12-08T23:23:10","slug":"sydney-sweeney-tyrmaa-sitkeat-huhut-ei-koskaan-missaan-stara-fi","status":"publish","type":"post","link":"https:\/\/www.europesays.com\/fi\/111288\/","title":{"rendered":"Sydney Sweeney tyrm\u00e4\u00e4 sitke\u00e4t huhut \u2013 \u201dEi koskaan miss\u00e4\u00e4n\u201d \u2013 Stara.fi"},"content":{"rendered":"<p>Euphoria-sarjasta monille tutuksi tullut n\u00e4yttelij\u00e4 Sydney Sweeney on viime aikoina ihastuttanut my\u00f6s monissa elokuvissa sill\u00e4 v\u00e4lin, kun sarjan fanit ovat odotelleet kolmatta tuotantokautta. Viime viikolla viimein paljastettiin, ett\u00e4 Sydney tulee palaamaan Cassie Howardin rooliin huhtikuussa.<\/p>\n<p>MAINOS ALKAAMAINOS LOPPUU<\/p>\n<p>Sydney Sweeney on tyrm\u00e4\u00e4v\u00e4 kaunotar, joka usein punaisen maton tapahtumissa valikoikin asunsa niin, ett\u00e4 ne korostavat h\u00e4nen naisellisia muotojaan. Upea tiimalasivartalo onkin saanut jo huhuja aikaan siit\u00e4, ett\u00e4 Sweeney olisi turvautunut kauneuskirurgin veitsen alle.<\/p>\n<p>Nyt 28-vuotias t\u00e4hti on ottanut jyrk\u00e4sti kantaa h\u00e4neen kohdistuviin huhuihin. Tuoreessa <a href=\"https:\/\/www.allure.com\/video\/watch\/truth-serum-amanda-seyfried-and-sydney-sweeney-spill-secrets-after-sipping-the-truth-serum\" rel=\"nofollow noopener\" target=\"_blank\">Allure<\/a>-lehden haastattelussa Sweeney on vakuuttanut, ettei h\u00e4n ole koskaan k\u00e4ynyt miss\u00e4\u00e4n kosmeettisissa toimenpiteiss\u00e4. H\u00e4n kritisoi my\u00f6s sosiaalisen median ulkon\u00e4k\u00f6keskeist\u00e4 kommentointia suorin sanoin ja totesi, ett\u00e4 kaikki sosiaalisessa mediassa ovat aivan sekaisin.<\/p>\n<p>MAINOS ALKAAMAINOS LOPPUU<\/p>\n<p>Sweeney p\u00e4\u00e4si haastattelussa itse valitsemaan kauneuteen liittyv\u00e4n huhun, jonka h\u00e4n halusi oikaista. H\u00e4n kertoi ettei ole ottanut edes pistoshoitoja, botoxia tai t\u00e4yteaineita, koska h\u00e4n pelk\u00e4\u00e4 neuloja kuollakseen.<\/p>\n<p>N\u00e4yttelij\u00e4 on ollut julkisuudessa lapsesta asti, ja h\u00e4nt\u00e4 verrataan jatkuvasti nuorempiin kuviin itsest\u00e4\u00e4n. H\u00e4n muistutti, ettei ole reilua verrata 12-vuotiasta lasta aikuiseen naiseen, jolla on ammattilaistason meikki ja kuvat on valaistu kauniisti.<\/p>\n<p>MAINOS ALKAAMAINOS LOPPUU<\/p>\n<p>Sydney Sweeney on aiemminkin puhunut avoimesti ulkon\u00e4k\u00f6paineista. H\u00e4n on paljastanut, ett\u00e4 h\u00e4nt\u00e4 kehotettiin jo 16-vuotiaana ottamaan botoxia, jotta ura etenisi. Sweeney on kuitenkin p\u00e4\u00e4tt\u00e4nyt vanheta luonnollisesti ilman kauneusleikkauksia, pistoksia tai tatuointejakaan.<\/p>\n<p>\n\t\t\t\tVoit lukea Starassa my\u00f6s lis\u00e4\u00e4 t\u00e4h\u00e4n kyseiseen artikkeliin liittyvist\u00e4 aiheista, kuten <a href=\"https:\/\/www.stara.fi\/asiasanat\/sydney-sweeney\/\" rel=\"tag nofollow noopener\" target=\"_blank\">Sydney Sweeney<\/a> tai laajemmin aihealueesta <a href=\"https:\/\/www.stara.fi\/category\/viihdeuutiset\/\" rel=\"category tag nofollow noopener\" target=\"_blank\">Viihdeuutiset<\/a>.\n\t\t\t<\/p>\n","protected":false},"excerpt":{"rendered":"Euphoria-sarjasta monille tutuksi tullut n\u00e4yttelij\u00e4 Sydney Sweeney on viime aikoina ihastuttanut my\u00f6s monissa elokuvissa sill\u00e4 v\u00e4lin, kun sarjan&hellip;\n","protected":false},"author":2,"featured_media":111289,"comment_status":"","ping_status":"","sticky":false,"template":"","format":"standard","meta":{"footnotes":""},"categories":[136],"tags":[407,137,33,31,30,408,32,109],"class_list":{"0":"post-111288","1":"post","2":"type-post","3":"status-publish","4":"format-standard","5":"has-post-thumbnail","7":"category-julkkikset","8":"tag-celebrities","9":"tag-entertainment","10":"tag-fi","11":"tag-finland","12":"tag-finnish","13":"tag-julkkikset","14":"tag-suomi","15":"tag-viihde"},"share_on_mastodon":{"url":"https:\/\/pubeurope.com\/@fi\/115686526377360706","error":""},"_links":{"self":[{"href":"https:\/\/www.europesays.com\/fi\/wp-json\/wp\/v2\/posts\/111288","targetHints":{"allow":["GET"]}}],"collection":[{"href":"https:\/\/www.europesays.com\/fi\/wp-json\/wp\/v2\/posts"}],"about":[{"href":"https:\/\/www.europesays.com\/fi\/wp-json\/wp\/v2\/types\/post"}],"author":[{"embeddable":true,"href":"https:\/\/www.europesays.com\/fi\/wp-json\/wp\/v2\/users\/2"}],"replies":[{"embeddable":true,"href":"https:\/\/www.europesays.com\/fi\/wp-json\/wp\/v2\/comments?post=111288"}],"version-history":[{"count":0,"href":"https:\/\/www.europesays.com\/fi\/wp-json\/wp\/v2\/posts\/111288\/revisions"}],"wp:featuredmedia":[{"embeddable":true,"href":"https:\/\/www.europesays.com\/fi\/wp-json\/wp\/v2\/media\/111289"}],"wp:attachment":[{"href":"https:\/\/www.europesays.com\/fi\/wp-json\/wp\/v2\/media?parent=111288"}],"wp:term":[{"taxonomy":"category","embeddable":true,"href":"https:\/\/www.europesays.com\/fi\/wp-json\/wp\/v2\/categories?post=111288"},{"taxonomy":"post_tag","embeddable":true,"href":"https:\/\/www.europesays.com\/fi\/wp-json\/wp\/v2\/tags?post=111288"}],"curies":[{"name":"wp","href":"https:\/\/api.w.org\/{rel}","templated":true}]}}