{"id":111298,"date":"2025-12-08T23:36:10","date_gmt":"2025-12-08T23:36:10","guid":{"rendered":"https:\/\/www.europesays.com\/fi\/111298\/"},"modified":"2025-12-08T23:36:10","modified_gmt":"2025-12-08T23:36:10","slug":"kuopiolaistaustainen-vieras-nostatti-kohun-linnan-juhlissa-tutkijan-mukaan-jokin-toinen-syy-ei-olisi-aiheuttanut-someraivoa-savon-sanomat","status":"publish","type":"post","link":"https:\/\/www.europesays.com\/fi\/111298\/","title":{"rendered":"Kuopiolaistaustainen vieras nostatti kohun Linnan juhlissa \u2013 tutkijan mukaan jokin toinen syy ei olisi aiheuttanut someraivoa &#8211; Savon Sanomat"},"content":{"rendered":"<ol>\n<li><a href=\"https:\/\/news.google.com\/rss\/articles\/CBMiW0FVX3lxTE44cldpUjJEVzFmdjlZaEVWOS1zbTN0TVNZZDhBVDdsTUljWjhzYVdCUVdVelJyOGlKTlkxLUdoZ0pUZVNPQUtYSnBvZDNHcXk3aXQwX1RkWjZ1VXc?oc=5\" target=\"_blank\" rel=\"nofollow noopener\">Kuopiolaistaustainen vieras nostatti kohun Linnan juhlissa \u2013 tutkijan mukaan jokin toinen syy ei olisi aiheuttanut someraivoa<\/a>&nbsp;&nbsp;Savon Sanomat<\/li>\n<li><a href=\"https:\/\/news.google.com\/rss\/articles\/CBMigwFBVV95cUxONjVxb1drV1lpdmRhUTZuS0hjeWdMWXEyUWtXV1Jma1dSYUt3RWZOaEJWbmFweG9YVnotVnZhU3BVQUFJWkM0TkJRU1ZkN2ZYV1oxNXNXVUpVelB3QUYyc3M3aHYyZTNCM3NsbkpjZWRqblR2NlVkWkFtOFdXdjEzZHVzQQ?oc=5\" target=\"_blank\" rel=\"nofollow noopener\">Idil Hussein ei k\u00e4tellyt Stubbia \u2013 Kertoo nyt syyn<\/a>&nbsp;&nbsp;Iltalehti<\/li>\n<li><a href=\"https:\/\/news.google.com\/rss\/articles\/CBMiW0FVX3lxTFBaVDZTUmt5dHBnVW5WWVdEX0dqTHo1dlAtWlp0bkQwWjJwMXhfb0gzZmRBNjNWNmJwaWt3MDI2T3RlaDc1RXhSVnBNclJnQ1NUaktIS281b05PaVE?oc=5\" target=\"_blank\" rel=\"nofollow noopener\">Tohtori Hussein ei k\u00e4tellyt presidentti Stubbia, ja someraivo oli valmis \u2013 nyt h\u00e4n kertoo syyn<\/a>&nbsp;&nbsp;Ilta-Sanomat<\/li>\n<li><a href=\"https:\/\/news.google.com\/rss\/articles\/CBMieEFVX3lxTE5VSnBLTG1EREkzNEF1aFBHdmVYQ0RfLUVfWWdZcXFqdUpZdzRTZElrcy05cUZTckVwVGVaSHVLNThZdmE2Qm9ZY1I2RVlnVkhHaWdxR3owVWtLd2dBaWpzb093dXhyaDBuYlhLOUZZMFplS0psV1hhWg?oc=5\" target=\"_blank\" rel=\"nofollow noopener\">K\u00e4ttelyraivo repesi \u2013 Tutkija hoksasi, miksi<\/a>&nbsp;&nbsp;Iltalehti<\/li>\n<li><a href=\"https:\/\/news.google.com\/rss\/articles\/CBMiQkFVX3lxTFBlRk4yQ3NDME1wekIxcmhXMUZJMklXUVd5MFUxWk1OY3N3YlpHdjItaHB0S0wxc0tlMnFPNDJTNWhlUQ?oc=5\" target=\"_blank\" rel=\"nofollow noopener\">Idil Hussein kertoo selvitt\u00e4neens\u00e4 etuk\u00e4teen, voiko j\u00e4tt\u00e4\u00e4 k\u00e4ttelem\u00e4tt\u00e4 presidentti\u00e4<\/a>&nbsp;&nbsp;Yle<\/li>\n<\/ol>\n","protected":false},"excerpt":{"rendered":"Kuopiolaistaustainen vieras nostatti kohun Linnan juhlissa \u2013 tutkijan mukaan jokin toinen syy ei olisi aiheuttanut someraivoa&nbsp;&nbsp;Savon Sanomat Idil&hellip;\n","protected":false},"author":2,"featured_media":111299,"comment_status":"","ping_status":"","sticky":false,"template":"","format":"standard","meta":{"footnotes":""},"categories":[12],"tags":[3406,22,23,20657,26,27,33,31,30,17,9050,1132,24,25,14062,28,29,15,18,21,32,19,20,16],"class_list":{"0":"post-111298","1":"post","2":"type-post","3":"status-publish","4":"format-standard","5":"has-post-thumbnail","7":"category-suomi","8":"tag-alexander-stubb","9":"tag-breaking-news","10":"tag-breakingnews","11":"tag-etiketti-tavat","12":"tag-featured-news","13":"tag-featurednews","14":"tag-fi","15":"tag-finland","16":"tag-finnish","17":"tag-headlines","18":"tag-islam","19":"tag-kuopio","20":"tag-latest-news","21":"tag-latestnews","22":"tag-linnan-juhlat","23":"tag-main-news","24":"tag-mainnews","25":"tag-news","26":"tag-otsikot","27":"tag-paauutiset","28":"tag-suomi","29":"tag-top-stories","30":"tag-topstories","31":"tag-uutiset"},"share_on_mastodon":{"url":"","error":""},"_links":{"self":[{"href":"https:\/\/www.europesays.com\/fi\/wp-json\/wp\/v2\/posts\/111298","targetHints":{"allow":["GET"]}}],"collection":[{"href":"https:\/\/www.europesays.com\/fi\/wp-json\/wp\/v2\/posts"}],"about":[{"href":"https:\/\/www.europesays.com\/fi\/wp-json\/wp\/v2\/types\/post"}],"author":[{"embeddable":true,"href":"https:\/\/www.europesays.com\/fi\/wp-json\/wp\/v2\/users\/2"}],"replies":[{"embeddable":true,"href":"https:\/\/www.europesays.com\/fi\/wp-json\/wp\/v2\/comments?post=111298"}],"version-history":[{"count":0,"href":"https:\/\/www.europesays.com\/fi\/wp-json\/wp\/v2\/posts\/111298\/revisions"}],"wp:featuredmedia":[{"embeddable":true,"href":"https:\/\/www.europesays.com\/fi\/wp-json\/wp\/v2\/media\/111299"}],"wp:attachment":[{"href":"https:\/\/www.europesays.com\/fi\/wp-json\/wp\/v2\/media?parent=111298"}],"wp:term":[{"taxonomy":"category","embeddable":true,"href":"https:\/\/www.europesays.com\/fi\/wp-json\/wp\/v2\/categories?post=111298"},{"taxonomy":"post_tag","embeddable":true,"href":"https:\/\/www.europesays.com\/fi\/wp-json\/wp\/v2\/tags?post=111298"}],"curies":[{"name":"wp","href":"https:\/\/api.w.org\/{rel}","templated":true}]}}