{"id":111304,"date":"2025-12-08T23:56:08","date_gmt":"2025-12-08T23:56:08","guid":{"rendered":"https:\/\/www.europesays.com\/fi\/111304\/"},"modified":"2025-12-08T23:56:08","modified_gmt":"2025-12-08T23:56:08","slug":"f1-talli-cadillac-julkaisi-herkullisen-videon-valtteri-bottaksesta","status":"publish","type":"post","link":"https:\/\/www.europesays.com\/fi\/111304\/","title":{"rendered":"F1-talli Cadillac julkaisi herkullisen videon Valtteri Bottaksesta"},"content":{"rendered":"<p>Cadillacin F1-tiimi on julkaissut videon <strong>Valtteri Bottaksesta<\/strong> ja h\u00e4nen uuden F1-autonsa ohjaamosta, kun yhdysvaltalainen talli valmistautuu liittym\u00e4\u00e4n sarjaan kaudella 2026.<\/p>\n<p>Suomalaiskuljettaja muodostaa <strong>Sergio Perezin<\/strong> kanssa General Motorsin tukeman projektin ensimm\u00e4isen kuljettajakaksikon vietetty\u00e4\u00e4n juuri p\u00e4\u00e4ttyneen kauden Mercedeksen varakuljettajana.<\/p>\n<p>Kes\u00e4ll\u00e4 kymmenkertainen GP-voittaja julkaisi hyv\u00e4ntuulisen videon, jossa h\u00e4n kehaisi Cadillac-maasturin \u201distuinta\u201d \u2013 vitsi, josta tuli viraalihitti ennen h\u00e4nen virallista vahvistustaan tallin F1-kuljettajaksi.<\/p>\n<p>Tuoreimmassa videossa 36-vuotias Bottas, josta on muodostunut F1-varikolla er\u00e4\u00e4nlainen hauskanpidosta tunnettu kulttihahmo, leikittelee tuolla alkuper\u00e4isell\u00e4 videolla, mutta t\u00e4ll\u00e4 kertaa tapahtumapaikkana on Cadillacin tehdas.<\/p>\n<p><strong>Katso Cadillac F1:n ja Valtteri Bottaksen uusin video alta!<\/strong><\/p>\n<blockquote class=\"twitter-tweet\">\n<p lang=\"da\" dir=\"ltr\">Consider Valtteri sat \ud83e\udd1d <a href=\"https:\/\/t.co\/MmTuUw6eB3\" rel=\"nofollow\">pic.twitter.com\/MmTuUw6eB3<\/a><\/p>\n<p>\u2014 Cadillac Formula 1 Team (@Cadillac_F1) <a href=\"https:\/\/twitter.com\/Cadillac_F1\/status\/1998045049301737656?ref_src=twsrc%5Etfw\" rel=\"noopener nofollow\" target=\"_blank\">December 8, 2025<\/a><\/p><\/blockquote>\n<p><strong>LUE MY\u00d6S:\u00a0<a href=\"https:\/\/atleetti.fi\/jattiyllatys-nooralotta-neziri-aikoo-kilpailla-jo-ensi-kesana\/\" target=\"_blank\" rel=\"nofollow noopener\">J\u00e4ttiyll\u00e4tys: Nooralotta Neziri aikoo kilpailla jo ensi kes\u00e4n\u00e4 (Atleetti.fi) <\/a><\/strong><\/p>\n<p><script async src=\"https:\/\/platform.twitter.com\/widgets.js\" charset=\"utf-8\"><\/script><\/p>\n","protected":false},"excerpt":{"rendered":"Cadillacin F1-tiimi on julkaissut videon Valtteri Bottaksesta ja h\u00e4nen uuden F1-autonsa ohjaamosta, kun yhdysvaltalainen talli valmistautuu liittym\u00e4\u00e4n sarjaan&hellip;\n","protected":false},"author":2,"featured_media":12200,"comment_status":"","ping_status":"","sticky":false,"template":"","format":"standard","meta":{"footnotes":""},"categories":[158],"tags":[33,31,30,159,32,160],"class_list":{"0":"post-111304","1":"post","2":"type-post","3":"status-publish","4":"format-standard","5":"has-post-thumbnail","7":"category-urheilu","8":"tag-fi","9":"tag-finland","10":"tag-finnish","11":"tag-sports","12":"tag-suomi","13":"tag-urheilu"},"share_on_mastodon":{"url":"https:\/\/pubeurope.com\/@fi\/115686656353053451","error":""},"_links":{"self":[{"href":"https:\/\/www.europesays.com\/fi\/wp-json\/wp\/v2\/posts\/111304","targetHints":{"allow":["GET"]}}],"collection":[{"href":"https:\/\/www.europesays.com\/fi\/wp-json\/wp\/v2\/posts"}],"about":[{"href":"https:\/\/www.europesays.com\/fi\/wp-json\/wp\/v2\/types\/post"}],"author":[{"embeddable":true,"href":"https:\/\/www.europesays.com\/fi\/wp-json\/wp\/v2\/users\/2"}],"replies":[{"embeddable":true,"href":"https:\/\/www.europesays.com\/fi\/wp-json\/wp\/v2\/comments?post=111304"}],"version-history":[{"count":0,"href":"https:\/\/www.europesays.com\/fi\/wp-json\/wp\/v2\/posts\/111304\/revisions"}],"wp:featuredmedia":[{"embeddable":true,"href":"https:\/\/www.europesays.com\/fi\/wp-json\/wp\/v2\/media\/12200"}],"wp:attachment":[{"href":"https:\/\/www.europesays.com\/fi\/wp-json\/wp\/v2\/media?parent=111304"}],"wp:term":[{"taxonomy":"category","embeddable":true,"href":"https:\/\/www.europesays.com\/fi\/wp-json\/wp\/v2\/categories?post=111304"},{"taxonomy":"post_tag","embeddable":true,"href":"https:\/\/www.europesays.com\/fi\/wp-json\/wp\/v2\/tags?post=111304"}],"curies":[{"name":"wp","href":"https:\/\/api.w.org\/{rel}","templated":true}]}}