{"id":111305,"date":"2025-12-08T23:57:12","date_gmt":"2025-12-08T23:57:12","guid":{"rendered":"https:\/\/www.europesays.com\/fi\/111305\/"},"modified":"2025-12-08T23:57:12","modified_gmt":"2025-12-08T23:57:12","slug":"vesivahinko-louvressa-sadat-taideteokset-vaurioituneet","status":"publish","type":"post","link":"https:\/\/www.europesays.com\/fi\/111305\/","title":{"rendered":"Vesivahinko Louvressa \u2013 sadat taideteokset vaurioituneet"},"content":{"rendered":"<p>Maailman suosituimmasta museosta, eli Pariisissa sijaitsevasta Louvren taidemuseosta kuuluu murheellisia uutisia.<\/p>\n<p>Jopa 300-400 taideteosta on vaurioitunut vesivahingon seurauksena. Asiasta uutisoi AFP.<\/p>\n<p>Lue my\u00f6s: <a href=\"https:\/\/www.voice.fi\/ilmiot\/a-240581\" title=\"Lis\u00e4\u00e4 pid\u00e4tyksi\u00e4 Louvren museomurtoon liittyen \u2013 syytt\u00e4j\u00e4 uskoo korujen olinpaikan selvi\u00e4v\u00e4n pian\" class=\"underline-custom !font-montserrat !font-bold !underline-offset-4 !decoration-4 !decoration-tilt-light !text-md\" rel=\"nofollow noopener\" target=\"_blank\">Lis\u00e4\u00e4 pid\u00e4tyksi\u00e4 Louvren museomurtoon liittyen \u2013 syytt\u00e4j\u00e4 uskoo korujen olinpaikan selvi\u00e4v\u00e4n pian<\/a><\/p>\n<p>Lue my\u00f6s: <a href=\"https:\/\/www.voice.fi\/ilmiot\/a-240578\" title=\"Ranskalaismedia: Kolmas Louvren jalokiviry\u00f6st\u00f6st\u00e4 ep\u00e4ilty otettu kiinni\" class=\"underline-custom !font-montserrat !font-bold !underline-offset-4 !decoration-4 !decoration-tilt-light !text-md\" rel=\"nofollow noopener\" target=\"_blank\">Ranskalaismedia: Kolmas Louvren jalokiviry\u00f6st\u00f6st\u00e4 ep\u00e4ilty otettu kiinni<\/a><\/p>\n<p>Vahingoittuneet teokset ovat egyptologian osastolta, ja niiden joukossa oli muun muassa tieteellisi\u00e4 dokumentteja 1800- ja 1900- luvuilta.<\/p>\n<p>Vesivahinko huomattiin marraskuun lopussa. Museosta kerrotaan sen aiheutuneen l\u00e4mmitys- ja ilmanvaihtoj\u00e4rjestelm\u00e4ss\u00e4 auenneesta venttiilist\u00e4.<\/p>\n<p>Lue my\u00f6s: <a href=\"https:\/\/www.voice.fi\/ilmiot\/a-240522\" title=\"Onko Louvren jalokivimurto ratkeamassa? Kaksi ep\u00e4ilty\u00e4 otettiin kiinni viikonloppuna\" class=\"underline-custom !font-montserrat !font-bold !underline-offset-4 !decoration-4 !decoration-tilt-light !text-md\" rel=\"nofollow noopener\" target=\"_blank\">Onko Louvren jalokivimurto ratkeamassa? Kaksi ep\u00e4ilty\u00e4 otettiin kiinni viikonloppuna<\/a><\/p>\n<p>Lue my\u00f6s: <a href=\"https:\/\/www.voice.fi\/ilmiot\/a-240443\" title=\"Louvresta varastettiin vain muutamissa minuuteissa useita jalokivi\u00e4 \u2013 esineet yh\u00e4 kateissa\" class=\"underline-custom !font-montserrat !font-bold !underline-offset-4 !decoration-4 !decoration-tilt-light !text-md\" rel=\"nofollow noopener\" target=\"_blank\">Louvresta varastettiin vain muutamissa minuuteissa useita jalokivi\u00e4 \u2013 esineet yh\u00e4 kateissa<\/a><\/p>\n<p>Sen kautta vesi p\u00e4\u00e4si tihkumaan kirjojen s\u00e4ilytyspaikkana k\u00e4ytettyyn varastoon. Tapauksesta k\u00e4ynnistet\u00e4\u00e4n sis\u00e4inen tutkinta.<\/p>\n<p>Museon varajohtaja <strong>Francis Steinbockin <\/strong>mukaan vahinko ei ole vaikuttanut arvokkaisiin perint\u00f6esineisiin.<\/p>\n<p>Vaurioituneet teokset tullaan kuivaamaan ja restauroimaan.<\/p>\n","protected":false},"excerpt":{"rendered":"Maailman suosituimmasta museosta, eli Pariisissa sijaitsevasta Louvren taidemuseosta kuuluu murheellisia uutisia. Jopa 300-400 taideteosta on vaurioitunut vesivahingon seurauksena.&hellip;\n","protected":false},"author":2,"featured_media":111306,"comment_status":"","ping_status":"","sticky":false,"template":"","format":"standard","meta":{"footnotes":""},"categories":[130],"tags":[137,33,31,30,15136,32,20659,109],"class_list":{"0":"post-111305","1":"post","2":"type-post","3":"status-publish","4":"format-standard","5":"has-post-thumbnail","7":"category-viihde","8":"tag-entertainment","9":"tag-fi","10":"tag-finland","11":"tag-finnish","12":"tag-louvre","13":"tag-suomi","14":"tag-vesivahinko","15":"tag-viihde"},"share_on_mastodon":{"url":"https:\/\/pubeurope.com\/@fi\/115686660044861800","error":""},"_links":{"self":[{"href":"https:\/\/www.europesays.com\/fi\/wp-json\/wp\/v2\/posts\/111305","targetHints":{"allow":["GET"]}}],"collection":[{"href":"https:\/\/www.europesays.com\/fi\/wp-json\/wp\/v2\/posts"}],"about":[{"href":"https:\/\/www.europesays.com\/fi\/wp-json\/wp\/v2\/types\/post"}],"author":[{"embeddable":true,"href":"https:\/\/www.europesays.com\/fi\/wp-json\/wp\/v2\/users\/2"}],"replies":[{"embeddable":true,"href":"https:\/\/www.europesays.com\/fi\/wp-json\/wp\/v2\/comments?post=111305"}],"version-history":[{"count":0,"href":"https:\/\/www.europesays.com\/fi\/wp-json\/wp\/v2\/posts\/111305\/revisions"}],"wp:featuredmedia":[{"embeddable":true,"href":"https:\/\/www.europesays.com\/fi\/wp-json\/wp\/v2\/media\/111306"}],"wp:attachment":[{"href":"https:\/\/www.europesays.com\/fi\/wp-json\/wp\/v2\/media?parent=111305"}],"wp:term":[{"taxonomy":"category","embeddable":true,"href":"https:\/\/www.europesays.com\/fi\/wp-json\/wp\/v2\/categories?post=111305"},{"taxonomy":"post_tag","embeddable":true,"href":"https:\/\/www.europesays.com\/fi\/wp-json\/wp\/v2\/tags?post=111305"}],"curies":[{"name":"wp","href":"https:\/\/api.w.org\/{rel}","templated":true}]}}