{"id":111315,"date":"2025-12-09T00:15:13","date_gmt":"2025-12-09T00:15:13","guid":{"rendered":"https:\/\/www.europesays.com\/fi\/111315\/"},"modified":"2025-12-09T00:15:13","modified_gmt":"2025-12-09T00:15:13","slug":"nama-linnan-juhlissa-nahdyt-julkkisten-puolisot-ovat-harvoin-esilla","status":"publish","type":"post","link":"https:\/\/www.europesays.com\/fi\/111315\/","title":{"rendered":"N\u00e4m\u00e4 Linnan juhlissa n\u00e4hdyt julkkisten puolisot ovat harvoin esill\u00e4"},"content":{"rendered":"<p class=\"ingress\">Linnan juhlat ker\u00e4siv\u00e4t paikalle suurin m\u00e4\u00e4rin julkisuuden henkil\u00f6it\u00e4 ja heid\u00e4n puolisojaan. N\u00e4m\u00e4 kumppanit ovat n\u00e4kyneet julkisuudessa vain harvoin.<\/p>\n<p>Suomen itsen\u00e4isyysp\u00e4iv\u00e4n juhlavastaanotto ker\u00e4si j\u00e4lleen loistoa ja yll\u00e4tyksi\u00e4, kun useat julkisuuden henkil\u00f6t saapuivat Presidentinlinnaan puolisoidensa kanssa. Juhlavastaanotossa n\u00e4htiin paljon ensiesiintymisi\u00e4, jotka her\u00e4ttiv\u00e4t kiinnostusta katsojissa.<\/p>\n<p>T\u00e4lt\u00e4 n\u00e4ytt\u00e4v\u00e4t suomalaisten julkkisten harvoin julkisuudessa esiintyneet puolisot.<\/p>\n<p>Jenni Vartiainen ja Sami Salmenkivi<\/p>\n<p><strong>Jenni Vartiainen<\/strong> saapui itsen\u00e4isyysp\u00e4iv\u00e4n vastaanotolle yhdess\u00e4 puolisonsa <strong>Sami Salmenkiven<\/strong> kanssa. Skyr-rahkat Suomen markkinoille tuonut menestynyt yritt\u00e4j\u00e4 sek\u00e4 kirjailija on julkisuudessa harvinainen n\u00e4ky.<\/p>\n<p>Pariskunta pukeutui vastaanotolle n\u00e4ytt\u00e4v\u00e4sti mustaan ja valkoiseen. Vartiaisen nimet\u00f6nt\u00e4 koristi suuri tumma sormus.<\/p>\n<blockquote class=\"instagram-media\" data-instgrm-captioned=\"\" data-instgrm-permalink=\"https:\/\/www.instagram.com\/p\/DR-B7WVAhjS\/?utm_source=ig_embed&amp;utm_campaign=loading\" data-instgrm-version=\"14\" style=\" background:#FFF; border:0; border-radius:3px; box-shadow:0 0 1px 0 rgba(0,0,0,0.5),0 1px 10px 0 rgba(0,0,0,0.15); margin: 1px; max-width:540px; min-width:326px; padding:0; width:99.375%; width:-webkit-calc(100% - 2px); width:calc(100% - 2px);\"\/>\n<p>Robin Packalen ja Aura Ansaharju<\/p>\n<p>Yksi linnan juhlien eniten puhuttaneista pariskunnista oli laulaja\u00a0<strong>Robin Packalen<\/strong> ja h\u00e4nen kihlattunsa <strong>Aura Ansaharju<\/strong>. Hennon siniseen juhlamekkoon pukeutuneella Ansaharjulla oli nimett\u00f6m\u00e4ss\u00e4\u00e4n suuri timanttisormus.<\/p>\n<p>Presidentinlinnan ulkopuolella Packalen piti puolisonsa kasvot piilossa kameroilta mustalla sateenvarjolla. T\u00e4m\u00e4 on ensimm\u00e4inen kerta, kun Packalen esittelee puolisonsa julkisuudessa. Rakkausel\u00e4m\u00e4st\u00e4\u00e4n h\u00e4n on ollut aikaisemmin melko vaitonainen.<\/p>\n<blockquote class=\"instagram-media\" data-instgrm-captioned=\"\" data-instgrm-permalink=\"https:\/\/www.instagram.com\/p\/DR8BRNgDLLI\/?utm_source=ig_embed&amp;utm_campaign=loading\" data-instgrm-version=\"14\" style=\" background:#FFF; border:0; border-radius:3px; box-shadow:0 0 1px 0 rgba(0,0,0,0.5),0 1px 10px 0 rgba(0,0,0,0.15); margin: 1px; max-width:540px; min-width:326px; padding:0; width:99.375%; width:-webkit-calc(100% - 2px); width:calc(100% - 2px);\"\/>\n<p>Elli Haloo ja Janne Kasurinen<\/p>\n<p>Haloo Helsinki! -yhtyeen keulakuva <strong>Elli Haloo<\/strong> saapui itsen\u00e4isyysp\u00e4iv\u00e4n vastaanotolle puolisonsa <strong>Janne Kasurisen<\/strong> kanssa. Pariskunnan mustavalkoisia asuja koristivat py\u00f6re\u00e4t kuviot.<\/p>\n<p>Artisti on t\u00e4ll\u00e4 hetkell\u00e4 raskautensa loppusuoralla. Elokuussa h\u00e4n ilmoitti <a href=\"https:\/\/www.instagram.com\/p\/DNzxmBsWLzM\/?hl=en\" target=\"_blank\" rel=\"noreferrer noopener nofollow\">Instagram-tilill\u00e4\u00e4n<\/a> tulevansa loppuvuodesta \u00e4idiksi.<\/p>\n<p>Minja Koskela ja Timo Furuholm<\/p>\n<p>Vasemmistoliiton puheenjohtaja <strong>Minja Koskela <\/strong>ja h\u00e4nen puolisonsa, ex-jalkapalloilija ja puoluetoveri <strong>Timo Furuholm<\/strong>, pukeutuivat Linnan juhliin tummiin s\u00e4vyihin. Koskelan asuun kuului hauska kimaltava laukku, joka n\u00e4ytti jalkapallolta.<\/p>\n<p>Parisuhteestaan Koskela ei julkisuudessa juuri puhu, koska haluaa kunnioittaa kumppaninsa ja t\u00e4m\u00e4n lasten yksityisyytt\u00e4.<\/p>\n<p><strong>Lue my\u00f6s<\/strong>: <a href=\"https:\/\/anna.fi\/ihmiset\/minja-koskela\" rel=\"nofollow noopener\" target=\"_blank\">Minja Koskela erosi ja l\u00f6ysi uuden rakkaan eduskunnasta: \u201dOlen hyviss\u00e4 v\u00e4leiss\u00e4 lapseni is\u00e4n kanssa\u201d<\/a><\/p>\n<blockquote class=\"instagram-media\" data-instgrm-captioned=\"\" data-instgrm-permalink=\"https:\/\/www.instagram.com\/p\/DR7UbmgjAr_\/?utm_source=ig_embed&amp;utm_campaign=loading\" data-instgrm-version=\"14\" style=\" background:#FFF; border:0; border-radius:3px; box-shadow:0 0 1px 0 rgba(0,0,0,0.5),0 1px 10px 0 rgba(0,0,0,0.15); margin: 1px; max-width:540px; min-width:326px; padding:0; width:99.375%; width:-webkit-calc(100% - 2px); width:calc(100% - 2px);\"\/>\n<p>Sofia Virta ja Atte Ailio<\/p>\n<p>Vihreiden puheenjohtaja <strong>Sofia Virta<\/strong> asteli punaiselle matolle yhdess\u00e4 kumppaninsa, yritt\u00e4j\u00e4 <strong>Atte Ailion<\/strong> kanssa. Parisuhteestaan Virta ja Ailio eiv\u00e4t ole paljon julkisuudessa puhuneet.<\/p>\n<p>Sofia Virta kertoo Instagramissa halunneensa Linnan juhlien tyylill\u00e4\u00e4n rohkaista naisia ja tytt\u00f6j\u00e4 olemaan h\u00e4peilem\u00e4tt\u00e4 sit\u00e4, mit\u00e4 ovat. Mustaa mekkoa koristi valkoinen yl\u00e4osa sek\u00e4 tummat hansikkaat.<\/p>\n<p>KAJ<\/p>\n<p>KAJ-yhtyeen j\u00e4senet\u00a0<strong>Kevin Holmstr\u00f6m<\/strong>,\u00a0<strong>Axel \u00c5hman<\/strong>\u00a0ja\u00a0<strong>Jakob Norrg\u00e5rd<\/strong> saapuivat Presidentinlinnaan puolisoidensa kanssa. Huumoriyhtye n\u00e4ytt\u00e4ytyi t\u00e4n\u00e4 vuonna Linnan juhlissa ensimm\u00e4ist\u00e4 kertaa.<\/p>\n<p>\u00c5hman saapui vastaanotolle puolisonsa\u00a0<strong>Louise Mannilin<\/strong>\u00a0kanssa,\u00a0Holmstr\u00f6m\u00a0puolisonsa\u00a0<strong>Lina Raunion<\/strong>\u00a0kanssa ja\u00a0Norrg\u00e5rd\u00a0puolisonsa\u00a0<strong>Alexandra Westerbackin<\/strong>\u00a0kanssa. Linnan juhlissa k\u00e4vi my\u00f6s ilmi iloinen vauvauutinen: Lina Raunio odottaa h\u00e4nen ja Holmstr\u00f6min esikoista. <\/p>\n<blockquote class=\"instagram-media\" data-instgrm-captioned=\"\" data-instgrm-permalink=\"https:\/\/www.instagram.com\/p\/DR988FMinUb\/?utm_source=ig_embed&amp;utm_campaign=loading\" data-instgrm-version=\"14\" style=\" background:#FFF; border:0; border-radius:3px; box-shadow:0 0 1px 0 rgba(0,0,0,0.5),0 1px 10px 0 rgba(0,0,0,0.15); margin: 1px; max-width:540px; min-width:326px; padding:0; width:99.375%; width:-webkit-calc(100% - 2px); width:calc(100% - 2px);\"\/>\n<p><strong>Lue my\u00f6s:<\/strong> <a href=\"https:\/\/anna.fi\/ihmiset\/kajn-axel-ahman\" rel=\"nofollow noopener\" target=\"_blank\">KAJ\u2019n Axel \u00c5hman viihtyy parhaiten puolisonsa kanssa \u2013 \u201dMuutto oli oikea ratkaisu\u201d<\/a><\/p>\n<p>Elina Valtonen ja Jussi Heikel\u00e4<\/p>\n<p>Ulkoministeri <strong>Elina Valtonen<\/strong> ja t\u00e4m\u00e4n puoliso, Radio Rockin juontajana tunnettu <strong>Jussi Heikel\u00e4<\/strong> saapuivat Linnan juhliin tummissa s\u00e4vyiss\u00e4. Valtosella oli yll\u00e4\u00e4n sininen mekko, jota koristivat pitsihihat.<\/p>\n<p>Parisuhdekuvioistaan sek\u00e4 yksityisel\u00e4m\u00e4st\u00e4\u00e4n Valtonen on ollut julkisuudessa niukkasanainen, joten ilmestyminen julkisuuteen kumppanin kanssa on harvinainen n\u00e4ky.<\/p>\n<blockquote class=\"instagram-media\" data-instgrm-captioned=\"\" data-instgrm-permalink=\"https:\/\/www.instagram.com\/p\/DR7ikdIAucV\/?utm_source=ig_embed&amp;utm_campaign=loading\" data-instgrm-version=\"14\" style=\" background:#FFF; border:0; border-radius:3px; box-shadow:0 0 1px 0 rgba(0,0,0,0.5),0 1px 10px 0 rgba(0,0,0,0.15); margin: 1px; max-width:540px; min-width:326px; padding:0; width:99.375%; width:-webkit-calc(100% - 2px); width:calc(100% - 2px);\"\/>\n<p>Anne-Mari Pahkala ja Petri Manninen<\/p>\n<p>Muotisuunnittelija <strong>Anne-Mari Pahkala<\/strong> suunnitteli yhteens\u00e4 kahdeksan Linnan juhlissa n\u00e4hty\u00e4 pukua. Itse h\u00e4n saapui puolisonsa, n\u00e4yttelij\u00e4 <strong>Petri Mannisen<\/strong> kanssa punaiselle matolle mustissa v\u00e4reiss\u00e4. Pahkalalla oli p\u00e4\u00e4ll\u00e4\u00e4n minimalistinen musta mekko ja sormessaan n\u00e4ytt\u00e4v\u00e4 piikik\u00e4s hopeasormus. Mannisen puvun pohjana oli parin yhdess\u00e4 suunnittelema Anmai-malliston miestenpuku, jota t\u00e4ydensi kultasepp\u00e4mestari <strong>Eero Hintsasen<\/strong> hopeinen solmioneula.<\/p>\n<p><strong>Lue my\u00f6s Kotiliesi.fi: <\/strong><a href=\"https:\/\/kotiliesi.fi\/ihmiset\/anne-mari-pahkala-linnan-juhlat\/\" target=\"_blank\" rel=\"noreferrer noopener nofollow\">Anne-Mari Pahkala suunnitteli t\u00e4n\u00e4 vuonna 8 upeaa pukua Linnan juhliin \u2013 t\u00e4llaisessa asussa h\u00e4n itse edustaa<\/a><\/p>\n<blockquote class=\"instagram-media\" data-instgrm-captioned=\"\" data-instgrm-permalink=\"https:\/\/www.instagram.com\/p\/DR7S57ZDN2w\/?utm_source=ig_embed&amp;utm_campaign=loading\" data-instgrm-version=\"14\" style=\" background:#FFF; border:0; border-radius:3px; box-shadow:0 0 1px 0 rgba(0,0,0,0.5),0 1px 10px 0 rgba(0,0,0,0.15); margin: 1px; max-width:540px; min-width:326px; padding:0; width:99.375%; width:-webkit-calc(100% - 2px); width:calc(100% - 2px);\"\/>\n<p>Vilma Peltonen ja Ville Kopra<\/p>\n<p>Somevaikuttaja <strong>Vilma Peltonen<\/strong> k\u00e4\u00e4nsi p\u00e4\u00e4t saapuessaan Linnan juhliin yhdess\u00e4 Versowoodin toimitusjohtaja<strong>\u00a0Ville Kopran<\/strong>\u00a0kanssa. Peltosen kullan ja kuparin s\u00e4vyiss\u00e4 hohtava mekko j\u00e4i varmasti monen katsojan mieleen.<\/p>\n<p>Uusi kumppani oli monille yll\u00e4tys, sill\u00e4 Peltonen kertoi kes\u00e4kuussa eronneensa entisest\u00e4 kumppanistaan. Nyt h\u00e4n s\u00e4teili Linnan juhlissa vierell\u00e4\u00e4n 48-vuotias multimiljon\u00e4\u00e4ri.<\/p>\n<blockquote class=\"instagram-media\" data-instgrm-captioned=\"\" data-instgrm-permalink=\"https:\/\/www.instagram.com\/p\/DR-Ey41iErx\/?utm_source=ig_embed&amp;utm_campaign=loading\" data-instgrm-version=\"14\" style=\" background:#FFF; border:0; border-radius:3px; box-shadow:0 0 1px 0 rgba(0,0,0,0.5),0 1px 10px 0 rgba(0,0,0,0.15); margin: 1px; max-width:540px; min-width:326px; padding:0; width:99.375%; width:-webkit-calc(100% - 2px); width:calc(100% - 2px);\"\/>\n<p>    Sinua voi kiinnostaa my\u00f6s:<\/p>\n<ol class=\"read-also__list\">\n<li>\n<p>            <img loading=\"lazy\" decoding=\"async\" class=\"card__image awpo-lqip awpo-lazy\" width=\"2100\" height=\"1400\" src=\"https:\/\/www.europesays.com\/fi\/wp-content\/uploads\/2025\/12\/linnan-juhlat-2025-tyylitarpit.jpg\"\/>                <a href=\"https:\/\/anna.fi\/kategoria\/lifestyle\/muoti\" class=\"card__vignette\" rel=\"nofollow noopener\" target=\"_blank\"><br \/>\n            Muoti          <\/a><\/p>\n<p>      <a href=\"https:\/\/anna.fi\/lifestyle\/muoti\/linnan-juhlat-2025-tyylitarpit\" class=\"card__link-overlay\" rel=\"nofollow noopener\" target=\"_blank\">Tyyliasiantuntija veikkaa tietyn ys\u00e4ritrendin n\u00e4kyv\u00e4n Linnan juhlien puvuissa \u2013 listasimme t\u00e4rpit, joita kotisohvalta voi bongailla<\/a><\/p>\n<\/li>\n<li>\n<p>            <img loading=\"lazy\" decoding=\"async\" class=\"card__image awpo-lqip awpo-lazy\" width=\"2100\" height=\"1401\" src=\"https:\/\/www.europesays.com\/fi\/wp-content\/uploads\/2025\/12\/linnan-juhla-2022_201-1_preview-kopio.jpg\"\/>                <a href=\"https:\/\/anna.fi\/kategoria\/ihmiset\" class=\"card__vignette\" rel=\"nofollow noopener\" target=\"_blank\"><br \/>\n            Ihmiset          <\/a><\/p>\n<p>      <a href=\"https:\/\/anna.fi\/ihmiset\/heidat-nahdaan-varmasti-linnan-juhlissa-2025\" class=\"card__link-overlay\" rel=\"nofollow noopener\" target=\"_blank\">N\u00e4m\u00e4 julkkikset n\u00e4hd\u00e4\u00e4n Linnan juhlissa 2025 \u2013 Maaret Kalliolta koskettava p\u00e4ivitys: \u201dVain toinen meist\u00e4 p\u00e4\u00e4see paikalle\u201d<\/a><\/p>\n<\/li>\n<li>\n<p>            <img loading=\"lazy\" decoding=\"async\" class=\"card__image awpo-lqip awpo-lazy\" width=\"2100\" height=\"1400\" src=\"https:\/\/www.europesays.com\/fi\/wp-content\/uploads\/2025\/12\/1765239313_571_se501506ky_224_preview.jpg\"\/>                <a href=\"https:\/\/anna.fi\/kategoria\/lifestyle\/muoti\" class=\"card__vignette\" rel=\"nofollow noopener\" target=\"_blank\"><br \/>\n            Muoti          <\/a><\/p>\n<p>      <a href=\"https:\/\/anna.fi\/lifestyle\/muoti\/linnan-juhlien-kaikkien-aikojan-paras-pukeutuja\" class=\"card__link-overlay\" rel=\"nofollow noopener\" target=\"_blank\">H\u00e4n on Linnan juhlien kaikkien aikojen paras pukeutuja \u2013 Annan lukijoilla 4 kiistatonta suosikkia<\/a><\/p>\n<\/li>\n<\/ol>\n<p>      <script async src=\"\/\/www.instagram.com\/embed.js\"><\/script><\/p>\n","protected":false},"excerpt":{"rendered":"Linnan juhlat ker\u00e4siv\u00e4t paikalle suurin m\u00e4\u00e4rin julkisuuden henkil\u00f6it\u00e4 ja heid\u00e4n puolisojaan. N\u00e4m\u00e4 kumppanit ovat n\u00e4kyneet julkisuudessa vain harvoin.&hellip;\n","protected":false},"author":2,"featured_media":111316,"comment_status":"","ping_status":"","sticky":false,"template":"","format":"standard","meta":{"footnotes":""},"categories":[136],"tags":[407,137,33,31,30,18037,408,14062,19866,11208,32,109],"class_list":{"0":"post-111315","1":"post","2":"type-post","3":"status-publish","4":"format-standard","5":"has-post-thumbnail","7":"category-julkkikset","8":"tag-celebrities","9":"tag-entertainment","10":"tag-fi","11":"tag-finland","12":"tag-finnish","13":"tag-itsenaisyyspaiva","14":"tag-julkkikset","15":"tag-linnan-juhlat","16":"tag-linnan-juhlat-2025","17":"tag-suomalaiset-julkkikset","18":"tag-suomi","19":"tag-viihde"},"share_on_mastodon":{"url":"https:\/\/pubeurope.com\/@fi\/115686731094469097","error":""},"_links":{"self":[{"href":"https:\/\/www.europesays.com\/fi\/wp-json\/wp\/v2\/posts\/111315","targetHints":{"allow":["GET"]}}],"collection":[{"href":"https:\/\/www.europesays.com\/fi\/wp-json\/wp\/v2\/posts"}],"about":[{"href":"https:\/\/www.europesays.com\/fi\/wp-json\/wp\/v2\/types\/post"}],"author":[{"embeddable":true,"href":"https:\/\/www.europesays.com\/fi\/wp-json\/wp\/v2\/users\/2"}],"replies":[{"embeddable":true,"href":"https:\/\/www.europesays.com\/fi\/wp-json\/wp\/v2\/comments?post=111315"}],"version-history":[{"count":0,"href":"https:\/\/www.europesays.com\/fi\/wp-json\/wp\/v2\/posts\/111315\/revisions"}],"wp:featuredmedia":[{"embeddable":true,"href":"https:\/\/www.europesays.com\/fi\/wp-json\/wp\/v2\/media\/111316"}],"wp:attachment":[{"href":"https:\/\/www.europesays.com\/fi\/wp-json\/wp\/v2\/media?parent=111315"}],"wp:term":[{"taxonomy":"category","embeddable":true,"href":"https:\/\/www.europesays.com\/fi\/wp-json\/wp\/v2\/categories?post=111315"},{"taxonomy":"post_tag","embeddable":true,"href":"https:\/\/www.europesays.com\/fi\/wp-json\/wp\/v2\/tags?post=111315"}],"curies":[{"name":"wp","href":"https:\/\/api.w.org\/{rel}","templated":true}]}}