{"id":111319,"date":"2025-12-09T00:23:11","date_gmt":"2025-12-09T00:23:11","guid":{"rendered":"https:\/\/www.europesays.com\/fi\/111319\/"},"modified":"2025-12-09T00:23:11","modified_gmt":"2025-12-09T00:23:11","slug":"kirjailija-tuomas-vimma-on-oikeasti-ravintolayrittaja-kusti-miettinen","status":"publish","type":"post","link":"https:\/\/www.europesays.com\/fi\/111319\/","title":{"rendered":"Kirjailija Tuomas Vimma on oikeasti ravintolayritt\u00e4j\u00e4 Kusti Miettinen"},"content":{"rendered":"<p>8.12. 16:00<\/p>\n<p class=\"article-body mb-nof-24 px-nof-16\">Emme saa koskaan tiet\u00e4\u00e4 miss\u00e4 menestyskirjailija Tuomas Vimma on nyt, sill\u00e4 h\u00e4nt\u00e4 ei ole olemassa.<\/p>\n<p class=\"article-body mb-nof-24 px-nof-16\">Tuomas Vimma on ravintolayritt\u00e4j\u00e4 <a class=\"article-personlink\" href=\"https:\/\/www.hs.fi\/haku\/?query=Kusti%20Miettisen\" rel=\"nofollow noopener\" target=\"_blank\">Kusti Miettisen<\/a> salanimi, jonka alla h\u00e4n on tehnyt kymmenisen kirjaa.<\/p>\n<p class=\"article-body mb-nof-24 px-nof-16\">Nyt Miettinen pit\u00e4\u00e4 keitti\u00f6mestaripuolisonsa <a class=\"article-personlink\" href=\"https:\/\/www.hs.fi\/haku\/?query=Jenni%20Tuomisen\" rel=\"nofollow noopener\" target=\"_blank\">Jenni Tuomisen<\/a> kanssa yksityist\u00e4 kokkikoulua Fazerin vanhassa makeistehtaassa Pursimiehenkadulla.<\/p>\n","protected":false},"excerpt":{"rendered":"8.12. 16:00 Emme saa koskaan tiet\u00e4\u00e4 miss\u00e4 menestyskirjailija Tuomas Vimma on nyt, sill\u00e4 h\u00e4nt\u00e4 ei ole olemassa. Tuomas&hellip;\n","protected":false},"author":2,"featured_media":111320,"comment_status":"","ping_status":"","sticky":false,"template":"","format":"standard","meta":{"footnotes":""},"categories":[130],"tags":[137,33,31,30,46,32,109],"class_list":{"0":"post-111319","1":"post","2":"type-post","3":"status-publish","4":"format-standard","5":"has-post-thumbnail","7":"category-viihde","8":"tag-entertainment","9":"tag-fi","10":"tag-finland","11":"tag-finnish","12":"tag-helsingin-sanomat","13":"tag-suomi","14":"tag-viihde"},"share_on_mastodon":{"url":"https:\/\/pubeurope.com\/@fi\/115686762316928218","error":""},"_links":{"self":[{"href":"https:\/\/www.europesays.com\/fi\/wp-json\/wp\/v2\/posts\/111319","targetHints":{"allow":["GET"]}}],"collection":[{"href":"https:\/\/www.europesays.com\/fi\/wp-json\/wp\/v2\/posts"}],"about":[{"href":"https:\/\/www.europesays.com\/fi\/wp-json\/wp\/v2\/types\/post"}],"author":[{"embeddable":true,"href":"https:\/\/www.europesays.com\/fi\/wp-json\/wp\/v2\/users\/2"}],"replies":[{"embeddable":true,"href":"https:\/\/www.europesays.com\/fi\/wp-json\/wp\/v2\/comments?post=111319"}],"version-history":[{"count":0,"href":"https:\/\/www.europesays.com\/fi\/wp-json\/wp\/v2\/posts\/111319\/revisions"}],"wp:featuredmedia":[{"embeddable":true,"href":"https:\/\/www.europesays.com\/fi\/wp-json\/wp\/v2\/media\/111320"}],"wp:attachment":[{"href":"https:\/\/www.europesays.com\/fi\/wp-json\/wp\/v2\/media?parent=111319"}],"wp:term":[{"taxonomy":"category","embeddable":true,"href":"https:\/\/www.europesays.com\/fi\/wp-json\/wp\/v2\/categories?post=111319"},{"taxonomy":"post_tag","embeddable":true,"href":"https:\/\/www.europesays.com\/fi\/wp-json\/wp\/v2\/tags?post=111319"}],"curies":[{"name":"wp","href":"https:\/\/api.w.org\/{rel}","templated":true}]}}