{"id":111323,"date":"2025-12-09T00:27:12","date_gmt":"2025-12-09T00:27:12","guid":{"rendered":"https:\/\/www.europesays.com\/fi\/111323\/"},"modified":"2025-12-09T00:27:12","modified_gmt":"2025-12-09T00:27:12","slug":"vain-yksi-maa-jai-taakse","status":"publish","type":"post","link":"https:\/\/www.europesays.com\/fi\/111323\/","title":{"rendered":"Vain yksi maa j\u00e4i taakse"},"content":{"rendered":"<p>The Economist laittoi maat j\u00e4rjestykseen kuluvan vuoden taloudellisen menestyksen perusteella. Suomi l\u00e4hes jumbosijalla.<\/p>\n<p><img decoding=\"async\" class=\"image image-show image-preview\" src=\"https:\/\/www.europesays.com\/fi\/wp-content\/uploads\/2025\/12\/1f42297d2af83274085bdc43cab38b2854e78560d4d342dbafb5cc0264653af2.jpg\" alt=\"\"\/><img decoding=\"async\" class=\"image image-show\" src=\"https:\/\/www.europesays.com\/fi\/wp-content\/uploads\/2025\/12\/1765240032_505_1f42297d2af83274085bdc43cab38b2854e78560d4d342dbafb5cc0264653af2.jpg\" alt=\"\"\/><\/p>\n<p>Suomi sijoittui The Economistin listauksen h\u00e4nt\u00e4p\u00e4\u00e4h\u00e4n. Kuvituskuvaa. Levi Veps\u00e4<\/p>\n<p class=\"paragraph\">Talouslehti <a href=\"https:\/\/www.economist.com\/finance-and-economics\/2025\/12\/07\/which-economy-did-best-in-2025\" rel=\"noopener nofollow\" target=\"_blank\">The Economist<\/a> on laittanut j\u00e4lleen maailman maita j\u00e4rjestykseen n\u00e4iden taloudellisen menestyksen mukaan. Eik\u00e4 tulos imartele mill\u00e4\u00e4n tavoin Suomea.<\/p>\n<p class=\"paragraph\">36-kohtaiseen listaan kuuluvat OECD-maat eli Taloudellisen kehityksen ja yhteisty\u00f6n j\u00e4rjest\u00f6\u00f6n kuuluvat maat, poislukien Chile ja Costa Rica.<\/p>\n<p class=\"paragraph\">Kolmen parhaan joukkoon vertailussa nousevat Portugali, Irlanti ja Israel.<\/p>\n<p class=\"paragraph\">Listaus perustuu viiteen tekij\u00e4\u00e4n: pohjainflaatioon, inflaation laajuuteen, talouskasvuun, p\u00f6rssien kehitykseen ja ty\u00f6llisyyteen.<\/p>\n<p class=\"paragraph\">Suomi on listan sijalla 35. Taakse j\u00e4\u00e4 pelk\u00e4st\u00e4\u00e4n Slovakia. Pohjoismaista parhaiten listauksessa sijoittuivat Tanska (21.) ja Islanti (22.). Ruotsin (28.) ja Norjan (29.) sijoitus oli my\u00f6s sangen matala.<\/p>\n<p class=\"paragraph\">Huomattavaa on, ett\u00e4 Etel\u00e4-Euroopan mailla menee listauksen mukaan hyvin. Viime vuonna listan k\u00e4rjess\u00e4 oli Espanja, joka nytkin ottaa Kolumbian kanssa jaetun nelj\u00e4nnen sijan.<\/p>\n","protected":false},"excerpt":{"rendered":"The Economist laittoi maat j\u00e4rjestykseen kuluvan vuoden taloudellisen menestyksen perusteella. Suomi l\u00e4hes jumbosijalla. Suomi sijoittui The Economistin listauksen&hellip;\n","protected":false},"author":2,"featured_media":111324,"comment_status":"","ping_status":"","sticky":false,"template":"","format":"standard","meta":{"footnotes":""},"categories":[14],"tags":[35,22,23,26,27,33,31,30,2346,17,19894,24,25,28,29,2619,15,18,21,721,2408,32,19,20,56,16,59,60,61],"class_list":{"0":"post-111323","1":"post","2":"type-post","3":"status-publish","4":"format-standard","5":"has-post-thumbnail","7":"category-ulkomaat","8":"tag-24h","9":"tag-breaking-news","10":"tag-breakingnews","11":"tag-featured-news","12":"tag-featurednews","13":"tag-fi","14":"tag-finland","15":"tag-finnish","16":"tag-hallituksen-talouspolitiikka","17":"tag-headlines","18":"tag-laskusuhdanne-lama","19":"tag-latest-news","20":"tag-latestnews","21":"tag-main-news","22":"tag-mainnews","23":"tag-makrotalous-ja-talouspolitiikka","24":"tag-news","25":"tag-otsikot","26":"tag-paauutiset","27":"tag-rahoitus","28":"tag-rahoitusmarkkinat","29":"tag-suomi","30":"tag-top-stories","31":"tag-topstories","32":"tag-ulkomaat","33":"tag-uutiset","34":"tag-world","35":"tag-world-news","36":"tag-worldnews"},"share_on_mastodon":{"url":"https:\/\/pubeurope.com\/@fi\/115686778456592429","error":""},"_links":{"self":[{"href":"https:\/\/www.europesays.com\/fi\/wp-json\/wp\/v2\/posts\/111323","targetHints":{"allow":["GET"]}}],"collection":[{"href":"https:\/\/www.europesays.com\/fi\/wp-json\/wp\/v2\/posts"}],"about":[{"href":"https:\/\/www.europesays.com\/fi\/wp-json\/wp\/v2\/types\/post"}],"author":[{"embeddable":true,"href":"https:\/\/www.europesays.com\/fi\/wp-json\/wp\/v2\/users\/2"}],"replies":[{"embeddable":true,"href":"https:\/\/www.europesays.com\/fi\/wp-json\/wp\/v2\/comments?post=111323"}],"version-history":[{"count":0,"href":"https:\/\/www.europesays.com\/fi\/wp-json\/wp\/v2\/posts\/111323\/revisions"}],"wp:featuredmedia":[{"embeddable":true,"href":"https:\/\/www.europesays.com\/fi\/wp-json\/wp\/v2\/media\/111324"}],"wp:attachment":[{"href":"https:\/\/www.europesays.com\/fi\/wp-json\/wp\/v2\/media?parent=111323"}],"wp:term":[{"taxonomy":"category","embeddable":true,"href":"https:\/\/www.europesays.com\/fi\/wp-json\/wp\/v2\/categories?post=111323"},{"taxonomy":"post_tag","embeddable":true,"href":"https:\/\/www.europesays.com\/fi\/wp-json\/wp\/v2\/tags?post=111323"}],"curies":[{"name":"wp","href":"https:\/\/api.w.org\/{rel}","templated":true}]}}