{"id":111330,"date":"2025-12-09T00:48:10","date_gmt":"2025-12-09T00:48:10","guid":{"rendered":"https:\/\/www.europesays.com\/fi\/111330\/"},"modified":"2025-12-09T00:48:10","modified_gmt":"2025-12-09T00:48:10","slug":"hiihdon-maailmancupissa-saatetaan-nahda-venalaishiihtaja-jo-talla-viikolla-yle","status":"publish","type":"post","link":"https:\/\/www.europesays.com\/fi\/111330\/","title":{"rendered":"Hiihdon maailmancupissa saatetaan n\u00e4hd\u00e4 ven\u00e4l\u00e4ishiiht\u00e4j\u00e4 jo t\u00e4ll\u00e4 viikolla &#8211; Yle"},"content":{"rendered":"<ol>\n<li><a href=\"https:\/\/news.google.com\/rss\/articles\/CBMiQkFVX3lxTE9CakhXRW5ieFRjeXp5eXJINzZKQVdQelZ5T2V0cnRSMWJfWm9fNng4ZWM0b1NsSjlEQkQ1d0pzamJLdw?oc=5\" target=\"_blank\" rel=\"nofollow noopener\">Hiihdon maailmancupissa saatetaan n\u00e4hd\u00e4 ven\u00e4l\u00e4ishiiht\u00e4j\u00e4 jo t\u00e4ll\u00e4 viikolla<\/a>&nbsp;&nbsp;Yle<\/li>\n<li><a href=\"https:\/\/news.google.com\/rss\/articles\/CBMiggFBVV95cUxPZi00eGRhOF9IOU1uS3l6ckRINHZiTWJmemJacFVCSnFPQVlwLUIzd3hwaHBLUmxWbHdRTGZnb3cxNkVNb21meWt4RmE1bnJoTE5YREhPSXRNOVRzakdOckx5Ym96WkRWbW5RM3ZHWGExSFFMdmNTQktuZDlHWms0UUZ3?oc=5\" target=\"_blank\" rel=\"nofollow noopener\">Ven\u00e4l\u00e4iset olympialaisiin \u2013 Linn Svahn perui boikottipuheensa<\/a>&nbsp;&nbsp;Iltalehti<\/li>\n<li><a href=\"https:\/\/news.google.com\/rss\/articles\/CBMiY0FVX3lxTE8xRndpX194RVJXX3lRU0VkREl0Y0ZLbHhxZzR4TnhiT2hzR2VWbkRmNWRfZWk4RUNwaDFxa01Uek9lOUlTYmZxMEVOQXVFUF80WnRUY2g2N0F5TklDUGVFM3Z1SQ?oc=5\" target=\"_blank\" rel=\"nofollow noopener\">Kulisseissa kuplii: Ven\u00e4j\u00e4n hiihtot\u00e4hdelle viisumi<\/a>&nbsp;&nbsp;Ilta-Sanomat<\/li>\n<li><a href=\"https:\/\/news.google.com\/rss\/articles\/CBMixgFBVV95cUxOMXhhbTEzNktsSll5UWFZc0JJa2lsN21qTmdzMk5ZXzBlYl93N1ZHd1MtR0tZcFdUMTJsZnM0cVV3bmZKY0lweklHUGdEVE1YaUYzc1NFTS1FRU9mbUQxY3BaczhvNVFOcUFjV1d2bmNkWUxLdXhUbmV3eS1wdklZTmtHbk5fbEliakRKRWd1RUctajlLdVZ4ZjRpZTZjcWw4QjN2dVV2SzRrSFFlV05zWUVnMlRiXzhlN3dHZlNsckpKNGJicWc?oc=5\" target=\"_blank\" rel=\"nofollow noopener\">Ven\u00e4l\u00e4isurheilijat palaavat maastohiihdon maailmancupiin &#8211; mukana jo seuraavassa kilpailussa<\/a>&nbsp;&nbsp;Sportti.com<\/li>\n<li><a href=\"https:\/\/news.google.com\/rss\/articles\/CBMiXEFVX3lxTFBLSWNJeFpRM0hrdEl0eXJXZVQ4SnVHd1FxLWdjSjZzVnFBenJfQ3pFcFlRNE8tTnY3ZmNYelMxSlNpbnpzLThCWlN1TjlSaXVydEpsLVp0MzRqTE55?oc=5\" target=\"_blank\" rel=\"nofollow noopener\">Hiihto | Kokenut urheilujuristi Olli Rauste kertoo, mit\u00e4 Casin Ven\u00e4j\u00e4-p\u00e4\u00e4t\u00f6s tarkoittaa<\/a>&nbsp;&nbsp;HS.fi<\/li>\n<\/ol>\n","protected":false},"excerpt":{"rendered":"Hiihdon maailmancupissa saatetaan n\u00e4hd\u00e4 ven\u00e4l\u00e4ishiiht\u00e4j\u00e4 jo t\u00e4ll\u00e4 viikolla&nbsp;&nbsp;Yle Ven\u00e4l\u00e4iset olympialaisiin \u2013 Linn Svahn perui boikottipuheensa&nbsp;&nbsp;Iltalehti Kulisseissa kuplii: Ven\u00e4j\u00e4n&hellip;\n","protected":false},"author":2,"featured_media":111331,"comment_status":"","ping_status":"","sticky":false,"template":"","format":"standard","meta":{"footnotes":""},"categories":[158],"tags":[33,31,30,2095,2096,11523,159,32,2775,160,547],"class_list":{"0":"post-111330","1":"post","2":"type-post","3":"status-publish","4":"format-standard","5":"has-post-thumbnail","7":"category-urheilu","8":"tag-fi","9":"tag-finland","10":"tag-finnish","11":"tag-hiihto","12":"tag-hiihtolajit","13":"tag-kansainvalinen-hiihtoliitto-fis","14":"tag-sports","15":"tag-suomi","16":"tag-talviolympialaiset","17":"tag-urheilu","18":"tag-venaja"},"share_on_mastodon":{"url":"https:\/\/pubeurope.com\/@fi\/115686860917016580","error":""},"_links":{"self":[{"href":"https:\/\/www.europesays.com\/fi\/wp-json\/wp\/v2\/posts\/111330","targetHints":{"allow":["GET"]}}],"collection":[{"href":"https:\/\/www.europesays.com\/fi\/wp-json\/wp\/v2\/posts"}],"about":[{"href":"https:\/\/www.europesays.com\/fi\/wp-json\/wp\/v2\/types\/post"}],"author":[{"embeddable":true,"href":"https:\/\/www.europesays.com\/fi\/wp-json\/wp\/v2\/users\/2"}],"replies":[{"embeddable":true,"href":"https:\/\/www.europesays.com\/fi\/wp-json\/wp\/v2\/comments?post=111330"}],"version-history":[{"count":0,"href":"https:\/\/www.europesays.com\/fi\/wp-json\/wp\/v2\/posts\/111330\/revisions"}],"wp:featuredmedia":[{"embeddable":true,"href":"https:\/\/www.europesays.com\/fi\/wp-json\/wp\/v2\/media\/111331"}],"wp:attachment":[{"href":"https:\/\/www.europesays.com\/fi\/wp-json\/wp\/v2\/media?parent=111330"}],"wp:term":[{"taxonomy":"category","embeddable":true,"href":"https:\/\/www.europesays.com\/fi\/wp-json\/wp\/v2\/categories?post=111330"},{"taxonomy":"post_tag","embeddable":true,"href":"https:\/\/www.europesays.com\/fi\/wp-json\/wp\/v2\/tags?post=111330"}],"curies":[{"name":"wp","href":"https:\/\/api.w.org\/{rel}","templated":true}]}}