{"id":111332,"date":"2025-12-09T00:49:10","date_gmt":"2025-12-09T00:49:10","guid":{"rendered":"https:\/\/www.europesays.com\/fi\/111332\/"},"modified":"2025-12-09T00:49:10","modified_gmt":"2025-12-09T00:49:10","slug":"huomiota-haettu-erika-vikmanin-ja-erna-huskon-suukottelu-linnan-juhlien-jatkoilla-sai-somen-ryopsahtamaan","status":"publish","type":"post","link":"https:\/\/www.europesays.com\/fi\/111332\/","title":{"rendered":"&#8221;Huomiota haettu&#8221; \u2013 Erika Vikmanin ja Erna Huskon suukottelu Linnan juhlien jatkoilla sai somen ry\u00f6ps\u00e4ht\u00e4m\u00e4\u00e4n"},"content":{"rendered":"<p>Itsen\u00e4isyysp\u00e4iv\u00e4n\u00e4 j\u00e4rjestettiin tasavallan presidentin perinteinen juhlavastaanotto, tuttavallisemmin Linnan juhlat, joissa olivat vieraana muun muassa t\u00e4m\u00e4n vuoden euroviisuedustajamme <strong>Erika Vikman<\/strong> sek\u00e4 somevaikuttaja <strong>Erna Husko<\/strong>.<\/p>\n<p>Husko julkaisi <a href=\"https:\/\/www.instagram.com\/ernahusko\/\" target=\"_blank\" rel=\"noreferrer noopener nofollow\">Instagram-tilill\u00e4\u00e4n<\/a> yhteiskuvia kaksikosta juhlien hotelli K\u00e4mpiss\u00e4 j\u00e4rjestetyilt\u00e4 jatkoilta.<\/p>\n<p>P\u00e4ivityksen kuvatekstiss\u00e4 Husko kertoo rakastavansa Suomea ja Vikmania.<\/p>\n<p>Lue my\u00f6s: <a href=\"https:\/\/www.voice.fi\/viihde\/oon-pettynyt-etta-alennut-tammoiseen-wilma-schlizewskin-linnan-juhlien-suorasukainen-kommentointi-kuohuttaa\" title=\"\u201dOon pettynyt ett\u00e4 alennut t\u00e4mm\u00f6iseen\u201d \u2013 Wilma Schlizewskin Linnan juhlien suorasukainen kommentointi kuohuttaa\" class=\"underline-custom !font-montserrat !font-bold !underline-offset-4 !decoration-4 !decoration-tilt-light !text-md\" rel=\"nofollow noopener\" target=\"_blank\">\u201dOon pettynyt ett\u00e4 alennut t\u00e4mm\u00f6iseen\u201d \u2013 Wilma Schlizewskin Linnan juhlien suorasukainen kommentointi kuohuttaa<\/a><\/p>\n<p>Lue my\u00f6s: <a href=\"https:\/\/www.voice.fi\/viihde\/antonio-flores-jatti-kalsarinsa-vessaan-ensimmaisissa-linnan-juhlissaan\" title=\"Antonio Flores j\u00e4tti kalsarinsa vessaan ensimm\u00e4isiss\u00e4 Linnan juhlissaan\" class=\"underline-custom !font-montserrat !font-bold !underline-offset-4 !decoration-4 !decoration-tilt-light !text-md\" rel=\"nofollow noopener\" target=\"_blank\">Antonio Flores j\u00e4tti kalsarinsa vessaan ensimm\u00e4isiss\u00e4 Linnan juhlissaan<\/a><\/p>\n<p>Kuvasarjan toisessa kuvassa naiset suutelevat toisiaan suulle.<\/p>\n<blockquote class=\"instagram-media\" data-instgrm-captioned=\"\" data-instgrm-permalink=\"https:\/\/www.instagram.com\/p\/DR-AwdwCOW6\/?utm_source=ig_embed&amp;utm_campaign=loading\" data-instgrm-version=\"14\" style=\" background:#FFF; border:0; border-radius:3px; box-shadow:0 0 1px 0 rgba(0,0,0,0.5),0 1px 10px 0 rgba(0,0,0,0.15); margin: 1px; max-width:500px; min-width:326px; padding:0; width:99.375%; width:-webkit-calc(100% - 2px); width:calc(100% - 2px);\"><p> <a href=\"https:\/\/www.instagram.com\/p\/DR-AwdwCOW6\/?utm_source=ig_embed&amp;utm_campaign=loading\" style=\" background:#FFFFFF; line-height:0; padding:0 0; text-align:center; text-decoration:none; width:100%;\" target=\"_blank\" rel=\"nofollow noopener\">       <\/p>\n<p>View this post on Instagram<\/p>\n<p>            <\/a><\/p><\/blockquote>\n<p>P\u00e4ivitys r\u00e4j\u00e4ytti somen. Vikman kommentoi julkaisua ensimm\u00e4isten joukossa isoin kirjaimin ja syd\u00e4nemojein:<\/p>\n<p>\u2013 OLI JUHLAT.<\/p>\n<p>T\u00e4h\u00e4n Husko vastasi samaan tapaan:<\/p>\n<p>\u2013 OLI.<\/p>\n<p>Somevaikuttaja <strong>Mandimai Sundberg<\/strong> kommentoi:<\/p>\n<p>\u2013 Okay hottiesss.<\/p>\n<p>Lue my\u00f6s: <a href=\"https:\/\/www.voice.fi\/viihde\/presidentille-lahjaksi-nugetteja-ja-minimaalisten-prinsessa-itsenaisyyspaivan-karvaisin-ja-hellyttavin-kattelyjono-on-tassa\" title=\"\u201dPresidentille\u201d lahjaksi nugetteja ja minimaalisten prinsessa \u2013 itsen\u00e4isyysp\u00e4iv\u00e4n karvaisin ja hellytt\u00e4vin k\u00e4ttelyjono on t\u00e4ss\u00e4\" class=\"underline-custom !font-montserrat !font-bold !underline-offset-4 !decoration-4 !decoration-tilt-light !text-md\" rel=\"nofollow noopener\" target=\"_blank\">\u201dPresidentille\u201d lahjaksi nugetteja ja minimaalisten prinsessa \u2013 itsen\u00e4isyysp\u00e4iv\u00e4n karvaisin ja hellytt\u00e4vin k\u00e4ttelyjono on t\u00e4ss\u00e4<\/a><\/p>\n<p>Lue my\u00f6s: <a href=\"https:\/\/www.voice.fi\/ilmiot\/setan-puheenjohtajan-linnan-juhlien-asu-on-nimeltaan-pyha-alapaa\" title=\"Setan puheenjohtajan Linnan juhlien asu on nimelt\u00e4\u00e4n \u201dpyh\u00e4 alap\u00e4\u00e4\u201d\" class=\"underline-custom !font-montserrat !font-bold !underline-offset-4 !decoration-4 !decoration-tilt-light !text-md\" rel=\"nofollow noopener\" target=\"_blank\">Setan puheenjohtajan Linnan juhlien asu on nimelt\u00e4\u00e4n \u201dpyh\u00e4 alap\u00e4\u00e4\u201d<\/a><\/p>\n<p>My\u00f6s lukuisat muut kommentoijat ihastelevat:<\/p>\n<p>\u2013 Hei ootte HOT.<\/p>\n<p>\u2013 Ihanat.<\/p>\n<p>\u2013 Kaksi kaunista leidi\u00e4.<\/p>\n<p>\u2013 Sopisitte hyvin yhteen.<\/p>\n<p>\u2013 Ihania kuvia.<\/p>\n<p>Kaikkia p\u00e4ivitys ei miellytt\u00e4nyt:<\/p>\n<p>\u2013 Just joo. Onpas radikaalia. Kaksi naista pussaa. Herrajjumala. Pikkasen boring ja n\u00e4hty jo ys\u00e4rill\u00e4.<\/p>\n<p>\u2013 Sairasta touhua.<\/p>\n<p>\u2013 Huomiota haettu, noloa.<\/p>\n<p>\u2013 Kaikkea ne pikkutyt\u00f6t tekev\u00e4tkin saadakseen julkisuutta.<\/p>\n<p>\u2013 Jotain rotia Erika Vikman.<\/p>\n<p>\u2013 Ai\u200b oot nyky\u00e4\u00e4n naisiin p\u00e4in? Kai se on muotia tai jotain.<\/p>\n<p>\t\t\t<a href=\"https:\/\/www.facebook.com\/sharer\/sharer.php?u=https:\/\/www.voice.fi\/viihde\/huomiota-haettu-erika-vikmanin-ja-erna-huskon-suukottelu-linnan-juhlien-jatkoilla-sai-somen-ryopsahtamaan\" class=\"block px-4 py-2 text-sm text-gray-800 border-b hover:bg-gray-200\" rel=\"nofollow noopener\" target=\"_blank\"><\/p>\n<p>\t\t\t\tFacebook<br \/>\n\t\t\t<\/a><br \/>\n\t\t\t<a href=\"https:\/\/twitter.com\/intent\/tweet?text=https:\/\/www.voice.fi\/viihde\/huomiota-haettu-erika-vikmanin-ja-erna-huskon-suukottelu-linnan-juhlien-jatkoilla-sai-somen-ryopsahtamaan\" class=\"block px-4 py-2 text-sm text-gray-800 border-b hover:bg-gray-200\" rel=\"nofollow noopener\" target=\"_blank\"><\/p>\n<p>\t\t\t\tTwitter<br \/>\n\t\t\t<\/a><br \/>\n\t\t\t<a href=\"mailto:?subject=\u201dHuomiota haettu\u201d \u2013 Erika Vikmanin  ja Erna Huskon suukottelu Linnan juhlien jatkoilla sai somen ry\u00f6ps\u00e4ht\u00e4m\u00e4\u00e4n&amp;body=https:\/\/www.voice.fi\/viihde\/huomiota-haettu-erika-vikmanin-ja-erna-huskon-suukottelu-linnan-juhlien-jatkoilla-sai-somen-ryopsahtamaan\" class=\"block px-4 py-2 text-sm text-gray-800 border-b hover:bg-gray-200\"><\/p>\n<p>\t\t\t\tS\u00e4hk\u00f6posti<\/a><\/p>\n<p>\t\t\t\t<script async src=\"https:\/\/platform.twitter.com\/widgets.js\" charset=\"utf-8\"><\/script><script async src=\"\/\/www.instagram.com\/embed.js\"><\/script><\/p>\n","protected":false},"excerpt":{"rendered":"Itsen\u00e4isyysp\u00e4iv\u00e4n\u00e4 j\u00e4rjestettiin tasavallan presidentin perinteinen juhlavastaanotto, tuttavallisemmin Linnan juhlat, joissa olivat vieraana muun muassa t\u00e4m\u00e4n vuoden euroviisuedustajamme Erika&hellip;\n","protected":false},"author":2,"featured_media":111333,"comment_status":"","ping_status":"","sticky":false,"template":"","format":"standard","meta":{"footnotes":""},"categories":[130],"tags":[137,33,31,30,14062,6251,32,109],"class_list":{"0":"post-111332","1":"post","2":"type-post","3":"status-publish","4":"format-standard","5":"has-post-thumbnail","7":"category-viihde","8":"tag-entertainment","9":"tag-fi","10":"tag-finland","11":"tag-finnish","12":"tag-linnan-juhlat","13":"tag-pusu","14":"tag-suomi","15":"tag-viihde"},"share_on_mastodon":{"url":"https:\/\/pubeurope.com\/@fi\/115686864491012866","error":""},"_links":{"self":[{"href":"https:\/\/www.europesays.com\/fi\/wp-json\/wp\/v2\/posts\/111332","targetHints":{"allow":["GET"]}}],"collection":[{"href":"https:\/\/www.europesays.com\/fi\/wp-json\/wp\/v2\/posts"}],"about":[{"href":"https:\/\/www.europesays.com\/fi\/wp-json\/wp\/v2\/types\/post"}],"author":[{"embeddable":true,"href":"https:\/\/www.europesays.com\/fi\/wp-json\/wp\/v2\/users\/2"}],"replies":[{"embeddable":true,"href":"https:\/\/www.europesays.com\/fi\/wp-json\/wp\/v2\/comments?post=111332"}],"version-history":[{"count":0,"href":"https:\/\/www.europesays.com\/fi\/wp-json\/wp\/v2\/posts\/111332\/revisions"}],"wp:featuredmedia":[{"embeddable":true,"href":"https:\/\/www.europesays.com\/fi\/wp-json\/wp\/v2\/media\/111333"}],"wp:attachment":[{"href":"https:\/\/www.europesays.com\/fi\/wp-json\/wp\/v2\/media?parent=111332"}],"wp:term":[{"taxonomy":"category","embeddable":true,"href":"https:\/\/www.europesays.com\/fi\/wp-json\/wp\/v2\/categories?post=111332"},{"taxonomy":"post_tag","embeddable":true,"href":"https:\/\/www.europesays.com\/fi\/wp-json\/wp\/v2\/tags?post=111332"}],"curies":[{"name":"wp","href":"https:\/\/api.w.org\/{rel}","templated":true}]}}