{"id":111343,"date":"2025-12-09T01:14:08","date_gmt":"2025-12-09T01:14:08","guid":{"rendered":"https:\/\/www.europesays.com\/fi\/111343\/"},"modified":"2025-12-09T01:14:08","modified_gmt":"2025-12-09T01:14:08","slug":"petteri-pennanen-ja-kups-jatkosopimukseen-2","status":"publish","type":"post","link":"https:\/\/www.europesays.com\/fi\/111343\/","title":{"rendered":"Petteri Pennanen ja KuPS jatkosopimukseen"},"content":{"rendered":"<p>Jalkapallo|Petteri Pennanen ja KuPS solmivat kaksivuotisen sopimuksen.<\/p>\n<p>8.12. 17:05<\/p>\n<p class=\"article-body mb-nof-24 px-nof-16\">Veikkausliigan mestaruuden menneell\u00e4 kaudella voittanut KuPS ilmoitti maanantaina tehneens\u00e4 jatkosopimuksen <a class=\"article-personlink\" href=\"https:\/\/www.hs.fi\/haku\/?query=Petteri%20Pennasen\" rel=\"nofollow noopener\" target=\"_blank\">Petteri Pennasen<\/a> kanssa.<\/p>\n<p class=\"article-body mb-nof-24 px-nof-16\">Joukkue kertoi sopimuksesta <a class=\"article-genericlink\" href=\"https:\/\/kups.fi\/kapteeni-jatkaa-kotikaupungissaan-petteri-pennanen-ja-kups-sopimukseen-kahdesta-kaudesta\/\" rel=\"nofollow noopener\" target=\"_blank\">verkkosivuillaan<\/a>.<\/p>\n<p class=\"article-body mb-nof-24 px-nof-16\">Uuden sopimuksen my\u00f6t\u00e4 joukkueen kapteeni Pennanen jatkaa Kuopiossa kaudet 2026 ja 2027.<\/p>\n<p class=\"article-body mb-nof-24 px-nof-16\">\u201dPennanen on ollut kuluvallakin kaudella j\u00e4lleen yksi KuPSin mestaruusjoukkueen avainhahmoista. Keskikent\u00e4n johtaja, kapteeni ja pukukopin suunnann\u00e4ytt\u00e4j\u00e4 on vuodesta toiseen ollut yksi Veikkausliigan arvostetuimmista pelaajista\u201d, joukkueen tiedotteessa kerrotaan.<\/p>\n<p class=\"article-body mb-nof-24 px-nof-16\">Pennanen kertoo my\u00f6s olevansa eritt\u00e4in mieliss\u00e4\u00e4n jatkosopimuksesta.<\/p>\n<p class=\"article-body mb-nof-24 px-nof-16\">\u201dK\u00e4vimme syksyll\u00e4 periaatteessa kaiken valmiiksi, mutta halusin siin\u00e4 vaiheessa viel\u00e4 hetken pys\u00e4hty\u00e4 ja mietti\u00e4 rauhassa. Nyt kun kausi l\u00e4henee loppua, p\u00e4\u00e4t\u00f6s oli tarkoitus tehd\u00e4 \u2013 eik\u00e4 mik\u00e4\u00e4n muu vaihtoehto k\u00e4ynyt mieless\u00e4\u201d, kapteeni avaa mietteit\u00e4\u00e4n.<\/p>\n<p class=\"article-body mb-nof-24 px-nof-16\">\u201dKroppa tuntuu edelleen erinomaiselta ja mielikin on suhteellisen nuorekas, joten jatko oli lopulta helppo ratkaisu. Hienoa, ett\u00e4 saan jatkaa Kuopion Palloseurassa.\u201d<\/p>\n<p class=\"article-body mb-nof-24 px-nof-16\">Kuopiossa syntynyt keskikentt\u00e4pelaaja iski viime kaudella KuPSin paidassa seitsem\u00e4n maalia ja kolme maalisy\u00f6tt\u00f6\u00e4 31 ottelussa.<\/p>\n<p class=\"article-body mb-nof-24 px-nof-16\">Kaudeksi 2024 Kuopioon palannut Pennanen on edustanut Veikkausliigassa KuPSin lis\u00e4ksi TPS:\u00e4\u00e4, RoPSia ja Ilvest\u00e4.<\/p>\n","protected":false},"excerpt":{"rendered":"Jalkapallo|Petteri Pennanen ja KuPS solmivat kaksivuotisen sopimuksen. 8.12. 17:05 Veikkausliigan mestaruuden menneell\u00e4 kaudella voittanut KuPS ilmoitti maanantaina tehneens\u00e4&hellip;\n","protected":false},"author":2,"featured_media":111344,"comment_status":"","ping_status":"","sticky":false,"template":"","format":"standard","meta":{"footnotes":""},"categories":[158],"tags":[33,31,30,46,159,32,160],"class_list":{"0":"post-111343","1":"post","2":"type-post","3":"status-publish","4":"format-standard","5":"has-post-thumbnail","7":"category-urheilu","8":"tag-fi","9":"tag-finland","10":"tag-finnish","11":"tag-helsingin-sanomat","12":"tag-sports","13":"tag-suomi","14":"tag-urheilu"},"share_on_mastodon":{"url":"https:\/\/pubeurope.com\/@fi\/115686963014399323","error":""},"_links":{"self":[{"href":"https:\/\/www.europesays.com\/fi\/wp-json\/wp\/v2\/posts\/111343","targetHints":{"allow":["GET"]}}],"collection":[{"href":"https:\/\/www.europesays.com\/fi\/wp-json\/wp\/v2\/posts"}],"about":[{"href":"https:\/\/www.europesays.com\/fi\/wp-json\/wp\/v2\/types\/post"}],"author":[{"embeddable":true,"href":"https:\/\/www.europesays.com\/fi\/wp-json\/wp\/v2\/users\/2"}],"replies":[{"embeddable":true,"href":"https:\/\/www.europesays.com\/fi\/wp-json\/wp\/v2\/comments?post=111343"}],"version-history":[{"count":0,"href":"https:\/\/www.europesays.com\/fi\/wp-json\/wp\/v2\/posts\/111343\/revisions"}],"wp:featuredmedia":[{"embeddable":true,"href":"https:\/\/www.europesays.com\/fi\/wp-json\/wp\/v2\/media\/111344"}],"wp:attachment":[{"href":"https:\/\/www.europesays.com\/fi\/wp-json\/wp\/v2\/media?parent=111343"}],"wp:term":[{"taxonomy":"category","embeddable":true,"href":"https:\/\/www.europesays.com\/fi\/wp-json\/wp\/v2\/categories?post=111343"},{"taxonomy":"post_tag","embeddable":true,"href":"https:\/\/www.europesays.com\/fi\/wp-json\/wp\/v2\/tags?post=111343"}],"curies":[{"name":"wp","href":"https:\/\/api.w.org\/{rel}","templated":true}]}}