{"id":111346,"date":"2025-12-09T01:18:18","date_gmt":"2025-12-09T01:18:18","guid":{"rendered":"https:\/\/www.europesays.com\/fi\/111346\/"},"modified":"2025-12-09T01:18:18","modified_gmt":"2025-12-09T01:18:18","slug":"k-supermarket-soukan-uudistustyot-ovat-valmistuneet","status":"publish","type":"post","link":"https:\/\/www.europesays.com\/fi\/111346\/","title":{"rendered":"K-Supermarket Soukan uudistusty\u00f6t ovat valmistuneet"},"content":{"rendered":"<p><strong>Kauppa avautuu nauhan leikkauksella klo 10 \u2013 juhlahumua on luvassa koko loppuviikon <\/strong><\/p>\n<p>Kauppa avautuu torstaina 11.12. poikkeuksellisesti klo 10. Silloin seuraa nauhan leikkaus, jossa kauppiasparia avustavat Keskon Etel\u00e4-Suomen aluejohtaja <strong>Mika Sivula<\/strong> ja K-Supermarket-ketjun johtaja <strong>Janne Vuorinen<\/strong>. \u201dJuhlahumua on koko loppuviikko\u201d, lupaa kauppias Paula Matikainen. Torstaina nautitaan kakkukahveja ja kuullaan musiikkiesityksi\u00e4. 300 ensimm\u00e4iselle on jaossa kaupan omia kestokasseja ja osassa niist\u00e4 on sis\u00e4ll\u00e4 yll\u00e4tys. <\/p>\n<p><strong>\u201dIhanaa p\u00e4\u00e4st\u00e4 t\u00e4lle vuosikymmenelle!\u201d<\/strong><\/p>\n<p>Huokaisee Paula-kauppias. Isoimpia juttuja olivat uudet, energiatehokkaat kylm\u00e4laitos ja kylm\u00e4koneet. Sis\u00e4\u00e4ntulo muuttui niin, ett\u00e4 saatiin toimivampi pakettipiste ja avara kassa-alue. Kassalinjalla palvelevat uudet kassat, joista kaksi on itsepalvelukassoja. Suurin osa l\u00e4mpimist\u00e4 kalusteista on my\u00f6s uusia. \u201dAsiakastoiveista toteutettiin pullonpalautusautomaatti parempaan paikkaan, tuulikaappi ja aula freesattiin. Aulaan hankittiin uusi penkki ja kaupan sis\u00e4lt\u00e4 l\u00f6ytyy toinen, jotta asioidessa voi vaikka hetken lev\u00e4ht\u00e4\u00e4\u201d, Paula luettelee. \u201dMeill\u00e4 on nyt hieno ja nykyaikainen ruokakauppa ja toivoisin, ett\u00e4 my\u00f6s ostarin uudistus k\u00e4ynnistyisi l\u00e4hitulevaisuudessa.\u201d<\/p>\n<p><strong>Syd\u00e4mellisen palvelun ruokakauppa #soukansyd\u00e4mess\u00e4<\/strong><\/p>\n<p>\u201dUusissa tiloissa p\u00e4\u00e4semme palvelemaan asiakkaitamme niin kuin olemme halunneet. My\u00f6s henkil\u00f6kunta saa inspiraatiota nykyaikaisista kalusteista ja ty\u00f6skentely on kaiken kaikkiaan sujuvampaa ja miellytt\u00e4v\u00e4mp\u00e4\u00e4\u201d, Paula hehkuttaa. <\/p>\n<p>Uusissa kalusteissa tuotteet sek\u00e4\u00a0kokonaisuudessaan\u00a0valikoima tulee esille huomattavasti aiempaa paremmin. Valikoimat ovat lis\u00e4\u00e4ntyneet erityisesti pakasteissa. Uutena kauppaan on tullut Picadelin salaattibaari. \u201dPid\u00e4mme arjen ty\u00f6ss\u00e4mme erityishuolta siit\u00e4, ett\u00e4 hedelm\u00e4- ja vihannesosasto on houkutteleva ja paistopisteemme on kuumana joka p\u00e4iv\u00e4.\u201d Woltin kotiinkuljetuspalvelut tulivat K-Supermarket Soukkaan marraskuun alusta. Soukan koirak\u00e4rry on my\u00f6s ollut mieleinen lemmikkien omistajille. <\/p>\n<p>\u201dAsiakkailta on tullut kiitosta uudesta j\u00e4rjestyksest\u00e4 ja on ihmetelty, ett\u00e4 onko kauppa saanut lis\u00e4\u00e4 tilaa? \u201d, Paula kertoo. \u201dOlemme my\u00f6s itse hyvin tyytyv\u00e4isi\u00e4 siihen, ett\u00e4 kauppa on selke\u00e4, avara ja kotoisa.\u201d<\/p>\n<p><strong>Kiitokset henkil\u00f6kunnalle, asiakkaille ja yhteisty\u00f6kumppaneille<\/strong><\/p>\n<p>Paula ja Kimmo jakavat kiitoksia kaikille osapuolille: \u201dHenkil\u00f6kunta on tsempannut todella kovasti ja hoitanut silti ty\u00f6t tinkim\u00e4tt\u00f6m\u00e4sti remontin keskell\u00e4. Koko ajan kuitenkin on porukassa s\u00e4ilynyt hyv\u00e4 henki ja tsemppi.\u201d<\/p>\n<p>\u201dKiitokset p\u00e4\u00e4- ja aliurakoitsijoille, jotka ovat hoitaneet remontin l\u00e4pi mallikkaasti ja hyv\u00e4ll\u00e4 ty\u00f6moraalilla\u201d, kauppiaat jatkavat. \u201dErityiskiitos asiakkaillemme, jotka ovat olleet k\u00e4rsiv\u00e4llisi\u00e4 ja ymm\u00e4rt\u00e4v\u00e4isi\u00e4 sek\u00e4 k\u00e4yneet ostoksilla koko remontin ajan.\u201d<\/p>\n<p>\u201dTervetuloa asiakkaat ihastumaan uudistettuun K-Supermarket Soukkaan! \u201d<\/p>\n","protected":false},"excerpt":{"rendered":"Kauppa avautuu nauhan leikkauksella klo 10 \u2013 juhlahumua on luvassa koko loppuviikon Kauppa avautuu torstaina 11.12. poikkeuksellisesti klo&hellip;\n","protected":false},"author":2,"featured_media":111347,"comment_status":"","ping_status":"","sticky":false,"template":"","format":"standard","meta":{"footnotes":""},"categories":[76],"tags":[79,77,33,31,30,32,78],"class_list":{"0":"post-111346","1":"post","2":"type-post","3":"status-publish","4":"format-standard","5":"has-post-thumbnail","7":"category-talous","8":"tag-business","9":"tag-economy","10":"tag-fi","11":"tag-finland","12":"tag-finnish","13":"tag-suomi","14":"tag-talous"},"share_on_mastodon":{"url":"https:\/\/pubeurope.com\/@fi\/115686979499844191","error":""},"_links":{"self":[{"href":"https:\/\/www.europesays.com\/fi\/wp-json\/wp\/v2\/posts\/111346","targetHints":{"allow":["GET"]}}],"collection":[{"href":"https:\/\/www.europesays.com\/fi\/wp-json\/wp\/v2\/posts"}],"about":[{"href":"https:\/\/www.europesays.com\/fi\/wp-json\/wp\/v2\/types\/post"}],"author":[{"embeddable":true,"href":"https:\/\/www.europesays.com\/fi\/wp-json\/wp\/v2\/users\/2"}],"replies":[{"embeddable":true,"href":"https:\/\/www.europesays.com\/fi\/wp-json\/wp\/v2\/comments?post=111346"}],"version-history":[{"count":0,"href":"https:\/\/www.europesays.com\/fi\/wp-json\/wp\/v2\/posts\/111346\/revisions"}],"wp:featuredmedia":[{"embeddable":true,"href":"https:\/\/www.europesays.com\/fi\/wp-json\/wp\/v2\/media\/111347"}],"wp:attachment":[{"href":"https:\/\/www.europesays.com\/fi\/wp-json\/wp\/v2\/media?parent=111346"}],"wp:term":[{"taxonomy":"category","embeddable":true,"href":"https:\/\/www.europesays.com\/fi\/wp-json\/wp\/v2\/categories?post=111346"},{"taxonomy":"post_tag","embeddable":true,"href":"https:\/\/www.europesays.com\/fi\/wp-json\/wp\/v2\/tags?post=111346"}],"curies":[{"name":"wp","href":"https:\/\/api.w.org\/{rel}","templated":true}]}}