{"id":111349,"date":"2025-12-09T01:20:16","date_gmt":"2025-12-09T01:20:16","guid":{"rendered":"https:\/\/www.europesays.com\/fi\/111349\/"},"modified":"2025-12-09T01:20:16","modified_gmt":"2025-12-09T01:20:16","slug":"tama-jai-suomen-viimeiseksi-shell-asemaksi-puretaan-parhaillaan-tunnuksia","status":"publish","type":"post","link":"https:\/\/www.europesays.com\/fi\/111349\/","title":{"rendered":"T\u00e4m\u00e4 j\u00e4i Suomen viimeiseksi Shell-asemaksi \u2013 &#8221;Puretaan parhaillaan tunnuksia&#8221;"},"content":{"rendered":"<p>Pomarkun Shellin 60-vuotinen tarina p\u00e4\u00e4ttyi, mutta huoltamotoiminta kiinteist\u00f6ss\u00e4 jatkuu.<\/p>\n<p><img decoding=\"async\" class=\"image image-show image-preview\" src=\"https:\/\/www.europesays.com\/fi\/wp-content\/uploads\/2025\/12\/c5d443f6db523a06b9ac3f67a40edd0c3c1574b8748b13a6b4c21678cb51118a.jpg\" alt=\"\"\/><img decoding=\"async\" class=\"image image-show\" src=\"https:\/\/www.europesays.com\/fi\/wp-content\/uploads\/2025\/12\/1765243216_482_c5d443f6db523a06b9ac3f67a40edd0c3c1574b8748b13a6b4c21678cb51118a.jpg\" alt=\"\"\/><\/p>\n<p>Shellin logot poistettiin Pomarkusta maanantaina. Googlen kuva on otettu aiemmin t\u00e4n\u00e4 vuonna. GOOGLE EARTH<\/p>\n<p class=\"paragraph\">Taustalta kuuluu kolinaa, surinaa ja kaikenlaista ty\u00f6skentelyn \u00e4\u00e4nt\u00e4, kun huoltamoyritt\u00e4j\u00e4 <strong>Kai M\u00e4ensivu<\/strong> vastaa puhelimeen.<\/p>\n<p class=\"paragraph\">\u2013\u2009T\u00e4\u00e4ll\u00e4 puretaan parhaillaan pois Shellin tunnuksia, M\u00e4ensivu vastasi maanantaina huoltamoltaan, joka toimi viimeist\u00e4 p\u00e4iv\u00e4\u00e4 Shellin logon alla.<\/p>\n<p class=\"paragraph\">H\u00e4nen huoltamonsa oli Suomen viimeinen Shell. Energiayhti\u00f6 St1:n lisenssisopimus kansainv\u00e4lisen j\u00e4tin kanssa on p\u00e4\u00e4ttym\u00e4ss\u00e4, ja sen my\u00f6t\u00e4 yli 170 Shelli\u00e4 on nyt muutettu St1-asemiksi.<\/p>\n<p class=\"paragraph\">M\u00e4ensivun sopimus yhti\u00f6n kanssa p\u00e4\u00e4ttyi Shell-logojen poistamiseen. St1:n tunnuksia ei kuitenkaan asemalle tule. Miksi sopimusta ei jatkettu?<\/p>\n<p class=\"paragraph\">\u2013\u2009En varsinaisesti tied\u00e4, miksi sopimusta ei jatkettu. En tosin itsek\u00e4\u00e4n ollut kovin innostunut jatkamaan St1:n alla. Toimin mielell\u00e4ni itsen\u00e4isesti, M\u00e4ensivu sanoo.<\/p>\n<p>\u201dUuden alku\u201d<\/p>\n<p class=\"paragraph\">Tiistaista alkaen Pomarkun keskustan tuntumassa sijaitseva asema jatkaa toimintaansa ilman tunnettuja logoja.<\/p>\n<p class=\"paragraph\">\u2013\u2009Huomenna on uuden alku. Toiminta jatkuu, mutta ei mink\u00e4\u00e4n br\u00e4ndin alla, M\u00e4ensivu painottaa.<\/p>\n<p class=\"paragraph\">H\u00e4nen mukaansa tunnelmat ovat viimeisin\u00e4 Shell-p\u00e4ivin\u00e4 olleet voimakkaat, koska taustalla on pitk\u00e4 taival tunnetun ketjun nimell\u00e4.<\/p>\n<p class=\"paragraph\">\u2013\u2009Kaihoisat tunnelmat. Asema sai alkunsa vuonna 1965, kun valtatie 23 valmistui. Edelleen tielt\u00e4 p\u00e4\u00e4see suoraan huoltamon pihaan, joka on aika harvinaista nyky\u00e4\u00e4n. Ja koko ajan on toimittu Shellin\u00e4, M\u00e4ensivu kertoo.<\/p>\n<p>Suomessa ei toimi en\u00e4\u00e4 ainuttakaan Shelli\u00e4. Levi Veps\u00e4<\/p>\n<p class=\"paragraph\">H\u00e4n on itsekin jo yli kuusikymppinen. El\u00e4kkeelle j\u00e4\u00e4minen ei kuitenkaan kuulu t\u00e4ss\u00e4 vaiheessa suunnitelmiin.<\/p>\n<p class=\"paragraph\">\u2013\u2009Ei viel\u00e4 voi heitt\u00e4\u00e4 pyyhett\u00e4 keh\u00e4\u00e4n. Polvet ovat menossa vaihtoon, mutta muuten terveytt\u00e4 viel\u00e4 riitt\u00e4\u00e4, M\u00e4ensivu naurahtaa.<\/p>\n<p>Paita kattoon?<\/p>\n<p class=\"paragraph\">M\u00e4ensivu kertoi Helsingin Sanomien haastattelussa vet\u00e4v\u00e4ns\u00e4 punaisen Shell-paitansa huoltamon kattoon.<\/p>\n<p class=\"paragraph\">\u2013\u2009Se nyt oli vain sellainen heitto&#8230; mutta voisihan sen vet\u00e4\u00e4kin, niin kuin j\u00e4\u00e4kiekossa tehd\u00e4\u00e4n, M\u00e4ensivu miettii.<\/p>\n<p class=\"paragraph\">Eik\u00f6 St1:n edustaja vie paitaa mukanaan samassa ruljanssissa, jossa kaikki muutkin Shellin tunnukset poistetaan pomarkkulaiselta huoltamolta?<\/p>\n<p class=\"paragraph\">\u2013\u2009Kaikki ulkoiset tunnukset tosiaan vied\u00e4\u00e4n pois, mutta paidasta en osaa varmuudella sanoa, M\u00e4ensivu tokaisee.<\/p>\n<p>Vakioasiakkaita<\/p>\n<p class=\"paragraph\">H\u00e4n uskoo toiminnan jatkuvan itsen\u00e4isen\u00e4 huoltamona ilman tunnettujen ketjujen tunnuksia ja tunnettuutta. Siin\u00e4 auttaa vuosien ja vuosikymmenten varrella vakiintunut asiakaskunta.<\/p>\n<p class=\"paragraph\">\u2013\u2009Meill\u00e4 on onneksi vakioasiakkaita, M\u00e4ensivu kiittelee.<\/p>\n<p class=\"paragraph\">Suomen viimeisest\u00e4 Shellist\u00e4 kirjoitti ensimm\u00e4isen\u00e4 <a href=\"https:\/\/www.hs.fi\/talous\/art-2000011666597.html\" rel=\"noopener nofollow\" target=\"_blank\">Helsingin Sanomat<\/a>.<\/p>\n","protected":false},"excerpt":{"rendered":"Pomarkun Shellin 60-vuotinen tarina p\u00e4\u00e4ttyi, mutta huoltamotoiminta kiinteist\u00f6ss\u00e4 jatkuu. Shellin logot poistettiin Pomarkusta maanantaina. Googlen kuva on otettu&hellip;\n","protected":false},"author":2,"featured_media":111350,"comment_status":"","ping_status":"","sticky":false,"template":"","format":"standard","meta":{"footnotes":""},"categories":[12],"tags":[35,648,22,23,124,1628,26,27,33,31,30,17,24,25,28,29,82,15,18,21,32,19,20,860,16],"class_list":{"0":"post-111349","1":"post","2":"type-post","3":"status-publish","4":"format-standard","5":"has-post-thumbnail","7":"category-suomi","8":"tag-24h","9":"tag-autot","10":"tag-breaking-news","11":"tag-breakingnews","12":"tag-energia-sektori","13":"tag-energia-ja-energiavarat","14":"tag-featured-news","15":"tag-featurednews","16":"tag-fi","17":"tag-finland","18":"tag-finnish","19":"tag-headlines","20":"tag-latest-news","21":"tag-latestnews","22":"tag-main-news","23":"tag-mainnews","24":"tag-moottoriajoneuvot","25":"tag-news","26":"tag-otsikot","27":"tag-paauutiset","28":"tag-suomi","29":"tag-top-stories","30":"tag-topstories","31":"tag-tyoelama","32":"tag-uutiset"},"share_on_mastodon":{"url":"https:\/\/pubeurope.com\/@fi\/115686986701709016","error":""},"_links":{"self":[{"href":"https:\/\/www.europesays.com\/fi\/wp-json\/wp\/v2\/posts\/111349","targetHints":{"allow":["GET"]}}],"collection":[{"href":"https:\/\/www.europesays.com\/fi\/wp-json\/wp\/v2\/posts"}],"about":[{"href":"https:\/\/www.europesays.com\/fi\/wp-json\/wp\/v2\/types\/post"}],"author":[{"embeddable":true,"href":"https:\/\/www.europesays.com\/fi\/wp-json\/wp\/v2\/users\/2"}],"replies":[{"embeddable":true,"href":"https:\/\/www.europesays.com\/fi\/wp-json\/wp\/v2\/comments?post=111349"}],"version-history":[{"count":0,"href":"https:\/\/www.europesays.com\/fi\/wp-json\/wp\/v2\/posts\/111349\/revisions"}],"wp:featuredmedia":[{"embeddable":true,"href":"https:\/\/www.europesays.com\/fi\/wp-json\/wp\/v2\/media\/111350"}],"wp:attachment":[{"href":"https:\/\/www.europesays.com\/fi\/wp-json\/wp\/v2\/media?parent=111349"}],"wp:term":[{"taxonomy":"category","embeddable":true,"href":"https:\/\/www.europesays.com\/fi\/wp-json\/wp\/v2\/categories?post=111349"},{"taxonomy":"post_tag","embeddable":true,"href":"https:\/\/www.europesays.com\/fi\/wp-json\/wp\/v2\/tags?post=111349"}],"curies":[{"name":"wp","href":"https:\/\/api.w.org\/{rel}","templated":true}]}}