{"id":111351,"date":"2025-12-09T01:21:10","date_gmt":"2025-12-09T01:21:10","guid":{"rendered":"https:\/\/www.europesays.com\/fi\/111351\/"},"modified":"2025-12-09T01:21:10","modified_gmt":"2025-12-09T01:21:10","slug":"teneriffan-onnettomuuden-uhriluku-nousi-etsinnat-yha-kaynnissa","status":"publish","type":"post","link":"https:\/\/www.europesays.com\/fi\/111351\/","title":{"rendered":"Teneriffan onnettomuuden uhriluku nousi \u2013 Etsinn\u00e4t yh\u00e4 k\u00e4ynniss\u00e4"},"content":{"rendered":"<p>Kriittisess\u00e4 tilassa sairaalaan viety nainen menehtyi saamiinsa vammoihin.<\/p>\n<p><img decoding=\"async\" class=\"image image-show image-preview\" src=\"https:\/\/www.europesays.com\/fi\/wp-content\/uploads\/2025\/12\/5161104f1637c1a3d99010a9e7542da676a59d938a7a0d97bdea6331bc45836c.jpg\" alt=\"\"\/><img decoding=\"async\" class=\"image image-show\" src=\"https:\/\/www.europesays.com\/fi\/wp-content\/uploads\/2025\/12\/1765243270_975_5161104f1637c1a3d99010a9e7542da676a59d938a7a0d97bdea6331bc45836c.jpg\" alt=\"\"\/><\/p>\n<p>Kovat aallot vetiv\u00e4t ihmisi\u00e4 mereen sunnuntaina Teneriffalla Los Gigantesin alueella. Kuvituskuva. Patrick Frilet\/Shutterstock<\/p>\n<p class=\"paragraph\">Voimakkaassa aallokossa Teneriffan Los Gigantesissa sunnuntaina loukkaantunut nainen on kuollut, kertoo <a href=\"https:\/\/www.rtve.es\/noticias\/20251208\/muere-mujer-herida-por-golpe-mar-costa-sur-tenerife-eleva-a-cuatro-numero-fallecidos\/16849358.shtml\" target=\"_blank\" rel=\"noopener nofollow\">Espanjan yleisradioyhti\u00f6 RTVE<\/a>.<\/p>\n<p class=\"paragraph\">Kriittisess\u00e4 tilassa sairaalaan viety nainen menehtyi saamiinsa vammoihin maanantaina.<\/p>\n<p class=\"paragraph\">Sunnuntain onnettomuudessa kuoli my\u00f6s toinen nainen ja kaksi miest\u00e4. Lis\u00e4ksi kaksi ihmist\u00e4 loukkaantui.<\/p>\n<p class=\"paragraph\">Pelastusviranomaiset ovat etsineet tuloksetta viidett\u00e4 mahdollisesti veden varaan joutunutta henkil\u00f6\u00e4. Etsint\u00f6j\u00e4 jatketaan t\u00e4n\u00e4\u00e4n.<\/p>\n<p class=\"paragraph\">RTVE:n mukaan kyseess\u00e4 voi olla v\u00e4\u00e4r\u00e4 h\u00e4lytys, koska kukaan ei ole ilmoittanut viranomaisille kadonneesta henkil\u00f6st\u00e4.<\/p>\n<p class=\"paragraph\">Onnettomuuspaikka on ollut suljettuna uimareilta viime viikon keskiviikosta asti huonon s\u00e4\u00e4n takia. Paikalla oli my\u00f6s kylttej\u00e4, joissa varoitettiin voimakkaista aalloista.<\/p>\n<p>Uimareilta suljetulla onnettomuuspaikalla oli kylttej\u00e4, joissa varoitettiin kovista aalloista. Kuvituskuva.  imago sport<\/p>\n<p class=\"paragraph\">Varoituksista huolimatta onnettomuuspaikalla oli RTVE:n mukaan sunnuntai-iltap\u00e4iv\u00e4n\u00e4 noin 20 turistia.<\/p>\n<p class=\"paragraph\"><a href=\"https:\/\/elpais.com\/espana\/2025-12-07\/al-menos-tres-muertos-y-varios-heridos-por-un-golpe-de-mar-en-el-sur-de-tenerife.html\" target=\"_blank\" rel=\"noopener nofollow\">Espanjalaisen El Pa\u00eds<\/a> -lehden mukaan vuonna 2025 Kanariansaarilla on hukkunut 60 ihmist\u00e4, mik\u00e4 on seitsem\u00e4n hukkunutta v\u00e4hemm\u00e4n kuin samalla ajanjaksolla vuonna 2024.<\/p>\n<p class=\"paragraph\">Viimeksi marraskuussa kolme ihmist\u00e4 kuoli ja 15 loukkaantui aallokossa Teneriffalla, <a href=\"https:\/\/www.bbc.com\/news\/articles\/cpd2pzxe59go\" target=\"_blank\" rel=\"noopener nofollow\">kertoo Britannian yleisradioyhti\u00f6 BBC.<\/a><\/p>\n","protected":false},"excerpt":{"rendered":"Kriittisess\u00e4 tilassa sairaalaan viety nainen menehtyi saamiinsa vammoihin. Kovat aallot vetiv\u00e4t ihmisi\u00e4 mereen sunnuntaina Teneriffalla Los Gigantesin alueella.&hellip;\n","protected":false},"author":2,"featured_media":111352,"comment_status":"","ping_status":"","sticky":false,"template":"","format":"standard","meta":{"footnotes":""},"categories":[5],"tags":[35,22,23,26,27,33,31,30,17,501,24,25,28,29,1616,15,120,18,21,122,32,167,19,20,16],"class_list":{"0":"post-111351","1":"post","2":"type-post","3":"status-publish","4":"format-standard","5":"has-post-thumbnail","7":"category-otsikot","8":"tag-24h","9":"tag-breaking-news","10":"tag-breakingnews","11":"tag-featured-news","12":"tag-featurednews","13":"tag-fi","14":"tag-finland","15":"tag-finnish","16":"tag-headlines","17":"tag-laakaripalvelut","18":"tag-latest-news","19":"tag-latestnews","20":"tag-main-news","21":"tag-mainnews","22":"tag-media-viestinta","23":"tag-news","24":"tag-onnettomuustapaus","25":"tag-otsikot","26":"tag-paauutiset","27":"tag-pelastaminen","28":"tag-suomi","29":"tag-terveys","30":"tag-top-stories","31":"tag-topstories","32":"tag-uutiset"},"share_on_mastodon":{"url":"https:\/\/pubeurope.com\/@fi\/115686990602291282","error":""},"_links":{"self":[{"href":"https:\/\/www.europesays.com\/fi\/wp-json\/wp\/v2\/posts\/111351","targetHints":{"allow":["GET"]}}],"collection":[{"href":"https:\/\/www.europesays.com\/fi\/wp-json\/wp\/v2\/posts"}],"about":[{"href":"https:\/\/www.europesays.com\/fi\/wp-json\/wp\/v2\/types\/post"}],"author":[{"embeddable":true,"href":"https:\/\/www.europesays.com\/fi\/wp-json\/wp\/v2\/users\/2"}],"replies":[{"embeddable":true,"href":"https:\/\/www.europesays.com\/fi\/wp-json\/wp\/v2\/comments?post=111351"}],"version-history":[{"count":0,"href":"https:\/\/www.europesays.com\/fi\/wp-json\/wp\/v2\/posts\/111351\/revisions"}],"wp:featuredmedia":[{"embeddable":true,"href":"https:\/\/www.europesays.com\/fi\/wp-json\/wp\/v2\/media\/111352"}],"wp:attachment":[{"href":"https:\/\/www.europesays.com\/fi\/wp-json\/wp\/v2\/media?parent=111351"}],"wp:term":[{"taxonomy":"category","embeddable":true,"href":"https:\/\/www.europesays.com\/fi\/wp-json\/wp\/v2\/categories?post=111351"},{"taxonomy":"post_tag","embeddable":true,"href":"https:\/\/www.europesays.com\/fi\/wp-json\/wp\/v2\/tags?post=111351"}],"curies":[{"name":"wp","href":"https:\/\/api.w.org\/{rel}","templated":true}]}}