{"id":111353,"date":"2025-12-09T01:33:09","date_gmt":"2025-12-09T01:33:09","guid":{"rendered":"https:\/\/www.europesays.com\/fi\/111353\/"},"modified":"2025-12-09T01:33:09","modified_gmt":"2025-12-09T01:33:09","slug":"katy-perry-ja-justin-trudeau-virallistivat-parisuhteensa-sosiaalisessa-mediassa-yle","status":"publish","type":"post","link":"https:\/\/www.europesays.com\/fi\/111353\/","title":{"rendered":"Katy Perry ja Justin Trudeau virallistivat parisuhteensa sosiaalisessa mediassa &#8211; Yle"},"content":{"rendered":"<ol>\n<li><a href=\"https:\/\/news.google.com\/rss\/articles\/CBMiVkFVX3lxTE5FdWc1WUN5aWo4azg3TTVFZmlTTTZJdEZWT0pEMWtQZGgwQklVVXJkdWFVUktNNDVraTQ0ZzFhdmdSZFc0X0pkV3A4UWhmRGF0cERld1FR?oc=5\" target=\"_blank\" rel=\"nofollow noopener\">Katy Perry ja Justin Trudeau virallistivat parisuhteensa sosiaalisessa mediassa<\/a>&nbsp;&nbsp;Yle<\/li>\n<li><a href=\"https:\/\/news.google.com\/rss\/articles\/CBMiXEFVX3lxTE5xZ0QybzB6VTRwQ2hnQ3hkZVZabkJlNkVmS0dvU1RfUnN2RHlxSFhIclh2UkpZbFV3M2xTWUdsT0xDUTJDcW9ZX0hDdnpfa1c4ZUpCVTJnS3NzWV9I?oc=5\" target=\"_blank\" rel=\"nofollow noopener\">T\u00e4llainen on Savonlinnan perhesurmasta ep\u00e4ilty 22-vuotias kolmen lapsen is\u00e4 \u2013 karu rikostausta<\/a>&nbsp;&nbsp;Ilta-Sanomat<\/li>\n<li><a href=\"https:\/\/news.google.com\/rss\/articles\/CBMiVkFVX3lxTE5PMjNqVU5OSXlpOFhwYUVtWm9hOUlqa0RvTFNpMkhTWEd2eWJpRGNmVE1fNHllRUlBbU1YcUo0bFlocGFwODlyTllpaUJEZUxkaS1RemN3?oc=5\" target=\"_blank\" rel=\"nofollow noopener\">Israel teki useita ilmaiskuja Etel\u00e4-Libanoniin<\/a>&nbsp;&nbsp;Yle<\/li>\n<li><a href=\"https:\/\/news.google.com\/rss\/articles\/CBMiWkFVX3lxTE9xWDRGQzlNcWFaRTBzT3o4akYwOTZzLVBZZGdqNFZWa3gyOUlZRG5wVC12Q2sxSFBfUlFGYzFoUDRDczNrZkVUTUNYOWJDaWJub2xRR0NyenRFQQ?oc=5\" target=\"_blank\" rel=\"nofollow noopener\">Savonlinnan tulipalo | Perheens\u00e4 polttamisesta ep\u00e4ilty mies l\u00f6i kumppaniaan ja raiskasi 14-vuotiaan<\/a>&nbsp;&nbsp;HS.fi<\/li>\n<li><a href=\"https:\/\/news.google.com\/rss\/articles\/CBMie0FVX3lxTE82bTY4ZXlPQ01tVXRWbkQxZTJyUzZfRGtsdkhoektvQzVJd0duajZGakM4ZHByTk5VcXlkYm0wbXJQNk1zdmZFcFBYZDFTckU0dk5jNnVPbE9IVFRJcU9oSUw0d2J4YTBFb01sd1JKLTk1b1F4NHdvUEtpdw?oc=5\" target=\"_blank\" rel=\"nofollow noopener\">Perhesurmasta ep\u00e4illyll\u00e4 is\u00e4ll\u00e4, 22, synkk\u00e4 rikostausta<\/a>&nbsp;&nbsp;Iltalehti<\/li>\n<\/ol>\n","protected":false},"excerpt":{"rendered":"Katy Perry ja Justin Trudeau virallistivat parisuhteensa sosiaalisessa mediassa&nbsp;&nbsp;Yle T\u00e4llainen on Savonlinnan perhesurmasta ep\u00e4ilty 22-vuotias kolmen lapsen is\u00e4&hellip;\n","protected":false},"author":2,"featured_media":110860,"comment_status":"","ping_status":"","sticky":false,"template":"","format":"standard","meta":{"footnotes":""},"categories":[136],"tags":[407,137,33,31,30,408,32,109],"class_list":{"0":"post-111353","1":"post","2":"type-post","3":"status-publish","4":"format-standard","5":"has-post-thumbnail","7":"category-julkkikset","8":"tag-celebrities","9":"tag-entertainment","10":"tag-fi","11":"tag-finland","12":"tag-finnish","13":"tag-julkkikset","14":"tag-suomi","15":"tag-viihde"},"share_on_mastodon":{"url":"https:\/\/pubeurope.com\/@fi\/115687037549405443","error":""},"_links":{"self":[{"href":"https:\/\/www.europesays.com\/fi\/wp-json\/wp\/v2\/posts\/111353","targetHints":{"allow":["GET"]}}],"collection":[{"href":"https:\/\/www.europesays.com\/fi\/wp-json\/wp\/v2\/posts"}],"about":[{"href":"https:\/\/www.europesays.com\/fi\/wp-json\/wp\/v2\/types\/post"}],"author":[{"embeddable":true,"href":"https:\/\/www.europesays.com\/fi\/wp-json\/wp\/v2\/users\/2"}],"replies":[{"embeddable":true,"href":"https:\/\/www.europesays.com\/fi\/wp-json\/wp\/v2\/comments?post=111353"}],"version-history":[{"count":0,"href":"https:\/\/www.europesays.com\/fi\/wp-json\/wp\/v2\/posts\/111353\/revisions"}],"wp:featuredmedia":[{"embeddable":true,"href":"https:\/\/www.europesays.com\/fi\/wp-json\/wp\/v2\/media\/110860"}],"wp:attachment":[{"href":"https:\/\/www.europesays.com\/fi\/wp-json\/wp\/v2\/media?parent=111353"}],"wp:term":[{"taxonomy":"category","embeddable":true,"href":"https:\/\/www.europesays.com\/fi\/wp-json\/wp\/v2\/categories?post=111353"},{"taxonomy":"post_tag","embeddable":true,"href":"https:\/\/www.europesays.com\/fi\/wp-json\/wp\/v2\/tags?post=111353"}],"curies":[{"name":"wp","href":"https:\/\/api.w.org\/{rel}","templated":true}]}}