{"id":111354,"date":"2025-12-09T01:40:10","date_gmt":"2025-12-09T01:40:10","guid":{"rendered":"https:\/\/www.europesays.com\/fi\/111354\/"},"modified":"2025-12-09T01:40:10","modified_gmt":"2025-12-09T01:40:10","slug":"mika-vermeulen-aloittelevat-hiihtajat-ulos-maailmancupista","status":"publish","type":"post","link":"https:\/\/www.europesays.com\/fi\/111354\/","title":{"rendered":"Mika Vermeulen: Aloittelevat hiiht\u00e4j\u00e4t ulos maailmancupista"},"content":{"rendered":"<p><strong class=\"typography-bold\">Mika Vermeulen haluaa pienten hiihtomaiden aloittelevat urheilijat ulos maailmancupista.<\/strong><\/p>\n<p>Kansainv\u00e4linen hiihtoliitto FIS on sallinut t\u00e4ll\u00e4 kaudella piskuisten maiden heikoille urheilijoille mahdollisuuden osallistua maailmancupiin ennen joulua. He voivat yritt\u00e4\u00e4 saada maalleen paikan helmikuussa kilpailtaviin Milano-Cortinan olympialaisiin.<\/p>\n<p>Voi esitt\u00e4\u00e4 kuitenkin kysymyksen, onko n\u00e4hty ollut aina maailmancupin arvolle sopivaa. Norjan yleisradioyhti\u00f6 <a class=\"underline\" data-testid=\"external-link\" href=\"https:\/\/www.nrk.no\/sport\/mika-vermeulen-reagerer-pa-bildene-av-filippiner_-_-har-ingenting-i-verdenscupen-a-gjore-1.17682862\" rel=\"noopener noreferrer nofollow\" target=\"_blank\" data-sentry-component=\"ExternalLink\" data-sentry-source-file=\"ExternalLink.tsx\">NRK<\/a> nosti tikunnokkaan <strong class=\"typography-bold\">Edward Limbagan<\/strong> hiihtelyn. 48-vuotias filippiinil\u00e4inen sivakoi marraskuussa Suomessa el\u00e4m\u00e4ns\u00e4 ensimm\u00e4iset maastohiihtokilpailut, ensin Oloksella ja sitten Rukalla maailmancupissa.\u00a0<\/p>\n<p>Meno on ollut sen mukaista. Viime sunnuntaina mies j\u00e4i Trondheimissa viimeiseksi eli 111:nneksi 10 kilometrin vapaan maailmancup-mittel\u00f6ss\u00e4 Trondheimissa. Norjalaiselle voittajalle <strong class=\"typography-bold\">Einar Hedegartille<\/strong> tuli turpaan 23 minuuttia ja 29 sekuntia.<\/p>\n<p>Lue my\u00f6s: <a class=\"underline\" data-testid=\"internal-link\" role=\"link\" data-sentry-element=\"Link\" data-sentry-component=\"InternalLink\" data-sentry-source-file=\"InternalLink.tsx\" href=\"https:\/\/www.mtvuutiset.fi\/artikkeli\/nimekas-hiihtaja-boikotoin\/9267230\" rel=\"nofollow noopener\" target=\"_blank\">Nimek\u00e4s hiiht\u00e4j\u00e4: &#8221;Boikotoin&#8221;<\/a><\/p>\n<p>NRK:lla on artikkelissaan videop\u00e4tk\u00e4, jossa Limbaga kaatuu vasemmalle kaartuvassa alam\u00e4ess\u00e4 ja rikkoo sauvansa. Ohi laskee kovalla vauhdilla muita hiiht\u00e4ji\u00e4, jotka ovat vaarassa t\u00f6rm\u00e4t\u00e4 filippiinil\u00e4iseen.<\/p>\n","protected":false},"excerpt":{"rendered":"Mika Vermeulen haluaa pienten hiihtomaiden aloittelevat urheilijat ulos maailmancupista. Kansainv\u00e4linen hiihtoliitto FIS on sallinut t\u00e4ll\u00e4 kaudella piskuisten maiden&hellip;\n","protected":false},"author":2,"featured_media":111355,"comment_status":"","ping_status":"","sticky":false,"template":"","format":"standard","meta":{"footnotes":""},"categories":[158],"tags":[33,31,30,159,32,160],"class_list":{"0":"post-111354","1":"post","2":"type-post","3":"status-publish","4":"format-standard","5":"has-post-thumbnail","7":"category-urheilu","8":"tag-fi","9":"tag-finland","10":"tag-finnish","11":"tag-sports","12":"tag-suomi","13":"tag-urheilu"},"share_on_mastodon":{"url":"https:\/\/pubeurope.com\/@fi\/115687065171214505","error":""},"_links":{"self":[{"href":"https:\/\/www.europesays.com\/fi\/wp-json\/wp\/v2\/posts\/111354","targetHints":{"allow":["GET"]}}],"collection":[{"href":"https:\/\/www.europesays.com\/fi\/wp-json\/wp\/v2\/posts"}],"about":[{"href":"https:\/\/www.europesays.com\/fi\/wp-json\/wp\/v2\/types\/post"}],"author":[{"embeddable":true,"href":"https:\/\/www.europesays.com\/fi\/wp-json\/wp\/v2\/users\/2"}],"replies":[{"embeddable":true,"href":"https:\/\/www.europesays.com\/fi\/wp-json\/wp\/v2\/comments?post=111354"}],"version-history":[{"count":0,"href":"https:\/\/www.europesays.com\/fi\/wp-json\/wp\/v2\/posts\/111354\/revisions"}],"wp:featuredmedia":[{"embeddable":true,"href":"https:\/\/www.europesays.com\/fi\/wp-json\/wp\/v2\/media\/111355"}],"wp:attachment":[{"href":"https:\/\/www.europesays.com\/fi\/wp-json\/wp\/v2\/media?parent=111354"}],"wp:term":[{"taxonomy":"category","embeddable":true,"href":"https:\/\/www.europesays.com\/fi\/wp-json\/wp\/v2\/categories?post=111354"},{"taxonomy":"post_tag","embeddable":true,"href":"https:\/\/www.europesays.com\/fi\/wp-json\/wp\/v2\/tags?post=111354"}],"curies":[{"name":"wp","href":"https:\/\/api.w.org\/{rel}","templated":true}]}}