{"id":111356,"date":"2025-12-09T01:41:12","date_gmt":"2025-12-09T01:41:12","guid":{"rendered":"https:\/\/www.europesays.com\/fi\/111356\/"},"modified":"2025-12-09T01:41:12","modified_gmt":"2025-12-09T01:41:12","slug":"mikko-kekalainen-juhlistaa-22-vuotista-rakkautta-vaimonsa-kristiinan-kanssa","status":"publish","type":"post","link":"https:\/\/www.europesays.com\/fi\/111356\/","title":{"rendered":"Mikko Kek\u00e4l\u00e4inen juhlistaa 22-vuotista rakkautta vaimonsa Kristiinan kanssa"},"content":{"rendered":"<p>\n            20250820 HELSINKI. Erikoisjoukot-pressi. MIKKO KEK\u00c4L\u00c4INEN. KUVA: ATTE KAJOVA<br \/>\n            ATTE KAJOVA\n        <\/p>\n<p class=\"subtitle \">Mikko Kek\u00e4l\u00e4inen juhlii erityist\u00e4 p\u00e4iv\u00e4\u00e4 puolisonsa kanssa.<\/p>\n<p class=\"article-content article-content-width !bg-background\">Toimittaja-juontaja  on omien sanojensa mukaan onnekas mies. Sellainen h\u00e4n on muun muassa siksi, ett\u00e4 h\u00e4n tapasi nykyisen puolisonsa \u00a022 vuotta sitten.<\/p>\n<p class=\"article-content article-content-width !bg-background\">Mikko kertoo asiasta perjantaina (5.12.) julkaisemassaan <a href=\"https:\/\/www.instagram.com\/mikkokekalainen\/?hl=fi\" aria-label=\"Mikko Kek\u00e4l\u00e4isen Instagram\" target=\"_blank\" rel=\"nofollow noopener\">Instagram<\/a>-p\u00e4ivityksess\u00e4.\u00a0<\/p>\n<p>        <a itemprop=\"url\" href=\"https:\/\/www.seiska.fi\/katso\/mikko-kekalainen-emamoka-erikoisjoukoissa\/2010289\" rel=\"nofollow noopener\" target=\"_blank\"><\/p>\n<p>\nErikoisjoukot\n<\/p>\n<p class=\"section-date\">\n        <strong class=\"article-section\" data-section=\"katso\"><br \/>\n            katso<br \/>\n        <\/strong><br \/>\n        3.12. 16:15\n    <\/p>\n<p>Mikko Kek\u00e4l\u00e4inen: Em\u00e4moka Erikoisjoukoissa\n    <\/p>\n<p itemprop=\"description\" class=\"subtitle \">\n    Erikoisjoukkojen kokelaat joutuvat vihollisten vangeiksi.\n<\/p>\n<p>        <\/a><\/p>\n<p class=\"article-content article-content-width !bg-background\"> \u2013 5.12. on mun onnenp\u00e4iv\u00e4! 22 vuotta sitten tavattiin kavereiden j\u00e4rkk\u00e4\u00e4mill\u00e4 treffeill\u00e4, Mikko kirjoittaa julkaisunsa kuvatekstiss\u00e4.<\/p>\n<p>&#8221;Kuuma kuin peltikatto helteell\u00e4&#8221;<\/p>\n<p class=\"article-content article-content-width !bg-background\">Tasan kaksi vuosikymment\u00e4 sitten pari vaihtoi kihloja, kun Kristiina suostui Mikon kosintaan. Sittemmin onni on ollut l\u00e4sn\u00e4 parin el\u00e4m\u00e4ss\u00e4, mutta se ei ole tullut itsest\u00e4\u00e4n, vaan on vaatinut t\u00f6it\u00e4.<\/p>\n<p>        <a itemprop=\"url\" href=\"https:\/\/www.seiska.fi\/katso\/tata-et-nahnyt-erikoisjoukoissa-tuotanto-puuttui-vakavaan-tilanteeseen\/2012291\" rel=\"nofollow noopener\" target=\"_blank\"><\/p>\n<p>\nT\u00e4t\u00e4 et n\u00e4hnyt Erikoisjoukoissa!\n<\/p>\n<p class=\"section-date\">\n        <strong class=\"article-section\" data-section=\"katso\"><br \/>\n            katso<br \/>\n        <\/strong><br \/>\n        5.12. 09:45\n    <\/p>\n<p>T\u00e4t\u00e4 et n\u00e4hnyt Erikoisjoukoissa: Tuotanto puuttui vakavaan tilanteeseen\n    <\/p>\n<p itemprop=\"description\" class=\"subtitle \">\n    Noora Toivo joutui tarkkailuun Erikoisjoukkojen teht\u00e4v\u00e4ss\u00e4.\n<\/p>\n<p>        <\/a><\/p>\n<p class=\"article-content article-content-width !bg-background\">\u2013 Onnenp\u00e4ivi\u00e4 on sittemmin riitt\u00e4nyt. On meilt\u00e4kin kysytty, ett\u00e4 mik\u00e4 meid\u00e4n salaisuus on. Ollaan me oltu tosi onnekkaita, se on ihan selv\u00e4\u00e4.\u00a0<\/p>\n<p class=\"article-content article-content-width !bg-background\">\u2013 Mutta ei me olla koskaan sit\u00e4 onnea pidetty itsest\u00e4\u00e4nselv\u00e4n\u00e4 tai haikailtu jonkun erilaisen onnen per\u00e4\u00e4n. <\/p>\n<p class=\"article-content article-content-width !bg-background\">Mikko ei l\u00e4hde p\u00e4ivityksess\u00e4\u00e4n vertaamaan onneaan muihin. Sen sijaan h\u00e4n kehuu vaimoaan.<\/p>\n<p class=\"article-content article-content-width !bg-background\">\u2013 Meid\u00e4n onni on t\u00e4llainen. M\u00e4 olen onnekas. S\u00e4 olet rakas, ihana ja kuuma kuin peltikatto helteell\u00e4, h\u00e4n p\u00e4\u00e4tt\u00e4\u00e4 tekstins\u00e4.<\/p>\n<p>Toimittajapariskunta<\/p>\n<p class=\"article-content article-content-width !bg-background\">Sek\u00e4 Mikko ett\u00e4 Kristiina ovat tulleet alunperin tutuksi urheilutoimittajana.<\/p>\n<p class=\"article-content article-content-width !bg-background\">Sittemmin Mikko on muun muassa juontamassa Ylen Puoli seitsem\u00e4n -ohjelmaa. H\u00e4net n\u00e4htiin my\u00f6s Erikoisjoukot-ohjelman tuoreimmalla tuotantokaudella yhten\u00e4 leirin kokelaista.<\/p>\n<p><script async src=\"\/\/www.instagram.com\/embed.js\"><\/script><\/p>\n","protected":false},"excerpt":{"rendered":"20250820 HELSINKI. Erikoisjoukot-pressi. MIKKO KEK\u00c4L\u00c4INEN. KUVA: ATTE KAJOVA ATTE KAJOVA Mikko Kek\u00e4l\u00e4inen juhlii erityist\u00e4 p\u00e4iv\u00e4\u00e4 puolisonsa kanssa. Toimittaja-juontaja&hellip;\n","protected":false},"author":2,"featured_media":111357,"comment_status":"","ping_status":"","sticky":false,"template":"","format":"standard","meta":{"footnotes":""},"categories":[130],"tags":[137,33,31,30,20661,5314,2718,32,109,20660],"class_list":{"0":"post-111356","1":"post","2":"type-post","3":"status-publish","4":"format-standard","5":"has-post-thumbnail","7":"category-viihde","8":"tag-entertainment","9":"tag-fi","10":"tag-finland","11":"tag-finnish","12":"tag-kristiina-kekalainen","13":"tag-mikko-kekalainen","14":"tag-romantiikka","15":"tag-suomi","16":"tag-viihde","17":"tag-yle-puoli-seitseman"},"share_on_mastodon":{"url":"https:\/\/pubeurope.com\/@fi\/115687068960289210","error":""},"_links":{"self":[{"href":"https:\/\/www.europesays.com\/fi\/wp-json\/wp\/v2\/posts\/111356","targetHints":{"allow":["GET"]}}],"collection":[{"href":"https:\/\/www.europesays.com\/fi\/wp-json\/wp\/v2\/posts"}],"about":[{"href":"https:\/\/www.europesays.com\/fi\/wp-json\/wp\/v2\/types\/post"}],"author":[{"embeddable":true,"href":"https:\/\/www.europesays.com\/fi\/wp-json\/wp\/v2\/users\/2"}],"replies":[{"embeddable":true,"href":"https:\/\/www.europesays.com\/fi\/wp-json\/wp\/v2\/comments?post=111356"}],"version-history":[{"count":0,"href":"https:\/\/www.europesays.com\/fi\/wp-json\/wp\/v2\/posts\/111356\/revisions"}],"wp:featuredmedia":[{"embeddable":true,"href":"https:\/\/www.europesays.com\/fi\/wp-json\/wp\/v2\/media\/111357"}],"wp:attachment":[{"href":"https:\/\/www.europesays.com\/fi\/wp-json\/wp\/v2\/media?parent=111356"}],"wp:term":[{"taxonomy":"category","embeddable":true,"href":"https:\/\/www.europesays.com\/fi\/wp-json\/wp\/v2\/categories?post=111356"},{"taxonomy":"post_tag","embeddable":true,"href":"https:\/\/www.europesays.com\/fi\/wp-json\/wp\/v2\/tags?post=111356"}],"curies":[{"name":"wp","href":"https:\/\/api.w.org\/{rel}","templated":true}]}}