{"id":111365,"date":"2025-12-09T01:59:09","date_gmt":"2025-12-09T01:59:09","guid":{"rendered":"https:\/\/www.europesays.com\/fi\/111365\/"},"modified":"2025-12-09T01:59:09","modified_gmt":"2025-12-09T01:59:09","slug":"miss-suomi-2025-sarah-dzafce-pyytaa-anteeksi-tasta-on-kyse","status":"publish","type":"post","link":"https:\/\/www.europesays.com\/fi\/111365\/","title":{"rendered":"Miss Suomi 2025 Sarah Dzafce pyyt\u00e4\u00e4 anteeksi \u2013 t\u00e4st\u00e4 on kyse"},"content":{"rendered":"<p>\n            20251007 HELSINKI. Sarah Dzafce. KUVA: ATTE KAJOVA<br \/>\n            ATTE KAJOVA\n        <\/p>\n<p class=\"subtitle \">Sarah julkaisi katuvaisen anteeksipyynn\u00f6n.<\/p>\n<p class=\"article-content article-content-width !bg-background\">Miss Suomi 2025\u00a0pyyt\u00e4\u00e4 anteeksi viimeaikaisia tekojaan Instagramissa.<\/p>\n<p class=\"font-weight-bold m-font-weight-bold article-content article-content-width !bg-background\">Arkistovideo: T\u00e4llainen Sarah on parrasvalojen ulkopuolella<\/p>\n<p class=\"article-content article-content-width !bg-background\">H\u00e4n julkaisi tilill\u00e4\u00e4n mustalle pohjalle kirjoitetun tekstin, jonka h\u00e4n kirjoittaa olevan suoraan someseuraajilleen osoitettu.<\/p>\n<p class=\"article-content article-content-width !bg-background\">\u2013\u00a0Ymm\u00e4rr\u00e4n t\u00e4ysin ett\u00e4 mun toiminta on her\u00e4tt\u00e4nyt monissa pahaa mielt\u00e4 ja olen siit\u00e4 syv\u00e4sti pahoillani. Haluan pyyt\u00e4\u00e4 anteeksi erityisesti niilt\u00e4 joita t\u00e4m\u00e4 tilanne on koskettanut henkil\u00f6kohtaisesti,\u00a0Sarah kirjoittaa, ja lis\u00e4\u00e4, ettei kenenk\u00e4\u00e4n loukkaaminen ollut h\u00e4nen tarkoituksensa.<\/p>\n<p class=\"article-content article-content-width !bg-background\">\u2013\u00a0Miss Suomi titteli ei ole mulle vain kruunu vaan my\u00f6s vastuu. Vastuu siit\u00e4 miten puhun miten toimin ja miten mun teot voivat vaikuttaa ihmisiin. Tied\u00e4n ett\u00e4 mulla on viel\u00e4 paljon kasvettavaa,\u00a0h\u00e4n jatkaa.<\/p>\n<p>        <a itemprop=\"url\" href=\"https:\/\/www.seiska.fi\/kotimaa\/miss-suomi-sarah-dzafcesta-kohukuva-julki\/2008484\" rel=\"nofollow noopener\" target=\"_blank\"><\/p>\n<p>\nMiss Suomi Sarah Dzafce:\n<\/p>\n<p class=\"section-date\">\n        <strong class=\"article-section\" data-section=\"kotimaa\"><br \/>\n            kotimaa<br \/>\n        <\/strong><br \/>\n        1.12. 19:30\n    <\/p>\n<p>Miss Suomi Sarah Dzafcesta kohukuva julki\n    <\/p>\n<p itemprop=\"description\" class=\"subtitle \">\n    Sarah Dzafcen toiminta sai sosiaalisen median reagoimaan. H\u00e4n kertoo, mist\u00e4 on kyse.\n<\/p>\n<p>        <\/a><\/p>\n<p>Aikoo oppia<\/p>\n<p class=\"article-content article-content-width !bg-background\">Sarah kertoo pit\u00e4v\u00e4ns\u00e4 korkeassa arvossa sit\u00e4, ett\u00e4 h\u00e4n kunnioittaa muita ihmisi\u00e4, taustoja ja erilaisuutta. H\u00e4n toivoo jokaisen voivan olla oma itsens\u00e4 ja tulevan kohdatuksi arvokkaana.<\/p>\n<p class=\"article-content article-content-width !bg-background\">\u2013\u00a0Kannan vastuun teoistani ja opin t\u00e4st\u00e4 eteenp\u00e4in.<\/p>\n<p class=\"article-content article-content-width !bg-background\">Sarah kertoo haluavansa jatkossa n\u00e4ytt\u00e4\u00e4 teoillaan, millainen Miss Suomi h\u00e4n on.<\/p>\n<p class=\"article-content article-content-width !bg-background\">\u2013\u00a0M\u00e4 otan t\u00e4st\u00e4 opikseni ja lupaan kasvaa, Sarah p\u00e4\u00e4tt\u00e4\u00e4 kirjoituksensa.<\/p>\n<p>        <a itemprop=\"url\" href=\"https:\/\/www.seiska.fi\/kotimaa\/rasismikohussa-ryvettynyt-miss-suomi-kiistanalainen-peliliike\/2013676\" rel=\"nofollow noopener\" target=\"_blank\"><\/p>\n<p>\nRasismikohussa ryvettynyt missi:\n<\/p>\n<p class=\"section-date\">\n        <strong class=\"article-section\" data-section=\"kotimaa\"><br \/>\n            kotimaa<br \/>\n        <\/strong><br \/>\n        6.12. 16:00\n    <\/p>\n<p>Rasismikohussa ryvettynyt Miss Suomi: kiistanalainen peliliike\n    <\/p>\n<p itemprop=\"description\" class=\"subtitle \">\n    Kohumissien reissun ajankohtakin puhuttaa.\n<\/p>\n<p>        <\/a><\/p>\n<p>Kohu takana<\/p>\n<p class=\"article-content article-content-width !bg-background\">Sarah ei kirjoituksessaan kerro tarkasti, mist\u00e4 h\u00e4n pyyt\u00e4\u00e4 anteeksi.<\/p>\n<p class=\"article-content article-content-width !bg-background\">Somessa kuohahti edellisen kerran viikonloppuna, kun Sarah n\u00e4ytti viett\u00e4v\u00e4ns\u00e4 itsen\u00e4isyysp\u00e4iv\u00e4\u00e4 Arabiemiraattien Dubaissa yhdess\u00e4 Miss Universe -yst\u00e4viens\u00e4 kanssa.<\/p>\n<p class=\"article-content article-content-width !bg-background\">H\u00e4n julkaisi itsen\u00e4isyysp\u00e4iv\u00e4n kunniaksi my\u00f6s Instagram-kuvan, jossa kehuu Suomea ja eritoten sen luontoa.<\/p>\n<p class=\"article-content article-content-width !bg-background\">Dubain-matkaa edelsi kohu, jonka aiheuttivat julkisuuteen vuotaneet kuvat. Sarahin yst\u00e4v\u00e4n jakamissa kuvissa Sarah venytt\u00e4\u00e4 kasvojaan, ja kuvaan on lis\u00e4tty teksti, joka tekee siit\u00e4 rasistiseksi tulkittavan.<\/p>\n<p class=\"article-content article-content-width !bg-background\">Sarah <a href=\"https:\/\/www.seiska.fi\/kotimaa\/miss-suomi-sarah-dzafcesta-kohukuva-julki\/2008484\" target=\"_blank\" rel=\"nofollow noopener\">kommentoi Seiskalle<\/a> kuvan irronneen kontekstista t\u00e4ysin, sill\u00e4 todellisuudessa h\u00e4n hieroi ja venytteli silmi\u00e4\u00e4n helpottaakseen p\u00e4\u00e4ns\u00e4rky\u00e4\u00e4n kuvanottohetkell\u00e4.<\/p>\n<p>        <a itemprop=\"url\" href=\"https:\/\/www.seiska.fi\/vain-seiskassa\/miss-suomi-sarah-dzafce-kosovossa-perheella-hulppea-talo-kuvat\/1982560\" rel=\"nofollow noopener\" target=\"_blank\"><\/p>\n<p>\nMiss Suomi Kosovossa\n<\/p>\n<p class=\"section-date\">\n        <strong class=\"article-section\" data-section=\"vain seiskassa\"><br \/>\n            vain seiskassa<br \/>\n        <\/strong><br \/>\n        8.11. 11:00\n    <\/p>\n<p>Miss Suomi Sarah Dzafce Kosovossa: perheell\u00e4 hulppea talo \u2013 kuvat!\n    <\/p>\n<p itemprop=\"description\" class=\"subtitle \">\n    Miss Suomen Sarah Dzafcen Lakis-is\u00e4 oli alunperin lammaspaimen, josta kehkeytyi menestyv\u00e4 liikemies.\n<\/p>\n<p>        <\/a><\/p>\n","protected":false},"excerpt":{"rendered":"20251007 HELSINKI. Sarah Dzafce. KUVA: ATTE KAJOVA ATTE KAJOVA Sarah julkaisi katuvaisen anteeksipyynn\u00f6n. Miss Suomi 2025\u00a0pyyt\u00e4\u00e4 anteeksi viimeaikaisia&hellip;\n","protected":false},"author":2,"featured_media":111366,"comment_status":"","ping_status":"","sticky":false,"template":"","format":"standard","meta":{"footnotes":""},"categories":[136],"tags":[5395,407,137,33,31,30,18037,408,1750,3458,11698,32,109],"class_list":{"0":"post-111365","1":"post","2":"type-post","3":"status-publish","4":"format-standard","5":"has-post-thumbnail","7":"category-julkkikset","8":"tag-anteeksipyynto","9":"tag-celebrities","10":"tag-entertainment","11":"tag-fi","12":"tag-finland","13":"tag-finnish","14":"tag-itsenaisyyspaiva","15":"tag-julkkikset","16":"tag-kohu","17":"tag-miss-suomi","18":"tag-sarah-dzafce","19":"tag-suomi","20":"tag-viihde"},"share_on_mastodon":{"url":"https:\/\/pubeurope.com\/@fi\/115687139847397385","error":""},"_links":{"self":[{"href":"https:\/\/www.europesays.com\/fi\/wp-json\/wp\/v2\/posts\/111365","targetHints":{"allow":["GET"]}}],"collection":[{"href":"https:\/\/www.europesays.com\/fi\/wp-json\/wp\/v2\/posts"}],"about":[{"href":"https:\/\/www.europesays.com\/fi\/wp-json\/wp\/v2\/types\/post"}],"author":[{"embeddable":true,"href":"https:\/\/www.europesays.com\/fi\/wp-json\/wp\/v2\/users\/2"}],"replies":[{"embeddable":true,"href":"https:\/\/www.europesays.com\/fi\/wp-json\/wp\/v2\/comments?post=111365"}],"version-history":[{"count":0,"href":"https:\/\/www.europesays.com\/fi\/wp-json\/wp\/v2\/posts\/111365\/revisions"}],"wp:featuredmedia":[{"embeddable":true,"href":"https:\/\/www.europesays.com\/fi\/wp-json\/wp\/v2\/media\/111366"}],"wp:attachment":[{"href":"https:\/\/www.europesays.com\/fi\/wp-json\/wp\/v2\/media?parent=111365"}],"wp:term":[{"taxonomy":"category","embeddable":true,"href":"https:\/\/www.europesays.com\/fi\/wp-json\/wp\/v2\/categories?post=111365"},{"taxonomy":"post_tag","embeddable":true,"href":"https:\/\/www.europesays.com\/fi\/wp-json\/wp\/v2\/tags?post=111365"}],"curies":[{"name":"wp","href":"https:\/\/api.w.org\/{rel}","templated":true}]}}