{"id":111375,"date":"2025-12-09T02:12:10","date_gmt":"2025-12-09T02:12:10","guid":{"rendered":"https:\/\/www.europesays.com\/fi\/111375\/"},"modified":"2025-12-09T02:12:10","modified_gmt":"2025-12-09T02:12:10","slug":"turvallisuusneuvostolle-puhunut-ulkoministeri-elina-valtonen-venaja-rikkoo-ykn-peruskirjaa-uutisia-lyhyesti","status":"publish","type":"post","link":"https:\/\/www.europesays.com\/fi\/111375\/","title":{"rendered":"Turvallisuusneuvostolle puhunut ulkoministeri Elina Valtonen: Ven\u00e4j\u00e4 rikkoo YK:n peruskirjaa | Uutisia lyhyesti"},"content":{"rendered":"<p class=\"aw-1gybjub aw-5vja16 kEtdKx kmuxyA yle__article__paragraph\">Valtosen mukaan konfliktin p\u00e4\u00e4ttymistapa tulee vaikuttamaan alueelliseen ja kansainv\u00e4liseen vakauteen.<\/p>\n<p><img decoding=\"async\" alt=\"Ulkoministeri Elina Valtonen puhui YK:n turvallisuusneuvostolle.\" src=\"https:\/\/www.europesays.com\/fi\/wp-content\/uploads\/2025\/12\/39-15665486937661fd9356.jpeg\" class=\"aw-1l9m598 hKVVvP\"\/><\/p>\n<p>Avaa kuvien katselu<\/p>\n<p>Ulkoministeri Elina Valtonen puhui YK:n turvallisuusneuvostolle maanantaina. Kuva: Lev Radin \/ AOP<\/p>\n<p class=\"aw-1gybjub aw-1p7kakr kEtdKx cEmitX yle__article__paragraph\">Ven\u00e4j\u00e4 rikkoo YK:n peruskirjaa ja kaikkia Helsingin p\u00e4\u00e4t\u00f6sasiakirjan kymment\u00e4 perusperiaatetta, sanoo Suomen ulkoministeri <strong class=\"aw-ak79eh KyCXm yle__article__strong\">Elina Valtonen<\/strong> (kok.).<\/p>\n<p class=\"aw-1gybjub aw-1p7kakr kEtdKx cEmitX yle__article__paragraph\">Valtonen puhui YK:n turvallisuusneuvostolle Euroopan turvallisuus- ja yhteisty\u00f6j\u00e4rjest\u00f6n Etyjin puheenjohtajana paikallista aikaa maanantaina New Yorkissa.<\/p>\n<p class=\"aw-1gybjub aw-1p7kakr kEtdKx cEmitX yle__article__paragraph\">Valtosen mukaan konfliktin p\u00e4\u00e4ttymistapa tulee vaikuttamaan alueelliseen ja kansainv\u00e4liseen vakauteen sek\u00e4 siihen, millaisia odotuksia kansainv\u00e4lisen oikeuden noudattamisesta asetetaan pysyv\u00e4lle turvallisuusneuvoston j\u00e4senelle.<\/p>\n<p class=\"aw-1gybjub aw-1p7kakr kEtdKx cEmitX yle__article__paragraph\">Lis\u00e4ksi Valtonen korosti olemassa olevien turvatakuiden merkityst\u00e4.<\/p>\n<p class=\"aw-1gybjub aw-1p7kakr kEtdKx cEmitX yle__article__paragraph\">\u2013 Euroopan turvallisuusj\u00e4rjestyst\u00e4 ei tarvitse keksi\u00e4 uudelleen, Valtonen sanoi.<\/p>\n<p class=\"aw-1gybjub aw-1p7kakr kEtdKx cEmitX yle__article__paragraph\">Valtosen mukaan Etyj on ottanut h\u00e4nen puheenjohtajakaudellaan askeleita varmistaakseen, ett\u00e4 Ven\u00e4j\u00e4 joutuu vastuuseen tekemist\u00e4\u00e4n kansainv\u00e4lisen oikeuden rikkomuksista. Yhten\u00e4 esimerkkin\u00e4 Valtonen mainitsi ukrainalaislasten kaappaukset.<\/p>\n<p class=\"aw-1gybjub aw-1p7kakr kEtdKx cEmitX yle__article__paragraph\">Ven\u00e4j\u00e4 on yksi YK:n turvallisuusneuvoston pysyvist\u00e4 j\u00e4senvaltioista.<\/p>\n<p class=\"aw-1gybjub aw-1p7kakr kEtdKx cEmitX yle__article__paragraph\">L\u00e4hde: Reuters<\/p>\n","protected":false},"excerpt":{"rendered":"Valtosen mukaan konfliktin p\u00e4\u00e4ttymistapa tulee vaikuttamaan alueelliseen ja kansainv\u00e4liseen vakauteen. Avaa kuvien katselu Ulkoministeri Elina Valtonen puhui YK:n&hellip;\n","protected":false},"author":2,"featured_media":111376,"comment_status":"","ping_status":"","sticky":false,"template":"","format":"standard","meta":{"footnotes":""},"categories":[12],"tags":[22,23,13505,26,27,33,31,30,17,71,24,25,28,29,15,18,21,637,32,19,20,16,547],"class_list":{"0":"post-111375","1":"post","2":"type-post","3":"status-publish","4":"format-standard","5":"has-post-thumbnail","7":"category-suomi","8":"tag-breaking-news","9":"tag-breakingnews","10":"tag-elina-valtonen","11":"tag-featured-news","12":"tag-featurednews","13":"tag-fi","14":"tag-finland","15":"tag-finnish","16":"tag-headlines","17":"tag-kotimaa","18":"tag-latest-news","19":"tag-latestnews","20":"tag-main-news","21":"tag-mainnews","22":"tag-news","23":"tag-otsikot","24":"tag-paauutiset","25":"tag-politiikka","26":"tag-suomi","27":"tag-top-stories","28":"tag-topstories","29":"tag-uutiset","30":"tag-venaja"},"share_on_mastodon":{"url":"https:\/\/pubeurope.com\/@fi\/115687191207519281","error":""},"_links":{"self":[{"href":"https:\/\/www.europesays.com\/fi\/wp-json\/wp\/v2\/posts\/111375","targetHints":{"allow":["GET"]}}],"collection":[{"href":"https:\/\/www.europesays.com\/fi\/wp-json\/wp\/v2\/posts"}],"about":[{"href":"https:\/\/www.europesays.com\/fi\/wp-json\/wp\/v2\/types\/post"}],"author":[{"embeddable":true,"href":"https:\/\/www.europesays.com\/fi\/wp-json\/wp\/v2\/users\/2"}],"replies":[{"embeddable":true,"href":"https:\/\/www.europesays.com\/fi\/wp-json\/wp\/v2\/comments?post=111375"}],"version-history":[{"count":0,"href":"https:\/\/www.europesays.com\/fi\/wp-json\/wp\/v2\/posts\/111375\/revisions"}],"wp:featuredmedia":[{"embeddable":true,"href":"https:\/\/www.europesays.com\/fi\/wp-json\/wp\/v2\/media\/111376"}],"wp:attachment":[{"href":"https:\/\/www.europesays.com\/fi\/wp-json\/wp\/v2\/media?parent=111375"}],"wp:term":[{"taxonomy":"category","embeddable":true,"href":"https:\/\/www.europesays.com\/fi\/wp-json\/wp\/v2\/categories?post=111375"},{"taxonomy":"post_tag","embeddable":true,"href":"https:\/\/www.europesays.com\/fi\/wp-json\/wp\/v2\/tags?post=111375"}],"curies":[{"name":"wp","href":"https:\/\/api.w.org\/{rel}","templated":true}]}}