{"id":111379,"date":"2025-12-09T02:25:10","date_gmt":"2025-12-09T02:25:10","guid":{"rendered":"https:\/\/www.europesays.com\/fi\/111379\/"},"modified":"2025-12-09T02:25:10","modified_gmt":"2025-12-09T02:25:10","slug":"erika-vikman-ja-eronnut-erna-husko-ikuistivat-intiimin-hetkensa-linnan-juhlien-jatkoilla","status":"publish","type":"post","link":"https:\/\/www.europesays.com\/fi\/111379\/","title":{"rendered":"Erika Vikman ja eronnut Erna Husko ikuistivat intiimin hetkens\u00e4 Linnan juhlien jatkoilla"},"content":{"rendered":"<p>Erna Husko ja Erika Vikman viettiv\u00e4t yhdess\u00e4 aikaa Linnan juhlien jatkoilla lauantaina.<\/p>\n<p class=\"paragraph\">Somevaikuttaja <strong>Erna Husko<\/strong>, 28, ja artisti <strong>Erika Vikman<\/strong>, 32, tekev\u00e4t somessa paljastuksen Linnan juhlien jatkoilta. Linnan juhlia vietettiin lauantaina.<\/p>\n<p class=\"paragraph\">Husko on julkaissut Instagram-tilill\u00e4\u00e4n kuvia itsest\u00e4\u00e4n ja Vikmanista itsen\u00e4isyysp\u00e4iv\u00e4juhlista. P\u00e4ivityksen toisessa kuvassa kaksikko suutelee toisiaan. Kolmannessa otoksessa Husko naurahtaa, ja nelj\u00e4nness\u00e4 kuvassa parivaljakko nojaa toisiinsa hymyillen ja silm\u00e4t kiinni.<\/p>\n<p class=\"paragraph\">\u2013 Rakastan Suomea ja Erika Vikmania, Husko kirjoittaa syd\u00e4nemojin kera.<\/p>\n<p class=\"paragraph\">Mik\u00e4li linkki ei n\u00e4y, voit katsoa julkaisun <a href=\"https:\/\/www.instagram.com\/p\/DR-AwdwCOW6\/?img_index=2\" target=\"_blank\" rel=\"noopener nofollow\">t\u00e4\u00e4lt\u00e4<\/a>.<\/p>\n<p><img decoding=\"async\" class=\"image image-show image-preview\" src=\"https:\/\/www.europesays.com\/fi\/wp-content\/uploads\/2025\/12\/d9814d14a9b34498de620ba301709366674820f12148a73824f108b377bfbde3.jpg\" alt=\"\"\/><img decoding=\"async\" class=\"image image-show\" src=\"https:\/\/www.europesays.com\/fi\/wp-content\/uploads\/2025\/12\/1765247110_512_d9814d14a9b34498de620ba301709366674820f12148a73824f108b377bfbde3.jpg\" alt=\"\"\/><\/p>\n<p>Erna Huskon kuviin on ikuistettu h\u00e4nen ja Erika Vikmanin intiimi hetki Linnan juhlien jatkoilta. Atte Kajova<\/p>\n<p class=\"paragraph\">My\u00f6s Vikman on kommentoinut kuvia p\u00e4ivityksen kommenttikent\u00e4ss\u00e4 syd\u00e4nemojeilla ja kirjoituksella \u201dOli juhlat\u201d.<\/p>\n<p class=\"paragraph\">Huskon monet someseuraajat ihastelevat kaksikon kuvia ja tempausta julkaisun kommenttikent\u00e4ss\u00e4.<\/p>\n<p class=\"paragraph\">\u2013 Oho!<\/p>\n<p class=\"paragraph\">\u2013 Okei, Britney [Spears] ja Madonna. Tuo on kuumaa!<\/p>\n<p class=\"paragraph\">\u2013 Ihanat.<\/p>\n<p class=\"paragraph\">\u2013 Juonenk\u00e4\u00e4nne.<\/p>\n<p>Erika Vikmanin ja Erna Huskon suudelma on saanut osan somekansasta mylvim\u00e4\u00e4n. Inka Soveri<\/p>\n<p class=\"paragraph\">Husko kertoi aiemmin <a href=\"https:\/\/www.tiktok.com\/@ernahuskoo\/video\/7580366479548255543\" rel=\"noopener nofollow\" target=\"_blank\">Tiktok-tilill\u00e4\u00e4n<\/a> eronneensa. Husko puhui sinkkuel\u00e4m\u00e4st\u00e4\u00e4n my\u00f6s <a href=\"https:\/\/www.iltalehti.fi\/viihdeuutiset\/8bb7a201-46ef-48ee-8e18-7e18d3c9ed13\" rel=\"nofollow noopener\" target=\"_blank\">Iltalehden<\/a> haastattelussa Linnan jatkoilla.<\/p>\n<p class=\"paragraph\">\u2013 Olen valmis valloittamaan maailmaa. Olen valmis panostamaan itseeni viel\u00e4 enemm\u00e4n ja ehk\u00e4 ymm\u00e4rt\u00e4\u00e4 sen, mit\u00e4 oikeasti itse haluan, Husko sanoi.<\/p>\n<p class=\"paragraph\">Vikman puolestaan ilmoitti kev\u00e4\u00e4ll\u00e4 <a href=\"https:\/\/www.iltalehti.fi\/viihdeuutiset\/34ba939f-ed88-4113-a1b8-0b01cc1421b4\" rel=\"nofollow noopener\" target=\"_blank\">Seiskalle eronneensa<\/a>. Vikman on kertonut aiemmin julkisuudessa <a href=\"https:\/\/www.iltalehti.fi\/viihdeuutiset\/ba3e2150-29ec-4dd4-8078-90bfa035e212\" rel=\"nofollow noopener\" target=\"_blank\">ihastuvansa sek\u00e4 naisiin ett\u00e4 miehiin<\/a>.<\/p>\n<p><script async src=\"\/\/www.instagram.com\/embed.js\"><\/script><script async src=\"\/\/www.tiktok.com\/embed.js\"><\/script><\/p>\n","protected":false},"excerpt":{"rendered":"Erna Husko ja Erika Vikman viettiv\u00e4t yhdess\u00e4 aikaa Linnan juhlien jatkoilla lauantaina. Somevaikuttaja Erna Husko, 28, ja artisti&hellip;\n","protected":false},"author":2,"featured_media":111380,"comment_status":"","ping_status":"","sticky":false,"template":"","format":"standard","meta":{"footnotes":""},"categories":[136],"tags":[35,138,407,137,33,31,30,408,47,32,2140,139,109],"class_list":{"0":"post-111379","1":"post","2":"type-post","3":"status-publish","4":"format-standard","5":"has-post-thumbnail","7":"category-julkkikset","8":"tag-24h","9":"tag-audio","10":"tag-celebrities","11":"tag-entertainment","12":"tag-fi","13":"tag-finland","14":"tag-finnish","15":"tag-julkkikset","16":"tag-musiikki","17":"tag-suomi","18":"tag-tosi-tv-ohjelmat","19":"tag-tv-ohjelmat","20":"tag-viihde"},"share_on_mastodon":{"url":"https:\/\/pubeurope.com\/@fi\/115687242222610477","error":""},"_links":{"self":[{"href":"https:\/\/www.europesays.com\/fi\/wp-json\/wp\/v2\/posts\/111379","targetHints":{"allow":["GET"]}}],"collection":[{"href":"https:\/\/www.europesays.com\/fi\/wp-json\/wp\/v2\/posts"}],"about":[{"href":"https:\/\/www.europesays.com\/fi\/wp-json\/wp\/v2\/types\/post"}],"author":[{"embeddable":true,"href":"https:\/\/www.europesays.com\/fi\/wp-json\/wp\/v2\/users\/2"}],"replies":[{"embeddable":true,"href":"https:\/\/www.europesays.com\/fi\/wp-json\/wp\/v2\/comments?post=111379"}],"version-history":[{"count":0,"href":"https:\/\/www.europesays.com\/fi\/wp-json\/wp\/v2\/posts\/111379\/revisions"}],"wp:featuredmedia":[{"embeddable":true,"href":"https:\/\/www.europesays.com\/fi\/wp-json\/wp\/v2\/media\/111380"}],"wp:attachment":[{"href":"https:\/\/www.europesays.com\/fi\/wp-json\/wp\/v2\/media?parent=111379"}],"wp:term":[{"taxonomy":"category","embeddable":true,"href":"https:\/\/www.europesays.com\/fi\/wp-json\/wp\/v2\/categories?post=111379"},{"taxonomy":"post_tag","embeddable":true,"href":"https:\/\/www.europesays.com\/fi\/wp-json\/wp\/v2\/tags?post=111379"}],"curies":[{"name":"wp","href":"https:\/\/api.w.org\/{rel}","templated":true}]}}