{"id":111382,"date":"2025-12-09T02:32:07","date_gmt":"2025-12-09T02:32:07","guid":{"rendered":"https:\/\/www.europesays.com\/fi\/111382\/"},"modified":"2025-12-09T02:32:07","modified_gmt":"2025-12-09T02:32:07","slug":"suomi-paatti-salibandyn-naisten-mm-lohkovaiheen-murskavoittoon","status":"publish","type":"post","link":"https:\/\/www.europesays.com\/fi\/111382\/","title":{"rendered":"Suomi p\u00e4\u00e4tti salibandyn naisten MM-lohkovaiheen murskavoittoon"},"content":{"rendered":"<p><strong class=\"typography-bold\">MM-turnauksen tasoerot Tshekiss\u00e4 eiv\u00e4t ole salibandylle eduksi.<\/strong><\/p>\n<p>Ottelup\u00f6yt\u00e4kirjaa t\u00e4ytt\u00e4vill\u00e4 virkailijoilla pit\u00e4\u00e4 kiirett\u00e4 salibandyn naisten MM-kisoissa Tshekiss\u00e4. Turnauspelien maalijuhlat ty\u00f6llist\u00e4v\u00e4t virkailijoita Brnon turnauksessa p\u00e4iv\u00e4st\u00e4 toiseen.<\/p>\n<p>Maanantaina Suomi p\u00e4\u00e4tti B-alkulohkonsa 18\u20131-murskajaisiin Puolasta. Jo aiemmin p\u00e4iv\u00e4ll\u00e4 Suomea huomattavasti huonompi Saksan maajoukkue oli murjonut D-lohkossa Singaporea 19\u20130.<\/p>\n<p>Karmeita tasoeroja kuvaa se, ett\u00e4 turnausavauksessa Suomea vastaan 3\u20133-tasapelin pelannut mestarisuosikki Ruotsi nuiji sunnuntaina Puolan 21\u20130.<\/p>\n<p>Suomen ykk\u00f6spyssy maanantain maalikarkeloissa oli kesken ottelun vaihdosta kent\u00e4lle tullut <strong class=\"typography-bold\">Suvi H\u00e4m\u00e4l\u00e4inen<\/strong>. H\u00e4n iski p\u00e4\u00e4t\u00f6ser\u00e4ss\u00e4 kolme maalia eli ylsi yhden er\u00e4n aikana hattutemppuun.<\/p>\n<p><strong class=\"typography-bold\">Oona Kauppi<\/strong> oli yksi Suomen viidest\u00e4 muusta pelaajasta, jotka tekiv\u00e4t kukin kaksi maalia naiseen. Kaupin maalihana oli kaksi ensimm\u00e4ist\u00e4 MM-kisapeli\u00e4 sunnuntain Slovakia-ottelu mukaan lukien jumissa, joten kaksi osumaa tulivat kokeneelle arvokisapelaajalle tarpeeseen.<\/p>\n<p>Kaupin avausmaali Puolaa vastaan syntyi vastustajan tyhj\u00e4\u00e4n p\u00f6mpeliin.<\/p>\n<p>\u2013\u2009Haluamme tehd\u00e4 paljon maaleja. Sunnuntaina yritin laadulla, t\u00e4n\u00e4\u00e4n m\u00e4\u00e4r\u00e4ll\u00e4, Kauppi kuvaili maalin\u00e4lk\u00e4\u00e4ns\u00e4 Ylelle.<\/p>\n<p>Puolan loisto j\u00e4i lyhyeen<\/p>\n<p>Maanantain ottelun erikoisuus oli, ett\u00e4 maalinteon aloitti Puola. <strong class=\"typography-bold\">Kinga Steinin<\/strong> reilun kahden minuutin j\u00e4lkeen v\u00e4rkk\u00e4\u00e4m\u00e4 1\u20130 j\u00e4i kuitenkin kuriositeetiksi, sill\u00e4 palloa yksinoikeudella hallinnut Suomi hallitsi yht\u00e4 selv\u00e4sti my\u00f6s peli\u00e4.<\/p>\n","protected":false},"excerpt":{"rendered":"MM-turnauksen tasoerot Tshekiss\u00e4 eiv\u00e4t ole salibandylle eduksi. Ottelup\u00f6yt\u00e4kirjaa t\u00e4ytt\u00e4vill\u00e4 virkailijoilla pit\u00e4\u00e4 kiirett\u00e4 salibandyn naisten MM-kisoissa Tshekiss\u00e4. Turnauspelien maalijuhlat&hellip;\n","protected":false},"author":2,"featured_media":111383,"comment_status":"","ping_status":"","sticky":false,"template":"","format":"standard","meta":{"footnotes":""},"categories":[158],"tags":[33,31,30,159,32,160],"class_list":{"0":"post-111382","1":"post","2":"type-post","3":"status-publish","4":"format-standard","5":"has-post-thumbnail","7":"category-urheilu","8":"tag-fi","9":"tag-finland","10":"tag-finnish","11":"tag-sports","12":"tag-suomi","13":"tag-urheilu"},"share_on_mastodon":{"url":"https:\/\/pubeurope.com\/@fi\/115687269845963655","error":""},"_links":{"self":[{"href":"https:\/\/www.europesays.com\/fi\/wp-json\/wp\/v2\/posts\/111382","targetHints":{"allow":["GET"]}}],"collection":[{"href":"https:\/\/www.europesays.com\/fi\/wp-json\/wp\/v2\/posts"}],"about":[{"href":"https:\/\/www.europesays.com\/fi\/wp-json\/wp\/v2\/types\/post"}],"author":[{"embeddable":true,"href":"https:\/\/www.europesays.com\/fi\/wp-json\/wp\/v2\/users\/2"}],"replies":[{"embeddable":true,"href":"https:\/\/www.europesays.com\/fi\/wp-json\/wp\/v2\/comments?post=111382"}],"version-history":[{"count":0,"href":"https:\/\/www.europesays.com\/fi\/wp-json\/wp\/v2\/posts\/111382\/revisions"}],"wp:featuredmedia":[{"embeddable":true,"href":"https:\/\/www.europesays.com\/fi\/wp-json\/wp\/v2\/media\/111383"}],"wp:attachment":[{"href":"https:\/\/www.europesays.com\/fi\/wp-json\/wp\/v2\/media?parent=111382"}],"wp:term":[{"taxonomy":"category","embeddable":true,"href":"https:\/\/www.europesays.com\/fi\/wp-json\/wp\/v2\/categories?post=111382"},{"taxonomy":"post_tag","embeddable":true,"href":"https:\/\/www.europesays.com\/fi\/wp-json\/wp\/v2\/tags?post=111382"}],"curies":[{"name":"wp","href":"https:\/\/api.w.org\/{rel}","templated":true}]}}