{"id":111393,"date":"2025-12-09T02:51:19","date_gmt":"2025-12-09T02:51:19","guid":{"rendered":"https:\/\/www.europesays.com\/fi\/111393\/"},"modified":"2025-12-09T02:51:19","modified_gmt":"2025-12-09T02:51:19","slug":"hamptonissa-puhutaan-susanna-penttila-pukeutui-rohkeasti-vanajanlinnaan-eika-ollut-suinkaan-ainoa-paikalliset","status":"publish","type":"post","link":"https:\/\/www.europesays.com\/fi\/111393\/","title":{"rendered":"H\u00e4mptonissa puhutaan | Susanna Penttil\u00e4 pukeutui rohkeasti Vanajanlinnaan \u2013 eik\u00e4 ollut suinkaan ainoa | Paikalliset"},"content":{"rendered":"<p>Vanajanlinnassa n\u00e4htiin itsen\u00e4isyysp\u00e4iv\u00e4n aattoiltana useita rohkeita asuvalintoja.<\/p>\n<p>Kenties illan n\u00e4ytt\u00e4vimm\u00e4st\u00e4 asusta vastasi Only fans -yritt\u00e4j\u00e4 ja tosi-tv-t\u00e4hti <strong>Susanna Penttil\u00e4<\/strong>. Vanajanlinnassa t\u00e4n\u00e4 vuonna kuvatun Petollisten nelj\u00e4nnen kauden voittanut Penttil\u00e4 oli pukeutunut punaiselle matolle valkoiseen iltapukuun, joka paljasti rintavaon l\u00e4hes napaan asti.<\/p>\n<p>\t\t<a class=\"diks-gallery__link\" href=\"https:\/\/i.media.fi\/incoming\/ojti34\/11189140.jpg\/alternates\/FREE_1440\/11189140.jpg\" data-thumbnail=\"\" data-sub-html=\"Susanna Penttil\u00e4 k\u00e4ttelem\u00e4ss\u00e4 Vanajanlinnan hotellinjohtajaa Tuija Lehtojokea. Riku Hasari\" aria-label=\"Katso isompi kuva\" rel=\"nofollow noopener\" target=\"_blank\"><br \/>\n\t\t\t\t<img class=\"diks-figure__image\" src=\"https:\/\/www.europesays.com\/fi\/wp-content\/uploads\/2025\/12\/11189140.jpg\" loading=\"lazy\" decoding=\"sync\" alt=\"\"\/><\/p>\n<p>\t\t\t<\/a><br \/>\n\t\t\t\t\tSusanna Penttil\u00e4 k\u00e4ttelem\u00e4ss\u00e4 Vanajanlinnan hotellinjohtajaa Tuija Lehtojokea. Riku Hasari<\/p>\n<p>Povipommin lis\u00e4ksi paljastavissa asuissa n\u00e4ytt\u00e4ytyi juhlissa my\u00f6s riihim\u00e4kel\u00e4inen yritt\u00e4j\u00e4, ex-kiinteist\u00f6kuningatar <strong>Kaisa Liski<\/strong>, jonka strassein koristellussa mustassa pitsileningiss\u00e4 oli niin ik\u00e4\u00e4n eritt\u00e4in syv\u00e4\u00e4n uurettu miehusta.<\/p>\n<p>\t\t<a class=\"diks-gallery__link\" href=\"https:\/\/i.media.fi\/incoming\/l9uvaj\/11187527.jpg\/alternates\/FREE_1440\/11187527.jpg\" data-thumbnail=\"\" data-sub-html=\"Kaisa Liski oli yksi illan n\u00e4ytt\u00e4vimpi\u00e4 pukeutujia. Riku Hasari\" aria-label=\"Katso isompi kuva\" rel=\"nofollow noopener\" target=\"_blank\"><br \/>\n\t\t\t\t<img class=\"diks-figure__image\" src=\"https:\/\/www.europesays.com\/fi\/wp-content\/uploads\/2025\/12\/11187527.jpg\" loading=\"lazy\" decoding=\"sync\" alt=\"\"\/><\/p>\n<p>\t\t\t<\/a><br \/>\n\t\t\t\t\tKaisa Liski oli yksi illan n\u00e4ytt\u00e4vimpi\u00e4 pukeutujia. Riku Hasari<\/p>\n<p>L\u00e4\u00e4k\u00e4ri <strong>Pippa Laukan<\/strong> p\u00e4\u00e4ll\u00e4 n\u00e4htiin puolestaan beige iltapuku, jonka yl\u00e4osa oli tehty kahdesta siipe\u00e4 muistuttavasta kappaleesta. <strong>Sabina Eklundin<\/strong> ateljeesta hankittu puku muistutti saman tekij\u00e4n The Swan of Finland -luomusta, joka n\u00e4htiin viime kuun lopussa <a href=\"https:\/\/www.hameenlinnankaupunkiuutiset.fi\/paikalliset\/8793710\" rel=\"nofollow noopener\" target=\"_blank\">Miss International -kilpailuissa Suomea edustaneen<\/a>, h\u00e4meenlinnalaistaustaisen <strong>Vera Elorannan<\/strong> yll\u00e4 Tokiossa.<\/p>\n<p>\t\t<a class=\"diks-gallery__link\" href=\"https:\/\/i.media.fi\/incoming\/1rznbm\/11187554.jpg\/alternates\/FREE_1440\/11187554.jpg\" data-thumbnail=\"\" data-sub-html=\"Riku Hasari\" aria-label=\"Katso isompi kuva\" rel=\"nofollow noopener\" target=\"_blank\"><br \/>\n\t\t\t\t<img class=\"diks-figure__image\" src=\"https:\/\/www.europesays.com\/fi\/wp-content\/uploads\/2025\/12\/11187554.jpg\" loading=\"lazy\" decoding=\"sync\" alt=\"\"\/><\/p>\n<p>\t\t\t<\/a><br \/>\n\t\t\t\t\tRiku Hasari<\/p>\n<p><strong class=\"diks-storyline__impact\">Miesvieraista<\/strong> asuvalinnallaan kohautti laulaja <strong>Isaac Sene<\/strong>, joka saapui Vanajanlinnan juhliin musta-punaisessa nahkatakissa. Viime vuonna h\u00e4n edusti samoissa pippaloissa s\u00e4ihkyv\u00e4ss\u00e4 asussa Tanssii t\u00e4htien kanssa -ohjelman tanssinopettajansa <strong>Kastanja Rauhalan<\/strong> kanssa.<\/p>\n<p>\t\t<a class=\"diks-gallery__link\" href=\"https:\/\/i.media.fi\/incoming\/rafm7i\/11187578.jpg\/alternates\/FREE_1440\/11187578.jpg\" data-thumbnail=\"\" data-sub-html=\"Isaac Sene vieraili Vanajanlinnan juhlissa jo toista kertaa. Riku Hasari\" aria-label=\"Katso isompi kuva\" rel=\"nofollow noopener\" target=\"_blank\"><br \/>\n\t\t\t\t<img class=\"diks-figure__image\" src=\"https:\/\/www.europesays.com\/fi\/wp-content\/uploads\/2025\/12\/11187578.jpg\" loading=\"lazy\" decoding=\"sync\" alt=\"\"\/><\/p>\n<p>\t\t\t<\/a><br \/>\n\t\t\t\t\tIsaac Sene vieraili Vanajanlinnan juhlissa jo toista kertaa. Riku Hasari<\/p>\n<p><strong class=\"diks-storyline__impact\">Yksi illan tyylikk\u00e4impi\u00e4<\/strong> housupukuja kuului puolestaan n\u00e4yttelij\u00e4 <strong>Sara Mellerille<\/strong>, joka hurmasi ryhdikk\u00e4\u00e4sti muodossaan pysyv\u00e4ss\u00e4, <strong>Sami Eskelisen<\/strong> suunnittelemassa kimaltavan valkoisessa jakussa.<\/p>\n<p>\t\t<a class=\"diks-gallery__link\" href=\"https:\/\/i.media.fi\/incoming\/od76hj\/11187532.jpg\/alternates\/FREE_1440\/11187532.jpg\" data-thumbnail=\"\" data-sub-html=\"N\u00e4yttelij\u00e4 Sara Mellerin housupuvussa kiinnitti huomion ryhdikk\u00e4\u00e4sti muodossa pysyv\u00e4 jakku. Riku Hasari\" aria-label=\"Katso isompi kuva\" rel=\"nofollow noopener\" target=\"_blank\"><br \/>\n\t\t\t\t<img class=\"diks-figure__image\" src=\"https:\/\/www.europesays.com\/fi\/wp-content\/uploads\/2025\/12\/11187532.jpg\" loading=\"lazy\" decoding=\"sync\" alt=\"\"\/><\/p>\n<p>\t\t\t<\/a><br \/>\n\t\t\t\t\tN\u00e4yttelij\u00e4 Sara Mellerin housupuvussa kiinnitti huomion ryhdikk\u00e4\u00e4sti muodossa pysyv\u00e4 jakku. Riku Hasari<\/p>\n<p>Valtakunnan julkkisten lis\u00e4ksi Vanajanlinnassa n\u00e4htiin <a href=\"https:\/\/www.hameensanomat.fi\/paikalliset\/9033247\" rel=\"nofollow noopener\" target=\"_blank\">satoja paikallisia tyylitaitureita<\/a>. Kaikkiaan itsen\u00e4isyysp\u00e4iv\u00e4viikonlopun kakkosjuhlissa viihtyi tuhatkunta vierasta.<\/p>\n<p class=\"diks-storyline__additional-information\">Kaupunkiuutisten H\u00e4mptonissa puhutaan -juorupalstalla ruoditaan viikon tapahtumia.<\/p>\n","protected":false},"excerpt":{"rendered":"Vanajanlinnassa n\u00e4htiin itsen\u00e4isyysp\u00e4iv\u00e4n aattoiltana useita rohkeita asuvalintoja. Kenties illan n\u00e4ytt\u00e4vimm\u00e4st\u00e4 asusta vastasi Only fans -yritt\u00e4j\u00e4 ja tosi-tv-t\u00e4hti Susanna&hellip;\n","protected":false},"author":2,"featured_media":111394,"comment_status":"","ping_status":"","sticky":false,"template":"","format":"standard","meta":{"footnotes":""},"categories":[136],"tags":[407,137,33,31,30,4919,3878,408,106,622,32,109],"class_list":{"0":"post-111393","1":"post","2":"type-post","3":"status-publish","4":"format-standard","5":"has-post-thumbnail","7":"category-julkkikset","8":"tag-celebrities","9":"tag-entertainment","10":"tag-fi","11":"tag-finland","12":"tag-finnish","13":"tag-hamptonissa-puhutaan","14":"tag-julkisuuden-henkilot","15":"tag-julkkikset","16":"tag-muoti","17":"tag-nayttelijat","18":"tag-suomi","19":"tag-viihde"},"share_on_mastodon":{"url":"https:\/\/pubeurope.com\/@fi\/115687344548994132","error":""},"_links":{"self":[{"href":"https:\/\/www.europesays.com\/fi\/wp-json\/wp\/v2\/posts\/111393","targetHints":{"allow":["GET"]}}],"collection":[{"href":"https:\/\/www.europesays.com\/fi\/wp-json\/wp\/v2\/posts"}],"about":[{"href":"https:\/\/www.europesays.com\/fi\/wp-json\/wp\/v2\/types\/post"}],"author":[{"embeddable":true,"href":"https:\/\/www.europesays.com\/fi\/wp-json\/wp\/v2\/users\/2"}],"replies":[{"embeddable":true,"href":"https:\/\/www.europesays.com\/fi\/wp-json\/wp\/v2\/comments?post=111393"}],"version-history":[{"count":0,"href":"https:\/\/www.europesays.com\/fi\/wp-json\/wp\/v2\/posts\/111393\/revisions"}],"wp:featuredmedia":[{"embeddable":true,"href":"https:\/\/www.europesays.com\/fi\/wp-json\/wp\/v2\/media\/111394"}],"wp:attachment":[{"href":"https:\/\/www.europesays.com\/fi\/wp-json\/wp\/v2\/media?parent=111393"}],"wp:term":[{"taxonomy":"category","embeddable":true,"href":"https:\/\/www.europesays.com\/fi\/wp-json\/wp\/v2\/categories?post=111393"},{"taxonomy":"post_tag","embeddable":true,"href":"https:\/\/www.europesays.com\/fi\/wp-json\/wp\/v2\/tags?post=111393"}],"curies":[{"name":"wp","href":"https:\/\/api.w.org\/{rel}","templated":true}]}}