{"id":111399,"date":"2025-12-09T02:59:18","date_gmt":"2025-12-09T02:59:18","guid":{"rendered":"https:\/\/www.europesays.com\/fi\/111399\/"},"modified":"2025-12-09T02:59:18","modified_gmt":"2025-12-09T02:59:18","slug":"iskelmatahti-t-t-purontaka-syopakontrollit-jannittavat","status":"publish","type":"post","link":"https:\/\/www.europesays.com\/fi\/111399\/","title":{"rendered":"Iskelm\u00e4t\u00e4hti T.T. Purontaka: Sy\u00f6p\u00e4kontrollit j\u00e4nnitt\u00e4v\u00e4t"},"content":{"rendered":"<p>            Juhamatti Nieminen\n        <\/p>\n<p class=\"subtitle \">Liikkumisen lis\u00e4ksi laulajakonkari vaalii elintapojaan, eik\u00e4 l\u00e4tr\u00e4\u00e4 alkoholilla. \u2013 Siit\u00e4 tulee vain huono ja kipe\u00e4 olo, h\u00e4n linjaa Seiskalle Kanarialla.<\/p>\n<p class=\"article-content article-content-width !bg-background\">Palmut huojuvat kadun reunassa, kun iskelm\u00e4artisti  , 63, eli T.T. Purontaka harppoo Playa de Ingl\u00e9sin keskustassa energisen\u00e4. Suosikkilaulaja vietti marras-joulukuun vaihteessa Kanarialla pari viikkoa yhdistetyll\u00e4 loma- ja keikkareissulla kolmatta vuotta per\u00e4kk\u00e4in.<\/p>\n<p class=\"font-weight-bold m-font-weight-bold article-content article-content-width !bg-background\">Video: T.T. Purontaka paljastaa positiivisuutensa salaisuuden (2023)<\/p>\n<p class=\"article-content article-content-width !bg-background\">\u2013 T\u00e4m\u00e4 tarjoaa kivaa vaihtelua kotimaan harmauteen. Saa valoa, aurinkoa ja l\u00e4mp\u00f6\u00e4, Tapsa nautiskelee p\u00e4iv\u00e4n jo k\u00e4\u00e4ntyess\u00e4 iltaan.<\/p>\n<p>Kohtalokas puhelu<\/p>\n<p class=\"article-content article-content-width !bg-background\">Viime vuonna Tapsa oli vastaavalla reissulla muutamaa viikkoa my\u00f6hemmin. Silloin Kanarialla vier\u00e4hti joulu, jota synkisti kesken matkan tullut tieto is\u00e4puolen kuolemasta.<\/p>\n<p>                <img decoding=\"async\" src=\"https:\/\/www.europesays.com\/fi\/wp-content\/uploads\/2025\/12\/2008194.webp\" width=\"576\" height=\"322\" title=\"Pitk\u00e4n linjan artistin ura on jatkunut vauhdikkaana jo vuosikymmenten ajan.\" alt=\"T.T. Purontaka poseeraa Seiskalle joulukuussa 2025 Espanjassa.\" loading=\"lazy\" \/>            <\/p>\n<p>\n            Pitk\u00e4n linjan artistin ura on jatkunut vauhdikkaana jo vuosikymmenten ajan.<br \/>\n            Juhamatti Nieminen\n        <\/p>\n<p class=\"article-content article-content-width !bg-background\">\u2013 Olin valmistautumassa keikkaan, kun puhelu rakkaan is\u00e4puolen menehtymisest\u00e4 tuli. Se veti mielen matalaksi. Tuollaiset tapahtumat ottavat ihmisest\u00e4 niin paljon. Toisaalta kaikesta aina selvi\u00e4\u00e4, vaikka ei heti valoa tunnelin p\u00e4\u00e4ss\u00e4 n\u00e4kisik\u00e4\u00e4n.<\/p>\n<p class=\"article-content article-content-width !bg-background\">Selvi\u00e4m\u00e4\u00e4n T.T. on viime vuosina tottunut. Pari vuotta aiemmin helmikuussa 2023 h\u00e4n joutui hyv\u00e4stelem\u00e4\u00e4n rakkaansa \u00e4itins\u00e4, mink\u00e4 j\u00e4lkeen samana kev\u00e4\u00e4n\u00e4 muusikko sai diagnoosin eturauhassy\u00f6v\u00e4st\u00e4.<\/p>\n<p class=\"article-content article-content-width !bg-background\">\u2013 Se havahdutti, ettei olekaan ikinuori ja kuolematon, Tapsa miettii.<\/p>\n<p>        <a itemprop=\"url\" href=\"https:\/\/www.seiska.fi\/terveys\/syopaa-sairastava-tt-purontaka-saa-vertaistukea-kollegoiltaan-on-hupaisaa-repia-tasta-rankempaa-mustaa-huumoria\/1288089\" rel=\"nofollow noopener\" target=\"_blank\"><\/p>\n<p class=\"section-date\">\n        <strong class=\"article-section\" data-section=\"terveys\"><br \/>\n            terveys<br \/>\n        <\/strong><br \/>\n        10.3.2024 16:00\n    <\/p>\n<p>Sy\u00f6p\u00e4\u00e4 sairastava T.T. Purontaka saa vertaistukea kollegoiltaan \u2013 \u201dOn hupaisaa repi\u00e4 t\u00e4st\u00e4 rankempaa mustaa huumoria\u201d\n    <\/p>\n<p itemprop=\"description\" class=\"subtitle \">\n    Eturauhassy\u00f6v\u00e4st\u00e4\u00e4n kertonut muusikko Kari Veps\u00e4 on jakanut Tapsalle tsemppaavia sanoja.\n<\/p>\n<p>        <\/a><\/p>\n<p>Kontrolli j\u00e4nnitt\u00e4\u00e4<\/p>\n<p class=\"article-content article-content-width !bg-background\">S\u00e4de- ja hormonihoidoilla sy\u00f6p\u00e4 saatiin nujerrettua, mutta se voi my\u00f6s uusiutua.<\/p>\n<p class=\"article-content article-content-width !bg-background\">\u2013 Se riski on aina olemassa. Sy\u00f6p\u00e4kontrolleja on puolen vuoden v\u00e4lein. Ne aina j\u00e4nnitt\u00e4v\u00e4t. Pit\u00e4\u00e4 vain toivoa, ett\u00e4 se pysyy aisoissa. Seuraava kontrolli on luvassa viel\u00e4 ennen joulua. Katsotaan, millainen joululahja sielt\u00e4 tulee, Tapsa huokaa.<\/p>\n<p class=\"article-content article-content-width !bg-background\">Kokkolassa asuva laulajakonkari luottaa, ett\u00e4 terveelliset el\u00e4m\u00e4ntavat auttavat pit\u00e4m\u00e4\u00e4n pirulaisen poissa.<\/p>\n<p>                <img decoding=\"async\" src=\"https:\/\/www.europesays.com\/fi\/wp-content\/uploads\/2025\/12\/2008198.webp\" width=\"576\" height=\"720\" title=\"T.T. Purontaka on s\u00e4ilytt\u00e4nyt positiivisuutensa rankoista vuosista huolimatta.\" alt=\"T.T. Purontaka poseeraa Seiskalle joulukuussa 2025 Espanjassa.\" loading=\"lazy\" \/>            <\/p>\n<p>\n            T.T. Purontaka on s\u00e4ilytt\u00e4nyt positiivisuutensa rankoista vuosista huolimatta.<br \/>\n            Juhamatti Nieminen\n        <\/p>\n<p class=\"article-content article-content-width !bg-background\">\u2013 Kun pit\u00e4\u00e4 yleiskunnon hyv\u00e4n\u00e4, selvi\u00e4\u00e4 kaikesta ja taudit pysyv\u00e4t loitommalla. Kun liikkuu, pysyy vanhemmiten paremmassa vireess\u00e4. Niin fysiikka kuin p\u00e4\u00e4koppakin, h\u00e4n kuvaa.<\/p>\n<p>        <a itemprop=\"url\" href=\"https:\/\/www.seiska.fi\/terveys\/iskelmatahti-tt-purontaka-kavi-surun-keskella-syopataistelua-tallainen-terveystilanne-on-nyt\/1288053\" rel=\"nofollow noopener\" target=\"_blank\"><\/p>\n<p class=\"section-date\">\n        <strong class=\"article-section\" data-section=\"terveys\"><br \/>\n            terveys<br \/>\n        <\/strong><br \/>\n        8.3.2024 09:00\n    <\/p>\n<p>Iskelm\u00e4t\u00e4hti T.T. Purontaka k\u00e4vi surun keskell\u00e4 sy\u00f6p\u00e4taistelua \u2013 t\u00e4llainen terveystilanne on nyt\n    <\/p>\n<p itemprop=\"description\" class=\"subtitle \">\n    Tammikuussa 2023 Tapsaa kohtasi shokkidiagnoosi: eturauhassy\u00f6p\u00e4.\n<\/p>\n<p>        <\/a><\/p>\n<p>Alkoholi sai j\u00e4\u00e4d\u00e4<\/p>\n<p class=\"article-content article-content-width !bg-background\">Alkoholin kanssa Tapsa ei keikoilla l\u00e4tr\u00e4\u00e4. Ei edes taannoisella Kanarian-reissulla.<\/p>\n<p class=\"article-content article-content-width !bg-background\">\u2013 T\u00e4\u00e4ll\u00e4 se olisi kyll\u00e4 edullista ja mukava nautiskella. Mutta voin paljon paremmin ilman alkoholia. Siit\u00e4 tulee vain huono ja kipe\u00e4 olo, ettei se kannata!<\/p>\n<p class=\"article-content article-content-width !bg-background\">Fysiikan merkityksen Tapsa koki jo reilut 20 vuotta sitten jouduttuaan vakavaan auto-onnettomuuteen, jonka seurauksena h\u00e4n menetti k\u00e4velykykyns\u00e4. H\u00e4n sai uuden tekonivelen vuonna 2022, mutta joutuu edelleen k\u00e4ym\u00e4\u00e4n vamman takia kuntoutuksessa.<\/p>\n<p class=\"article-content article-content-width !bg-background\">\u2013 Se on hidastanut ty\u00f6tahtiakin, mutta on tuonut my\u00f6s periksiantamattomuutta ja sinnikkyytt\u00e4. Ne ovat olleet t\u00e4rkeit\u00e4 ominaisuuksia, jotka ovat vieneet eteenp\u00e4in.\u00a0<\/p>\n<p>        <a itemprop=\"url\" href=\"https:\/\/www.seiska.fi\/kotimaa\/laulaja-tt-purontaka-joutui-perumaan-keikkansa-hengastyn-ja-pyorryttaa\/1088380\" rel=\"nofollow noopener\" target=\"_blank\"><\/p>\n<p class=\"section-date\">\n        <strong class=\"article-section\" data-section=\"kotimaa\"><br \/>\n            kotimaa<br \/>\n        <\/strong><br \/>\n        23.7.2023 16:00\n    <\/p>\n<p>Laulaja T.T. Purontaka joutui perumaan keikkansa: Heng\u00e4styn ja py\u00f6rrytt\u00e4\u00e4\n    <\/p>\n<p itemprop=\"description\" class=\"subtitle \">\n    T.T. Purontaka keikkaili juhannuksena, mutta on sen j\u00e4lkeen joutunut perumaan esiintymisens\u00e4.\n<\/p>\n<p>        <\/a><\/p>\n<p>Kovia ponnistuksia<\/p>\n<p class=\"article-content article-content-width !bg-background\">Sama asenne on heijastunut uraankin, joka on jatkunut 1970-luvun lopulta saakka. Ensi vuonna tulee kuluneeksi 40 vuotta ensilevytyksest\u00e4 Orpo syd\u00e4n, jota mies aikoo juhlistaa jollain tavoin.<\/p>\n<p class=\"article-content article-content-width !bg-background\">\u2013 Onhan t\u00e4ss\u00e4 puurrettu. Kun on vaatimaton luonne, ei omaa uran kestoa oikein itse ymm\u00e4rr\u00e4k\u00e4\u00e4n. Ei n\u00e4e mets\u00e4\u00e4 en\u00e4\u00e4 puilta omilta tekemisilt\u00e4, vaikka onhan t\u00e4h\u00e4n pisteeseen p\u00e4\u00e4seminen vaatinut \u00e4\u00e4rett\u00f6mi\u00e4 ponnistuksia. Mit\u00e4\u00e4n ei ole tullut ilmaiseksi, vaan kaikki on pit\u00e4nyt ansaita.<\/p>\n<p>                <img decoding=\"async\" src=\"https:\/\/www.europesays.com\/fi\/wp-content\/uploads\/2025\/12\/2008186.webp\" width=\"576\" height=\"274\" title=\"T.T. tankkasi aurinkoenergiaa marras-joulukuun vaihteessa Kanarialla parin viikon ajan.\" alt=\"T.T. Purontaka poseeraa Seiskalle joulukuussa 2025 Espanjassa.\" loading=\"lazy\" \/>            <\/p>\n<p>\n            T.T. tankkasi aurinkoenergiaa marras-joulukuun vaihteessa Kanarialla parin viikon ajan.<br \/>\n            Juhamatti Nieminen\n        <\/p>\n<p class=\"article-content article-content-width !bg-background\">Ennen l\u00e4pimurtoaan musiikin parissa Tapsa ahersi kotikuntansa Toholammin juustotehtaalla.<\/p>\n<p class=\"article-content article-content-width !bg-background\">\u2013 Keikkoja alkoi olla niin paljon, ett\u00e4 p\u00e4\u00e4dyin sanomaan itseni irti. Se oli hyv\u00e4 p\u00e4\u00e4t\u00f6s, sill\u00e4 kyseist\u00e4 tehdasta ei en\u00e4\u00e4 ole. Se yhdistettiin Pohjanmaan muihin tehtaisiin.<\/p>\n<p class=\"article-content article-content-width !bg-background\">Musiikin ty\u00f6l\u00e4isen\u00e4 T.T. on vaikuttanut jo pidemp\u00e4\u00e4n Solo ry:n eli Suomessa levytt\u00e4vien ja esitt\u00e4vien solistien, solististen muusikkojen ja kapellimestareiden yhdistyksen hallituksessa.<\/p>\n<p class=\"article-content article-content-width !bg-background\">\u2013 Olen ollut j\u00e4rjest\u00f6ihminen nuoresta miehest\u00e4 alkaen. Kyse on vapaaehtoisty\u00f6st\u00e4. Rakkaudesta lajiin, jota tykk\u00e4\u00e4n tehd\u00e4. Se tuo vaihtelua keikkailuun.<\/p>\n<p>        <a itemprop=\"url\" href=\"https:\/\/www.seiska.fi\/kotimaa\/iskelmatahti-tt-purontaka-syopashokistaan-tuntuu-kuin-kuoliniskulta\/1088359\" rel=\"nofollow noopener\" target=\"_blank\"><\/p>\n<p class=\"section-date\">\n        <strong class=\"article-section\" data-section=\"kotimaa\"><br \/>\n            kotimaa<br \/>\n        <\/strong><br \/>\n        22.7.2023 14:00\n    <\/p>\n<p>Iskelm\u00e4t\u00e4hti T.T. Purontaka sy\u00f6p\u00e4shokistaan: \u201dTuntuu kuin kuoliniskulta\u201d\n    <\/p>\n<p itemprop=\"description\" class=\"subtitle \">\n    Laulaja ei aio luovuttaa, vaikka sairastuikin yll\u00e4tt\u00e4en eturauhassy\u00f6p\u00e4\u00e4n.\n<\/p>\n<p>        <\/a><\/p>\n<p>Lasten kanssa lavalle<\/p>\n<p class=\"article-content article-content-width !bg-background\">Musiikin into on periytynyt kaikille kolmelle aikuiselle lapselle, joiden kanssa Tapsa esiintyy joulun alla (19.12.) vanhoilla kotikonnuillaan Toholammilla pidett\u00e4v\u00e4ss\u00e4 Rakkaimmat joululaulut -konsertissa.\u00a0<\/p>\n<p class=\"article-content article-content-width !bg-background\">Kitaristina ja laulajana toimivan poikansa\u00a0\u00a0lis\u00e4ksi lavalle nousevat laulaja, huilisti ja perkussionisti\u00a0\u00a0sek\u00e4 viulisti ja laulaja\u00a0<\/p>\n<p class=\"article-content article-content-width !bg-background\">\u2013 Kun lapset olivat pieni\u00e4, kuljetin heit\u00e4 muskariin vuoron per\u00e4\u00e4n. Musiikki oli kotona aina l\u00e4sn\u00e4. Se on tullut heill\u00e4 \u00e4idinmaidossa. He ovat saaneet kannustusta musiikkiin, mutta ovat itse saaneet p\u00e4\u00e4tt\u00e4\u00e4 mit\u00e4 alkavat tekem\u00e4\u00e4n, Tapsa muistuttaa.<\/p>\n<p>        <a itemprop=\"url\" href=\"https:\/\/www.seiska.fi\/kotimaa\/laulaja-tt-purontaka-suuresta-surustaan-han-oli-elamani-nainen\/1088337\" rel=\"nofollow noopener\" target=\"_blank\"><\/p>\n<p class=\"section-date\">\n        <strong class=\"article-section\" data-section=\"kotimaa\"><br \/>\n            kotimaa<br \/>\n        <\/strong><br \/>\n        21.7.2023 08:30\n    <\/p>\n<p>Laulaja T.T. Purontaka suuresta surustaan: H\u00e4n oli el\u00e4m\u00e4ni nainen\n    <\/p>\n<p itemprop=\"description\" class=\"subtitle \">\n    Ennen sy\u00f6p\u00e4shokkia T.T. Purontaka koki suuren surun.\n<\/p>\n<p>        <\/a><\/p>\n<p>&#8221;Kunnioitamme toisiamme&#8221;<\/p>\n<p class=\"article-content article-content-width !bg-background\">Tytt\u00e4rist\u00e4 nuorempi, laulunopettajana ty\u00f6skentelev\u00e4 Kiia, osallistui viime kes\u00e4n\u00e4 Sein\u00e4joen Tangolaulukilpailuun, kun vanhempi tyt\u00e4r Krista on niitt\u00e4nyt mainetta Kaustisen pelimanneissa. Jone puolestaan on toiminut is\u00e4ns\u00e4 oikeana k\u00e4ten\u00e4 s\u00e4velt\u00e4j\u00e4n\u00e4, sovittajana ja my\u00f6s tuottajana.<\/p>\n<p>                <img decoding=\"async\" src=\"https:\/\/www.europesays.com\/fi\/wp-content\/uploads\/2025\/12\/2008180.webp\" width=\"576\" height=\"322\" title=\"Musiikin into on periytynyt Tapsan kaikille kolmelle lapselle, joiden kanssa laulaja esiintyy yhteisess\u00e4 joulukonsertissa Toholammilla 19.12.\" alt=\"T.T. Purontaka poseeraa Seiskalle joulukuussa 2025 Espanjassa.\" loading=\"lazy\" \/>            <\/p>\n<p>\n            Musiikin into on periytynyt Tapsan kaikille kolmelle lapselle, joiden kanssa laulaja esiintyy yhteisess\u00e4 joulukonsertissa Toholammilla 19.12.<br \/>\n            Juhamatti Nieminen\n        <\/p>\n<p class=\"article-content article-content-width !bg-background\">\u2013 Kunnioitamme toisiamme musiikin tekij\u00f6in\u00e4. Jos tulee jotain sanomisia, se ymm\u00e4rret\u00e4\u00e4n eik\u00e4 oteta siit\u00e4 nokkiin, Tapsa kiittelee.<\/p>\n<p class=\"article-content article-content-width !bg-background\">Omaa samettista \u00e4\u00e4nt\u00e4\u00e4n T.T. huoltaa arkikonstein.<\/p>\n<p class=\"article-content article-content-width !bg-background\">\u2013 Autossa tulee laulettua paljon. Se on mukava paikka. Silloin muiden ei tarvitse k\u00e4rsi\u00e4 siit\u00e4.<\/p>\n<p>        <a itemprop=\"url\" href=\"https:\/\/www.seiska.fi\/kotimaa\/iskelmatahti-tt-purontaan-uusi-sairausshokki-minulla-on-syopa\/1088322\" rel=\"nofollow noopener\" target=\"_blank\"><\/p>\n<p class=\"section-date\">\n        <strong class=\"article-section\" data-section=\"kotimaa\"><br \/>\n            kotimaa<br \/>\n        <\/strong><br \/>\n        20.7.2023 07:00\n    <\/p>\n<p>Iskelm\u00e4t\u00e4hti T.T. Purontaan uusi sairausshokki: Minulla on sy\u00f6p\u00e4\n    <\/p>\n<p itemprop=\"description\" class=\"subtitle \">\n    Laulaja ei aio luovuttaa, vaikka sairastuikin yll\u00e4tt\u00e4en eturauhassy\u00f6p\u00e4\u00e4n.\n<\/p>\n<p>        <\/a><\/p>\n","protected":false},"excerpt":{"rendered":"Juhamatti Nieminen Liikkumisen lis\u00e4ksi laulajakonkari vaalii elintapojaan, eik\u00e4 l\u00e4tr\u00e4\u00e4 alkoholilla. \u2013 Siit\u00e4 tulee vain huono ja kipe\u00e4 olo,&hellip;\n","protected":false},"author":2,"featured_media":111400,"comment_status":"","ping_status":"","sticky":false,"template":"","format":"standard","meta":{"footnotes":""},"categories":[130],"tags":[137,2783,33,31,30,3831,16667,32,1469,20662,167,109],"class_list":{"0":"post-111399","1":"post","2":"type-post","3":"status-publish","4":"format-standard","5":"has-post-thumbnail","7":"category-viihde","8":"tag-entertainment","9":"tag-erikoishaastattelu","10":"tag-fi","11":"tag-finland","12":"tag-finnish","13":"tag-iskelmatahti","14":"tag-kanariansaaret","15":"tag-suomi","16":"tag-syopa","17":"tag-t-t-purontaka","18":"tag-terveys","19":"tag-viihde"},"share_on_mastodon":{"url":"https:\/\/pubeurope.com\/@fi\/115687376522440707","error":""},"_links":{"self":[{"href":"https:\/\/www.europesays.com\/fi\/wp-json\/wp\/v2\/posts\/111399","targetHints":{"allow":["GET"]}}],"collection":[{"href":"https:\/\/www.europesays.com\/fi\/wp-json\/wp\/v2\/posts"}],"about":[{"href":"https:\/\/www.europesays.com\/fi\/wp-json\/wp\/v2\/types\/post"}],"author":[{"embeddable":true,"href":"https:\/\/www.europesays.com\/fi\/wp-json\/wp\/v2\/users\/2"}],"replies":[{"embeddable":true,"href":"https:\/\/www.europesays.com\/fi\/wp-json\/wp\/v2\/comments?post=111399"}],"version-history":[{"count":0,"href":"https:\/\/www.europesays.com\/fi\/wp-json\/wp\/v2\/posts\/111399\/revisions"}],"wp:featuredmedia":[{"embeddable":true,"href":"https:\/\/www.europesays.com\/fi\/wp-json\/wp\/v2\/media\/111400"}],"wp:attachment":[{"href":"https:\/\/www.europesays.com\/fi\/wp-json\/wp\/v2\/media?parent=111399"}],"wp:term":[{"taxonomy":"category","embeddable":true,"href":"https:\/\/www.europesays.com\/fi\/wp-json\/wp\/v2\/categories?post=111399"},{"taxonomy":"post_tag","embeddable":true,"href":"https:\/\/www.europesays.com\/fi\/wp-json\/wp\/v2\/tags?post=111399"}],"curies":[{"name":"wp","href":"https:\/\/api.w.org\/{rel}","templated":true}]}}