{"id":111417,"date":"2025-12-09T03:30:11","date_gmt":"2025-12-09T03:30:11","guid":{"rendered":"https:\/\/www.europesays.com\/fi\/111417\/"},"modified":"2025-12-09T03:30:11","modified_gmt":"2025-12-09T03:30:11","slug":"hyvinkaalla-ajoradalta-loytynyt-nainen-on-kuollut-poliisi-epailee-naisen-joutuneen-liikennevahinkoon-uutissuomalainen-2","status":"publish","type":"post","link":"https:\/\/www.europesays.com\/fi\/111417\/","title":{"rendered":"Hyvink\u00e4\u00e4ll\u00e4 ajoradalta l\u00f6ytynyt nainen on kuollut, poliisi ep\u00e4ilee naisen joutuneen liikennevahinkoon | Uutissuomalainen"},"content":{"rendered":"<p>Hyvink\u00e4\u00e4ll\u00e4 varhain torstaina ajoradalta l\u00f6ytynyt nainen on kuollut. Asiasta <a href=\"https:\/\/poliisi.fi\/-\/poliisi-epailee-hyvinkaalla-ajoradalta-loytyneen-naisen-joutuneen-osalliseksi-liikennevahinkoon\" rel=\"nofollow noopener\" target=\"_blank\">kertoi<\/a> It\u00e4-Uudenmaan poliisi maanantaina.<\/p>\n<p>Hyvink\u00e4\u00e4ll\u00e4 Riihim\u00e4enkatu 61:n kohdalta l\u00f6ytyi torstaina aamuy\u00f6st\u00e4 kello kahden aikaan vakavasti loukkaantunut nainen. Poliisi kertoi STT:lle perjantaina, ett\u00e4 nainen oli sairaalahoidossa ja hengenvaarassa.<\/p>\n<p>T\u00e4ll\u00e4 hetkell\u00e4 poliisi ep\u00e4ilee naisen joutuneen osalliseksi liikennevahinkoon. Poliisi kertoi perjantaina, ett\u00e4 asiassa on voinut tapahtua rikos.<\/p>\n<p>Naisella oli p\u00e4\u00e4ll\u00e4\u00e4n ulkoiluvaatteet, reppu sel\u00e4ss\u00e4 ja oletettavasti huppu p\u00e4\u00e4ss\u00e4.<\/p>\n<p>Poliisi pyyt\u00e4\u00e4 yleis\u00f6lt\u00e4 havaintoja naisesta ja kaikkia Riihim\u00e4enkadulla torstaina kello 00.30\u20132.30 liikkuneita ilmoittautumaan poliisille. Vihjeet pyydet\u00e4\u00e4n l\u00e4hett\u00e4m\u00e4\u00e4n s\u00e4hk\u00f6postiosoitteeseen <a href=\"https:\/\/www.ksml.fi\/uutissuomalainen\/mailto:vihjeet.ita-uusimaa@poliisi.fi\" rel=\"nofollow noopener\" target=\"_blank\">vihjeet.ita-uusimaa@poliisi.fi<\/a>.<\/p>\n","protected":false},"excerpt":{"rendered":"Hyvink\u00e4\u00e4ll\u00e4 varhain torstaina ajoradalta l\u00f6ytynyt nainen on kuollut. Asiasta kertoi It\u00e4-Uudenmaan poliisi maanantaina. Hyvink\u00e4\u00e4ll\u00e4 Riihim\u00e4enkatu 61:n kohdalta l\u00f6ytyi&hellip;\n","protected":false},"author":2,"featured_media":111418,"comment_status":"","ping_status":"","sticky":false,"template":"","format":"standard","meta":{"footnotes":""},"categories":[12],"tags":[22,23,26,27,33,31,30,17,403,5201,683,501,24,25,28,29,15,18,21,1791,2461,32,679,19,20,16],"class_list":{"0":"post-111417","1":"post","2":"type-post","3":"status-publish","4":"format-standard","5":"has-post-thumbnail","7":"category-suomi","8":"tag-breaking-news","9":"tag-breakingnews","10":"tag-featured-news","11":"tag-featurednews","12":"tag-fi","13":"tag-finland","14":"tag-finnish","15":"tag-headlines","16":"tag-helsingin-seutu","17":"tag-hyvinkaa","18":"tag-kuolema","19":"tag-laakaripalvelut","20":"tag-latest-news","21":"tag-latestnews","22":"tag-main-news","23":"tag-mainnews","24":"tag-news","25":"tag-otsikot","26":"tag-paauutiset","27":"tag-riihimaki","28":"tag-sairaalat-ja-terveyskeskukset","29":"tag-suomi","30":"tag-terveydenhuollon-toimintalaitokset","31":"tag-top-stories","32":"tag-topstories","33":"tag-uutiset"},"share_on_mastodon":{"url":"https:\/\/pubeurope.com\/@fi\/115687497726194014","error":""},"_links":{"self":[{"href":"https:\/\/www.europesays.com\/fi\/wp-json\/wp\/v2\/posts\/111417","targetHints":{"allow":["GET"]}}],"collection":[{"href":"https:\/\/www.europesays.com\/fi\/wp-json\/wp\/v2\/posts"}],"about":[{"href":"https:\/\/www.europesays.com\/fi\/wp-json\/wp\/v2\/types\/post"}],"author":[{"embeddable":true,"href":"https:\/\/www.europesays.com\/fi\/wp-json\/wp\/v2\/users\/2"}],"replies":[{"embeddable":true,"href":"https:\/\/www.europesays.com\/fi\/wp-json\/wp\/v2\/comments?post=111417"}],"version-history":[{"count":0,"href":"https:\/\/www.europesays.com\/fi\/wp-json\/wp\/v2\/posts\/111417\/revisions"}],"wp:featuredmedia":[{"embeddable":true,"href":"https:\/\/www.europesays.com\/fi\/wp-json\/wp\/v2\/media\/111418"}],"wp:attachment":[{"href":"https:\/\/www.europesays.com\/fi\/wp-json\/wp\/v2\/media?parent=111417"}],"wp:term":[{"taxonomy":"category","embeddable":true,"href":"https:\/\/www.europesays.com\/fi\/wp-json\/wp\/v2\/categories?post=111417"},{"taxonomy":"post_tag","embeddable":true,"href":"https:\/\/www.europesays.com\/fi\/wp-json\/wp\/v2\/tags?post=111417"}],"curies":[{"name":"wp","href":"https:\/\/api.w.org\/{rel}","templated":true}]}}