{"id":111421,"date":"2025-12-09T03:43:16","date_gmt":"2025-12-09T03:43:16","guid":{"rendered":"https:\/\/www.europesays.com\/fi\/111421\/"},"modified":"2025-12-09T03:43:16","modified_gmt":"2025-12-09T03:43:16","slug":"naisystavastaan-eronnut-eino-gron-juhli-linnassa-yksin-loysi-mukavaa-seuraa-kuvat","status":"publish","type":"post","link":"https:\/\/www.europesays.com\/fi\/111421\/","title":{"rendered":"Naisyst\u00e4v\u00e4st\u00e4\u00e4n eronnut Eino Gr\u00f6n juhli Linnassa yksin \u2013 l\u00f6ysi mukavaa seuraa: kuvat"},"content":{"rendered":"<p class=\"has-drop-cap\">Iskelm\u00e4legenda <strong><a href=\"https:\/\/www.tanssiin.fi\/tag\/eino-gron\/\" title=\"eino gr\u00f6n\" rel=\"nofollow noopener\" target=\"_blank\">Eino Gr\u00f6n<\/a><\/strong>, 86, vietti itsen\u00e4isyysp\u00e4iv\u00e4n illan Linnan juhlissa.<\/p>\n<p>Tangotaituri ja monipuolinen tulkitsija muisteli, ett\u00e4 kyseess\u00e4 olivat h\u00e4nen nelj\u00e4nnet juhlansa Presidentinlinnassa.<\/p>\n<p>Eino saapui itsen\u00e4isyysp\u00e4iv\u00e4n juhlavastaanotolle yksin.<\/p>\n<p>Vuonna 2019 julkisuudessa uutisoitiin, ett\u00e4 Einolla on uusi naisyst\u00e4v\u00e4, el\u00e4kkeell\u00e4 oleva kielenopettaja\u00a0<strong>Anneli<\/strong>.<\/p>\n<p>\u201dOlen saanut iloa yksin\u00e4isyyteeni. Hyv\u00e4n naisyst\u00e4v\u00e4n l\u00f6yt\u00e4minen on ollut antoisaa. H\u00e4n on tuonut valoa el\u00e4m\u00e4\u00e4ni ja tukea arkeen. H\u00e4n on suureksi avuksi\u201d, Eino perusteli kohusuhdettaan.<\/p>\n<p><strong>Lue my\u00f6s: <\/strong><a href=\"https:\/\/www.tanssiin.fi\/eino-gron-86-tassa-iassa-laulaminen-on-jo-ihme-suhde-naisystavaan-katkolla\/\" title=\"Eino Gr\u00f6n, 86: \u201dT\u00e4ss\u00e4 i\u00e4ss\u00e4 laulaminen on jo ihme\u201d \u2013 suhde naisyst\u00e4v\u00e4\u00e4n katkolla\" rel=\"nofollow noopener\" target=\"_blank\">Eino Gr\u00f6n, 86: \u201dT\u00e4ss\u00e4 i\u00e4ss\u00e4 laulaminen on jo ihme\u201d \u2013 suhde naisyst\u00e4v\u00e4\u00e4n katkolla<\/a><\/p>\n<p>Einon ja Annelin suhde kuitenkin p\u00e4\u00e4ttyi hyv\u00e4ss\u00e4 yhteisymm\u00e4rryksess\u00e4 viime kev\u00e4\u00e4n\u00e4.<\/p>\n<p>Vaimon poismeno oli Einolle kova paikka<\/p>\n<p>Einon rakas vaimo <strong>Marjatta <\/strong>kuoli 86 vuoden i\u00e4ss\u00e4 viime kes\u00e4kuussa juhannuksen alla 2024 sairastettuaan pitk\u00e4\u00e4n muistisairautta. Vaimo asui vuodesta 2015 espoolaisessa hoivakodissa, miss\u00e4 Gr\u00f6n vieraili viikoittain.<\/p>\n<blockquote>\n<p>\u201dMinulla on yh\u00e4 suruaika\u201d<\/p>\n<p>Eino Gr\u00f6n kev\u00e4\u00e4ll\u00e4 2025<\/p><\/blockquote>\n<p>Heill\u00e4 on yksi vuonna 1962 syntynyt poika\u00a0<strong>Ari<\/strong>.<\/p>\n<p>\u201dMarjatan menehtyminen oli kova juttu minulle\u2026 minulla on yh\u00e4 suruaika. Yrit\u00e4n t\u00e4ydent\u00e4\u00e4 sit\u00e4 tekem\u00e4ll\u00e4 t\u00f6it\u00e4 ja juoksemalla auringon per\u00e4ss\u00e4. Pakko on jotain tehd\u00e4, jotta ne surut ja murheelliset asiat unohtuvat\u201d, Eino kuvaili tuntemuksiaan huhtikuussa 2025 Tanssiin.fi:n haastattelussa.<\/p>\n<p><strong>Lue my\u00f6s:<\/strong>\u00a0<a href=\"https:\/\/www.tanssiin.fi\/eino-gronin-suru-vaimo-menehtyi-86-vuotiaana\/\" target=\"_blank\" rel=\"noreferrer noopener nofollow\">Eino Gr\u00f6nin suru: vaimo menehtyi 86-vuotiaana<\/a><\/p>\n<p>Linnan juhlissa h\u00e4n ei kielt\u00e4ytynyt tanssista.<\/p>\n<p>\u201d Jos siell\u00e4 on tuttu ihminen ilman partneria, miksei silloin voisi menn\u00e4 py\u00f6r\u00e4ht\u00e4m\u00e4\u00e4n parketilla\u201d, Eino suunnitteli <a href=\"https:\/\/www.iltalehti.fi\/viihdeuutiset\/a\/6255c4f9-556d-4a9c-9b70-2373d58a97c0\" title=\"\" rel=\"nofollow noopener\" target=\"_blank\">Iltalehdess\u00e4<\/a>.<\/p>\n<p>Daniel St\u00e5hl ja KAJ p\u00e4\u00e4siv\u00e4t Einon kanssa kuvaan<\/p>\n<p>Gr\u00f6n julkaisi sosiaalisessa mediassa kuvia Linnan juhlistaan.<\/p>\n<p>Eritoten laulaja innostui ruotsalaisesta t\u00e4htiurheilijasta, kiekonheitt\u00e4j\u00e4 <strong>Daniel St\u00e5hlista,<\/strong> 33, joka edusti Linnassa suomalaissytyisen <strong>Taina<\/strong>-\u00e4itins\u00e4 kanssa.<\/p>\n<p>\u201dHienoa oli tavata urheilun suursuosikki Daniel St\u00e5hl\u201d, Eino iloitsi.<\/p>\n<p>\u201dLinnassa tapasin mukavia tuttuja, kiitos presidentille kutsusta.\u201d<\/p>\n<p>H\u00e4n poseerasi my\u00f6s mm. Euroviisuissa Ruotsia edustaneen suomenruotsalaisen KAJ-yhtyeen kanssa.<\/p>\n<p>Daniel St\u00e5hl on ruotsinsuomalainen H\u00e4n on olympiavoittaja, kolminkertainen maailmanmestari sek\u00e4 EM-mitalisti. Viimeisin arvokisavoitto on syyskuulta 2025, kun h\u00e4n vei kultaa Tokion MM-kisojen kiekonheitossa.<\/p>\n<p>Daniel puhuu sujuvasti suomea.<\/p>\n<p>St\u00e5hlin \u00e4iti\u00a0<strong>Taina St\u00e5hl<\/strong>\u00a0(o.s. <strong>Laakso)<\/strong> sai kuulanty\u00f6nn\u00f6ss\u00e4 pronssia\u00a0sis\u00e4ratojen Suomen-mestaruuskilpailuissa 1977. \u00a0Lis\u00e4ksi Taina St\u00e5hl voitti 16-vuotiaiden Suomen mestaruuden kuulanty\u00f6nn\u00f6ss\u00e4 sek\u00e4 kiekonheiton Ruotsin mestaruuden (1987) ja seitsem\u00e4n muuta mitalia Ruotsin mestaruuskilpailuissa. H\u00e4n edusti Ruotsia kahdesti Suomi\u2013Ruotsi-maaottelussa.<\/p>\n<p><strong>Lue my\u00f6s: <\/strong><a href=\"https:\/\/www.tanssiin.fi\/nakokulma-kun-katri-helena-lauloi-suomi-oli-taas-hetken-yhta-oliko-se-viimeinen-kerta\/\" title=\"N\u00e4k\u00f6kulma: Kun Katri Helena lauloi, Suomi oli taas hetken yht\u00e4 \u2013 oliko se viimeinen kerta?\" rel=\"nofollow noopener\" target=\"_blank\">N\u00e4k\u00f6kulma: Kun Katri Helena lauloi, Suomi oli taas hetken yht\u00e4 \u2013 oliko se viimeinen kerta?<\/a><\/p>\n<p>Eino kiert\u00e4\u00e4 joulukonserteissa t\u00e4n\u00e4kin jouluna<\/p>\n<p>Eino Gr\u00f6nin laulajanura alkoi Porissa vuonna 1957 paikallisyhtyeiden solistina. Ensimm\u00e4inen levytys tapahtui 1958, ja l\u00e4pimurto seuraavana vuonna kappaleella\u00a0Liian paljon rahaa.\u00a0<\/p>\n<p>Gr\u00f6nin suosio kasvoi tangolevytyksill\u00e4, kuten\u00a0Seinill\u00e4 on korvat, S\u00e4 kuulut p\u00e4iv\u00e4\u00e4n jokaiseen\u00a0ja\u00a0Illan viimeinen tango, joiden vuoksi h\u00e4nt\u00e4 pidet\u00e4\u00e4n yhten\u00e4 merkitt\u00e4vimmist\u00e4 nykyajan tangotulkitsijoista.<\/p>\n<p>Vaikka ik\u00e4\u00e4 on kohta 90 vuotta, Eino jaksaa yh\u00e4 viihdytt\u00e4\u00e4, laulaa ja k\u00e4yd\u00e4 keikoilla.<\/p>\n<p>Maanantaina 8. joulukuuta Eino laulaa joulukonsertissa Helsingin Lauttasaaren kirkossa klo 17. Maaningan kirkko on vuorossa 15. joulukuuta Kuopiossa.<\/p>\n<p>\u201dJa 12.12. urheiluopistoni naapurissa Nastolan kirkossa.\u201d<\/p>\n<p>Kirjoittanut:<br \/>\n<img loading=\"lazy\" data-lazyloaded=\"1\" width=\"512\" height=\"512\" decoding=\"async\" class=\"aioseo-author-image\" src=\"https:\/\/www.europesays.com\/fi\/wp-content\/uploads\/2025\/10\/cropped-tanssiin-logo.jpg\" alt=\"author avatar\"\/><\/p>\n<p>Tanssiin.fi<\/p>\n<p>\nTanssi- ja iskelm\u00e4musiikin uutiset asiantuntevasti.<\/p>\n<p><img loading=\"lazy\" decoding=\"async\" data-lazyloaded=\"1\" width=\"512\" height=\"512\" class=\"aioseo-author-bio-compact-image\" src=\"https:\/\/www.europesays.com\/fi\/wp-content\/uploads\/2025\/10\/cropped-tanssiin-logo.jpg\" alt=\"author avatar\"\/><br \/>\nTanssi- ja iskelm\u00e4musiikin uutiset asiantuntevasti.<\/p>\n<p>0%<br \/>\nIhana<\/p>\n<p>0%<br \/>\nHauska<\/p>\n<p>0%<br \/>\nVau<\/p>\n<p>0%<br \/>\nSurullinen<\/p>\n<p>100%<br \/>\nVihainen\n<\/p>\n<p>Post navigation<\/p>\n","protected":false},"excerpt":{"rendered":"Iskelm\u00e4legenda Eino Gr\u00f6n, 86, vietti itsen\u00e4isyysp\u00e4iv\u00e4n illan Linnan juhlissa. Tangotaituri ja monipuolinen tulkitsija muisteli, ett\u00e4 kyseess\u00e4 olivat h\u00e4nen&hellip;\n","protected":false},"author":2,"featured_media":111422,"comment_status":"","ping_status":"","sticky":false,"template":"","format":"standard","meta":{"footnotes":""},"categories":[136],"tags":[407,20447,20664,137,33,31,30,18037,15130,408,15905,6383,14062,19920,32,4049,16,109],"class_list":{"0":"post-111421","1":"post","2":"type-post","3":"status-publish","4":"format-standard","5":"has-post-thumbnail","7":"category-julkkikset","8":"tag-celebrities","9":"tag-daniel-stahl","10":"tag-eino-gron","11":"tag-entertainment","12":"tag-fi","13":"tag-finland","14":"tag-finnish","15":"tag-itsenaisyyspaiva","16":"tag-joulukonsertti","17":"tag-julkkikset","18":"tag-kaj","19":"tag-kuvat","20":"tag-linnan-juhlat","21":"tag-naisystava","22":"tag-suomi","23":"tag-tanssitahdet","24":"tag-uutiset","25":"tag-viihde"},"share_on_mastodon":{"url":"https:\/\/pubeurope.com\/@fi\/115687549081460536","error":""},"_links":{"self":[{"href":"https:\/\/www.europesays.com\/fi\/wp-json\/wp\/v2\/posts\/111421","targetHints":{"allow":["GET"]}}],"collection":[{"href":"https:\/\/www.europesays.com\/fi\/wp-json\/wp\/v2\/posts"}],"about":[{"href":"https:\/\/www.europesays.com\/fi\/wp-json\/wp\/v2\/types\/post"}],"author":[{"embeddable":true,"href":"https:\/\/www.europesays.com\/fi\/wp-json\/wp\/v2\/users\/2"}],"replies":[{"embeddable":true,"href":"https:\/\/www.europesays.com\/fi\/wp-json\/wp\/v2\/comments?post=111421"}],"version-history":[{"count":0,"href":"https:\/\/www.europesays.com\/fi\/wp-json\/wp\/v2\/posts\/111421\/revisions"}],"wp:featuredmedia":[{"embeddable":true,"href":"https:\/\/www.europesays.com\/fi\/wp-json\/wp\/v2\/media\/111422"}],"wp:attachment":[{"href":"https:\/\/www.europesays.com\/fi\/wp-json\/wp\/v2\/media?parent=111421"}],"wp:term":[{"taxonomy":"category","embeddable":true,"href":"https:\/\/www.europesays.com\/fi\/wp-json\/wp\/v2\/categories?post=111421"},{"taxonomy":"post_tag","embeddable":true,"href":"https:\/\/www.europesays.com\/fi\/wp-json\/wp\/v2\/tags?post=111421"}],"curies":[{"name":"wp","href":"https:\/\/api.w.org\/{rel}","templated":true}]}}