{"id":111427,"date":"2025-12-09T03:55:12","date_gmt":"2025-12-09T03:55:12","guid":{"rendered":"https:\/\/www.europesays.com\/fi\/111427\/"},"modified":"2025-12-09T03:55:12","modified_gmt":"2025-12-09T03:55:12","slug":"voimakas-maanjaristys-japanissa-varoitus-isoista-tsunamiaalloista","status":"publish","type":"post","link":"https:\/\/www.europesays.com\/fi\/111427\/","title":{"rendered":"Voimakas maanj\u00e4ristys Japanissa \u2013 Varoitus isoista tsunamiaalloista"},"content":{"rendered":"<p>Japanissa on varoitettu jopa kolmimetrisist\u00e4 tsunamiaalloista.<\/p>\n<p><img decoding=\"async\" class=\"image image-show image-preview\" src=\"https:\/\/www.europesays.com\/fi\/wp-content\/uploads\/2025\/12\/68484cbb472f16096e0fa0d127f52ffd3e67451011884d9ae48d5d82bd02ae88.jpg\" alt=\"\"\/><img decoding=\"async\" class=\"image image-show\" src=\"https:\/\/www.europesays.com\/fi\/wp-content\/uploads\/2025\/12\/1765252512_835_68484cbb472f16096e0fa0d127f52ffd3e67451011884d9ae48d5d82bd02ae88.jpg\" alt=\"\"\/><\/p>\n<p>Noin 80 kilometri\u00e4 Japanin koillisrannikosta on tapahtunut voimakas maanj\u00e4ristys. Kuvituskuva. EPA\/AOP<\/p>\n<p class=\"paragraph\">Japanissa on tapahtunut voimakas maanj\u00e4ristys, uutistoimisto Reuters kertoo.<\/p>\n<p class=\"paragraph\">J\u00e4ristyksen voimakkuudeksi on mitattu 7,9 ja sen keskus oli noin 80 kilometrin p\u00e4\u00e4ss\u00e4 Japanin Aomorin prefektuurin rannikosta. J\u00e4ristys tapahtui noin 50 kilometrin syvyydess\u00e4.<\/p>\n<p class=\"paragraph\">Japanin meteorologian virasto on antanut varoituksen tsunamista, jonka aallot voivat iske\u00e4 jopa kolmimetrisin\u00e4 Japanin koillisrannikolle.<\/p>\n<p class=\"paragraph\">\u2013 On mahdollisuus, ett\u00e4 lis\u00e4\u00e4 voimakkaampia ja ankarampia maanj\u00e4ristyksi\u00e4 tapahtuu tulevina p\u00e4ivin\u00e4, virasto varoittaa.<\/p>\n<p class=\"paragraph\">Tyynenmeren tsunamivaroituskeskus (PTWC) on antanut varoitukset vaarallisista tsunamiaalloista 1 000 kilometrin s\u00e4teelle j\u00e4ristyksen keskuksesta. Varoitus koskee sen mukaan erityisesti Japanissa Hokkaidon, Aomorin ja Iwaten prefektuureja sek\u00e4 Ven\u00e4j\u00e4\u00e4.<\/p>\n<p class=\"paragraph\">Uutistoimisto Reuters ei toistaiseksi ole kertonut mahdollisista henkil\u00f6vahingoista tai aineellisista vahingoista.<\/p>\n<p class=\"paragraph\">Japanin p\u00e4\u00e4ministeri <a href=\"https:\/\/www.iltalehti.fi\/henkilot\/Sanae Takaichi\" class=\"article-link-person-page\" rel=\"nofollow noopener\" target=\"_blank\">Sanae Takaichi<\/a> ilmoittaa, ett\u00e4 maan hallinto tekee kaiken voitavansa ihmisten auttamiseksi ja ryhtyy h\u00e4t\u00e4tilan mukaisiin toimiin ihmisten auttamiseksi ja pelastamiseksi.<\/p>\n<p>Tyynenmeren tsunamivaroituskeskus (PTWC) on antanut varoitukset vaarallisista tsunamiaalloista 1 000 kilometrin s\u00e4teelle j\u00e4ristyksen keskuksesta. EPA\/AOP<\/p>\n<p class=\"paragraph\">Japani sijaitsee Tyynenmeren tulirenkaan vy\u00f6hykkeell\u00e4, jolla tapahtuu noin 90 prosenttia maailman maanj\u00e4ristyksist\u00e4. Reutersin mukaan Japanissa tapahtuu noin 20 prosenttia kaikista maailman yli 6 magnitudin maanj\u00e4ristyksist\u00e4.<\/p>\n<p class=\"paragraph\">Vuonna 2011 samaisella Japanin koillisalueella koettiin tuhoisa maanj\u00e4ristys, jonka voimakkuudeksi mitattiin 9.0. Se on Japanin historian voimakkain j\u00e4ristys, jossa kuoli l\u00e4hes 20 000 ihmist\u00e4.<\/p>\n<p class=\"paragraph\">Tuolloin maanj\u00e4ristys ja sit\u00e4 seurannut tsunami aiheuttivat vaurioita my\u00f6s Fukushiman ydinvoimalassa, joka j\u00e4i yli viikoksi ilman s\u00e4hk\u00f6\u00e4. Laitoksen j\u00e4\u00e4hdytysj\u00e4rjestelm\u00e4t pys\u00e4htyiv\u00e4t ja kolmen reaktorin ytimet p\u00e4\u00e4siv\u00e4t sulivat. Kyseess\u00e4 on maailman pahin ydinonnettomuus T\u0161ernobylin ydinvoimalaonnettomuuden j\u00e4lkeen.<\/p>\n","protected":false},"excerpt":{"rendered":"Japanissa on varoitettu jopa kolmimetrisist\u00e4 tsunamiaalloista. Noin 80 kilometri\u00e4 Japanin koillisrannikosta on tapahtunut voimakas maanj\u00e4ristys. Kuvituskuva. EPA\/AOP Japanissa&hellip;\n","protected":false},"author":2,"featured_media":111428,"comment_status":"","ping_status":"","sticky":false,"template":"","format":"standard","meta":{"footnotes":""},"categories":[14],"tags":[35,22,23,26,27,33,31,30,17,24,25,720,72,28,29,15,120,18,21,32,78,538,19,20,56,16,59,60,61,534],"class_list":{"0":"post-111427","1":"post","2":"type-post","3":"status-publish","4":"format-standard","5":"has-post-thumbnail","7":"category-ulkomaat","8":"tag-24h","9":"tag-breaking-news","10":"tag-breakingnews","11":"tag-featured-news","12":"tag-featurednews","13":"tag-fi","14":"tag-finland","15":"tag-finnish","16":"tag-headlines","17":"tag-latest-news","18":"tag-latestnews","19":"tag-liiketoiminta-ja-rahoitus","20":"tag-luonto","21":"tag-main-news","22":"tag-mainnews","23":"tag-news","24":"tag-onnettomuustapaus","25":"tag-otsikot","26":"tag-paauutiset","27":"tag-suomi","28":"tag-talous","29":"tag-tiede-ja-tekniikka","30":"tag-top-stories","31":"tag-topstories","32":"tag-ulkomaat","33":"tag-uutiset","34":"tag-world","35":"tag-world-news","36":"tag-worldnews","37":"tag-ymparisto-ja-luonto"},"share_on_mastodon":{"url":"https:\/\/pubeurope.com\/@fi\/115687596145592912","error":""},"_links":{"self":[{"href":"https:\/\/www.europesays.com\/fi\/wp-json\/wp\/v2\/posts\/111427","targetHints":{"allow":["GET"]}}],"collection":[{"href":"https:\/\/www.europesays.com\/fi\/wp-json\/wp\/v2\/posts"}],"about":[{"href":"https:\/\/www.europesays.com\/fi\/wp-json\/wp\/v2\/types\/post"}],"author":[{"embeddable":true,"href":"https:\/\/www.europesays.com\/fi\/wp-json\/wp\/v2\/users\/2"}],"replies":[{"embeddable":true,"href":"https:\/\/www.europesays.com\/fi\/wp-json\/wp\/v2\/comments?post=111427"}],"version-history":[{"count":0,"href":"https:\/\/www.europesays.com\/fi\/wp-json\/wp\/v2\/posts\/111427\/revisions"}],"wp:featuredmedia":[{"embeddable":true,"href":"https:\/\/www.europesays.com\/fi\/wp-json\/wp\/v2\/media\/111428"}],"wp:attachment":[{"href":"https:\/\/www.europesays.com\/fi\/wp-json\/wp\/v2\/media?parent=111427"}],"wp:term":[{"taxonomy":"category","embeddable":true,"href":"https:\/\/www.europesays.com\/fi\/wp-json\/wp\/v2\/categories?post=111427"},{"taxonomy":"post_tag","embeddable":true,"href":"https:\/\/www.europesays.com\/fi\/wp-json\/wp\/v2\/tags?post=111427"}],"curies":[{"name":"wp","href":"https:\/\/api.w.org\/{rel}","templated":true}]}}