{"id":111501,"date":"2025-12-09T05:54:11","date_gmt":"2025-12-09T05:54:11","guid":{"rendered":"https:\/\/www.europesays.com\/fi\/111501\/"},"modified":"2025-12-09T05:54:11","modified_gmt":"2025-12-09T05:54:11","slug":"ruotsin-hiihtotahti-osti-elainta-esittavan-patsaan-lehti-paljasti-hinnan","status":"publish","type":"post","link":"https:\/\/www.europesays.com\/fi\/111501\/","title":{"rendered":"Ruotsin hiihtot\u00e4hti osti el\u00e4int\u00e4 esitt\u00e4v\u00e4n patsaan \u2013 Lehti paljasti hinnan"},"content":{"rendered":"<p>Ebba Andersson sijoitti taiteeseen. <\/p>\n<p class=\"paragraph\">Ruotsin hiihtot\u00e4hti <strong>Ebba Andersson<\/strong> voitti huutokaupan arvokkaasta patsaasta, <a href=\"https:\/\/www.aftonbladet.se\/sportbladet\/a\/3pjpVA\/ebba-andersson-kopte-groda-jag-budade-ner-alla\" target=\"_blank\" rel=\"noopener nofollow\">kertoo<\/a> Aftonbladet.<\/p>\n<p class=\"paragraph\">Metrin leve\u00e4 ja 25 kilon painoinen patsas esitt\u00e4\u00e4 ilmaan hypp\u00e4\u00e4v\u00e4\u00e4 sammakkoa.<\/p>\n<p class=\"paragraph\">Aftonbladetin mukaan muutkin Ruotsin maajoukkuehiiht\u00e4j\u00e4t tekiv\u00e4t siit\u00e4 tarjouksia.<\/p>\n<p class=\"paragraph\">Lehden tietojen mukaan Anderssonin voittohuuto oli 15 000 Ruotsin kruunun tiet\u00e4mill\u00e4. Summa on noin 1360 euroa.<\/p>\n<p class=\"paragraph\">\u2013 En halua vahvistaa tai kiist\u00e4\u00e4 sit\u00e4. En ole edes uskaltanut kertoa Gustafille, Andersson viittasi hiiht\u00e4j\u00e4puolisoonsa <strong>Gustaf Berglundiin<\/strong>.<\/p>\n<p>Poikayst\u00e4v\u00e4 ei ilahtunut<\/p>\n<p class=\"paragraph\">Berglund on toki jo saanut tiedon persoonallisesta hankinnasta ja my\u00f6nsi, ettei ole siit\u00e4 kovin innoissaan.<\/p>\n<p class=\"paragraph\">\u2013 Ei, ei, ei. Se ei tule toimimaan. Seh\u00e4n t\u00e4ytt\u00e4\u00e4 koko puutarhan, mies voivotteli SVT:lle.<\/p>\n<p class=\"paragraph\">Sammakon sijoituspaikka on viel\u00e4 p\u00e4\u00e4tt\u00e4m\u00e4tt\u00e4. Aluksi Andersson mietti sit\u00e4 pihalle, mutta nyt naisen on mieli on alkanut muuttua.<\/p>\n<p class=\"paragraph\">\u2013 Olen ajatellut tuoda sen sis\u00e4\u00e4n.<\/p>\n<p class=\"paragraph\">Ruotsin olympialaisten kultamitalitoivoihin lukeutuva Andersson otti sunnuntaina kauden ensimm\u00e4isen voittonsa maailmancupissa. H\u00e4n oli ykk\u00f6nen Trondheimin 10 kilometrin vapaan hiihtotavan kilpailussa.<\/p>\n<p><img decoding=\"async\" class=\"image image-show image-preview\" src=\"https:\/\/www.europesays.com\/fi\/wp-content\/uploads\/2025\/12\/84163bef065218f295bff07cf5ddc5acb8ca2ff50341020a24487f37ab5e9056.jpg\" alt=\"\"\/><img decoding=\"async\" class=\"image image-show\" src=\"https:\/\/www.europesays.com\/fi\/wp-content\/uploads\/2025\/12\/1765259649_334_84163bef065218f295bff07cf5ddc5acb8ca2ff50341020a24487f37ab5e9056.jpg\" alt=\"\"\/><\/p>\n<p>Ebba Andersson osti sammakkopatsaan.  Pasi Liesimaa<\/p>\n<p><a href=\"https:\/\/www.iltalehti.fi\/telkku\/?utm_source=iltalehti.fi&amp;utm_medium=almainternal&amp;utm_campaign=urheilu_artikkelibanneri&amp;utm_content=banner_612_a\" rel=\"nofollow noopener\" target=\"_blank\"><img decoding=\"async\" src=\"https:\/\/www.europesays.com\/fi\/wp-content\/uploads\/2025\/08\/7ef604e47d46ca174b7df4149bd3557dbde56a86d520f8e1b2125548b0a2e03a.png\" alt=\"TV-ohjelmat t\u00e4n\u00e4\u00e4n, TV-opas\"\/><\/a><\/p>\n","protected":false},"excerpt":{"rendered":"Ebba Andersson sijoitti taiteeseen. Ruotsin hiihtot\u00e4hti Ebba Andersson voitti huutokaupan arvokkaasta patsaasta, kertoo Aftonbladet. Metrin leve\u00e4 ja 25&hellip;\n","protected":false},"author":2,"featured_media":111502,"comment_status":"","ping_status":"","sticky":false,"template":"","format":"standard","meta":{"footnotes":""},"categories":[135],"tags":[35,389,387,388,390,137,33,31,30,2096,41,3318,2668,32,394,393,391,392,161,109],"class_list":{"0":"post-111501","1":"post","2":"type-post","3":"status-publish","4":"format-standard","5":"has-post-thumbnail","7":"category-taiteet-ja-suunnittelu","8":"tag-24h","9":"tag-arts","10":"tag-arts-and-design","11":"tag-artsanddesign","12":"tag-design","13":"tag-entertainment","14":"tag-fi","15":"tag-finland","16":"tag-finnish","17":"tag-hiihtolajit","18":"tag-liikunta-ja-urheilu","19":"tag-maastohiihto","20":"tag-pohjoismaiset-hiihtolajit","21":"tag-suomi","22":"tag-suunnittelu","23":"tag-taiteet","24":"tag-taiteet-ja-suunnittelu","25":"tag-taiteetsuunnittelu","26":"tag-urheilutapahtumat","27":"tag-viihde"},"share_on_mastodon":{"url":"https:\/\/pubeurope.com\/@fi\/115688063892408885","error":""},"_links":{"self":[{"href":"https:\/\/www.europesays.com\/fi\/wp-json\/wp\/v2\/posts\/111501","targetHints":{"allow":["GET"]}}],"collection":[{"href":"https:\/\/www.europesays.com\/fi\/wp-json\/wp\/v2\/posts"}],"about":[{"href":"https:\/\/www.europesays.com\/fi\/wp-json\/wp\/v2\/types\/post"}],"author":[{"embeddable":true,"href":"https:\/\/www.europesays.com\/fi\/wp-json\/wp\/v2\/users\/2"}],"replies":[{"embeddable":true,"href":"https:\/\/www.europesays.com\/fi\/wp-json\/wp\/v2\/comments?post=111501"}],"version-history":[{"count":0,"href":"https:\/\/www.europesays.com\/fi\/wp-json\/wp\/v2\/posts\/111501\/revisions"}],"wp:featuredmedia":[{"embeddable":true,"href":"https:\/\/www.europesays.com\/fi\/wp-json\/wp\/v2\/media\/111502"}],"wp:attachment":[{"href":"https:\/\/www.europesays.com\/fi\/wp-json\/wp\/v2\/media?parent=111501"}],"wp:term":[{"taxonomy":"category","embeddable":true,"href":"https:\/\/www.europesays.com\/fi\/wp-json\/wp\/v2\/categories?post=111501"},{"taxonomy":"post_tag","embeddable":true,"href":"https:\/\/www.europesays.com\/fi\/wp-json\/wp\/v2\/tags?post=111501"}],"curies":[{"name":"wp","href":"https:\/\/api.w.org\/{rel}","templated":true}]}}