{"id":111510,"date":"2025-12-09T06:05:09","date_gmt":"2025-12-09T06:05:09","guid":{"rendered":"https:\/\/www.europesays.com\/fi\/111510\/"},"modified":"2025-12-09T06:05:09","modified_gmt":"2025-12-09T06:05:09","slug":"kymmenia-loukkaantui-pohjois-japanin-maanjaristyksessa-uutisia-lyhyesti","status":"publish","type":"post","link":"https:\/\/www.europesays.com\/fi\/111510\/","title":{"rendered":"Kymmeni\u00e4 loukkaantui Pohjois-Japanin maanj\u00e4ristyksess\u00e4 | Uutisia lyhyesti"},"content":{"rendered":"<p class=\"aw-1gybjub aw-5vja16 kEtdKx kmuxyA yle__article__paragraph\">Tuhansia kotitalouksia j\u00e4i ilman s\u00e4hk\u00f6j\u00e4 j\u00e4ristyksen j\u00e4lkeen. Tiistaiaamuun menness\u00e4 s\u00e4hk\u00f6t oli kuitenkin saatu palautettua useimmilla alueilla.<\/p>\n<p><img decoding=\"async\" alt=\"Japanissa annettiin tsunamivaroitus maanj\u00e4ristyksen j\u00e4lkeen.\" src=\"https:\/\/www.europesays.com\/fi\/wp-content\/uploads\/2025\/12\/39-156655069379155bd257.jpeg\" class=\"aw-1l9m598 hKVVvP\"\/><\/p>\n<p>Avaa kuvien katselu<\/p>\n<p>Japanissa annettiin maanantaina tsunamivaroitus. Kuva: Greg Baker \/ AFP<\/p>\n<p class=\"aw-1gybjub aw-1p7kakr kEtdKx cEmitX yle__article__paragraph\">Japanissa ainakin 30 ihmist\u00e4 on loukkaantunut maan pohjoisosaan maanantaina iskeneess\u00e4 maanj\u00e4ristyksess\u00e4, kertoo p\u00e4\u00e4ministeri <strong class=\"aw-ak79eh KyCXm yle__article__strong\">Sanae Takaichi<\/strong>.<\/p>\n<p class=\"aw-1gybjub aw-1p7kakr kEtdKx cEmitX yle__article__paragraph\">Maanj\u00e4ristyksen voimakkuus oli 7,5. Kymmeni\u00e4tuhansia ihmisi\u00e4 kehotettiin siirtym\u00e4\u00e4n turvaan, ja paikallismedian mukaan osa suojapaikoista oli t\u00e4ynn\u00e4.<\/p>\n<p class=\"aw-1gybjub aw-1p7kakr kEtdKx cEmitX yle__article__paragraph\">Tuhansia kotitalouksia j\u00e4i ilman s\u00e4hk\u00f6j\u00e4 j\u00e4ristyksen j\u00e4lkeen. Tiistaiaamuun menness\u00e4 s\u00e4hk\u00f6t oli kuitenkin saatu palautettua useimmilla alueilla.<\/p>\n<p class=\"aw-1gybjub aw-1p7kakr kEtdKx cEmitX yle__article__paragraph\">Maanj\u00e4ristys sai aikaan tsunamiaaltoja, jotka nousivat korkeimmillaan 70 senttimetriin. Tsunamivaroitus poistettiin tiistaina aamuy\u00f6ll\u00e4 paikallista aikaa.<\/p>\n","protected":false},"excerpt":{"rendered":"Tuhansia kotitalouksia j\u00e4i ilman s\u00e4hk\u00f6j\u00e4 j\u00e4ristyksen j\u00e4lkeen. Tiistaiaamuun menness\u00e4 s\u00e4hk\u00f6t oli kuitenkin saatu palautettua useimmilla alueilla. Avaa kuvien&hellip;\n","protected":false},"author":2,"featured_media":111511,"comment_status":"","ping_status":"","sticky":false,"template":"","format":"standard","meta":{"footnotes":""},"categories":[14],"tags":[22,23,26,27,33,31,30,17,1343,24,25,4074,72,74,28,29,15,18,21,32,19,20,56,16,59,60,61],"class_list":{"0":"post-111510","1":"post","2":"type-post","3":"status-publish","4":"format-standard","5":"has-post-thumbnail","7":"category-ulkomaat","8":"tag-breaking-news","9":"tag-breakingnews","10":"tag-featured-news","11":"tag-featurednews","12":"tag-fi","13":"tag-finland","14":"tag-finnish","15":"tag-headlines","16":"tag-japani","17":"tag-latest-news","18":"tag-latestnews","19":"tag-luonnononnettomuudet","20":"tag-luonto","21":"tag-maanjaristykset","22":"tag-main-news","23":"tag-mainnews","24":"tag-news","25":"tag-otsikot","26":"tag-paauutiset","27":"tag-suomi","28":"tag-top-stories","29":"tag-topstories","30":"tag-ulkomaat","31":"tag-uutiset","32":"tag-world","33":"tag-world-news","34":"tag-worldnews"},"share_on_mastodon":{"url":"https:\/\/pubeurope.com\/@fi\/115688107244109554","error":""},"_links":{"self":[{"href":"https:\/\/www.europesays.com\/fi\/wp-json\/wp\/v2\/posts\/111510","targetHints":{"allow":["GET"]}}],"collection":[{"href":"https:\/\/www.europesays.com\/fi\/wp-json\/wp\/v2\/posts"}],"about":[{"href":"https:\/\/www.europesays.com\/fi\/wp-json\/wp\/v2\/types\/post"}],"author":[{"embeddable":true,"href":"https:\/\/www.europesays.com\/fi\/wp-json\/wp\/v2\/users\/2"}],"replies":[{"embeddable":true,"href":"https:\/\/www.europesays.com\/fi\/wp-json\/wp\/v2\/comments?post=111510"}],"version-history":[{"count":0,"href":"https:\/\/www.europesays.com\/fi\/wp-json\/wp\/v2\/posts\/111510\/revisions"}],"wp:featuredmedia":[{"embeddable":true,"href":"https:\/\/www.europesays.com\/fi\/wp-json\/wp\/v2\/media\/111511"}],"wp:attachment":[{"href":"https:\/\/www.europesays.com\/fi\/wp-json\/wp\/v2\/media?parent=111510"}],"wp:term":[{"taxonomy":"category","embeddable":true,"href":"https:\/\/www.europesays.com\/fi\/wp-json\/wp\/v2\/categories?post=111510"},{"taxonomy":"post_tag","embeddable":true,"href":"https:\/\/www.europesays.com\/fi\/wp-json\/wp\/v2\/tags?post=111510"}],"curies":[{"name":"wp","href":"https:\/\/api.w.org\/{rel}","templated":true}]}}